{"id":7608,"date":"2021-11-15T06:00:00","date_gmt":"2021-11-15T05:00:00","guid":{"rendered":"https:\/\/profesordefrancesenmadrid.com\/?p=7608"},"modified":"2021-11-13T15:20:45","modified_gmt":"2021-11-13T14:20:45","slug":"el-escritor-y-aventurero-sylvain-tesson-en-madrid-este-miercoles","status":"publish","type":"post","link":"https:\/\/profesordefrancesenmadrid.com\/index.php\/2021\/11\/15\/el-escritor-y-aventurero-sylvain-tesson-en-madrid-este-miercoles\/","title":{"rendered":"El escritor y aventurero Sylvain Tesson en Madrid este Mi\u00e9rcoles"},"content":{"rendered":"<p><strong>Sylvain Tesson<\/strong>, escritor y aventurero, presentar\u00e1 su libro &#8220;<a href=\"https:\/\/elpais.com\/cultura\/2021-03-19\/sylvain-tesson-el-escritor-que-atrapo-con-palabras-al-leopardo-de-las-nieves.html\" target=\"_blank\" rel=\"noopener\"><strong>El Leopardo de las Nieves<\/strong><\/a>&#8221; en el <strong>Teatro del Institut fran\u00e7ais de Madrid<\/strong>.<\/p>\n\n\n<div class=\"wp-block-image\"><figure class=\"aligncenter size-large is-resized\"><img data-recalc-dims=\"1\" loading=\"lazy\" decoding=\"async\" src=\"https:\/\/i0.wp.com\/profesordefrancesenmadrid.com\/wp-content\/uploads\/2021\/11\/Sylvain-Tesson-1.jpg?resize=320%2C512&#038;ssl=1\" alt=\"Sylvain Tesson\" class=\"wp-image-7609\" width=\"320\" height=\"512\" srcset=\"https:\/\/i0.wp.com\/profesordefrancesenmadrid.com\/wp-content\/uploads\/2021\/11\/Sylvain-Tesson-1.jpg?resize=640%2C1024&amp;ssl=1 640w, https:\/\/i0.wp.com\/profesordefrancesenmadrid.com\/wp-content\/uploads\/2021\/11\/Sylvain-Tesson-1.jpg?resize=188%2C300&amp;ssl=1 188w, https:\/\/i0.wp.com\/profesordefrancesenmadrid.com\/wp-content\/uploads\/2021\/11\/Sylvain-Tesson-1.jpg?resize=768%2C1229&amp;ssl=1 768w, https:\/\/i0.wp.com\/profesordefrancesenmadrid.com\/wp-content\/uploads\/2021\/11\/Sylvain-Tesson-1.jpg?resize=960%2C1536&amp;ssl=1 960w, https:\/\/i0.wp.com\/profesordefrancesenmadrid.com\/wp-content\/uploads\/2021\/11\/Sylvain-Tesson-1.jpg?resize=1280%2C2048&amp;ssl=1 1280w, https:\/\/i0.wp.com\/profesordefrancesenmadrid.com\/wp-content\/uploads\/2021\/11\/Sylvain-Tesson-1.jpg?resize=1320%2C2112&amp;ssl=1 1320w, https:\/\/i0.wp.com\/profesordefrancesenmadrid.com\/wp-content\/uploads\/2021\/11\/Sylvain-Tesson-1.jpg?w=1600&amp;ssl=1 1600w\" sizes=\"auto, (max-width: 320px) 100vw, 320px\" \/><\/figure><\/div>\n\n\n<p><strong>Sylvain Tesson<\/strong> (<strong>Par\u00eds<\/strong>, 1972) es un escritor y aventurero, el viajero por excelencia.<br>Famoso por sus libros de viajes, ha pasado m\u00e1s de dos d\u00e9cadas recorriendo el planeta, en las que ha dado la vuelta al mundo en bicicleta, ha atravesado las estepas de <strong>Asia Central<\/strong> a caballo y cruzado el <strong>Himalaya<\/strong> a pie. Sus relatos de viaje y libros de reflexiones han sido galardonados por numerosos premios literarios: <strong>Premio Goncourt del Relato corto de la Acad\u00e9mie Fran\u00e7aise<\/strong> en 2009, <strong>Premio M\u00e9dicis de Ensayo<\/strong> en 2011, <strong>Premio Renaudot<\/strong> en 2019.<\/p>\n<p><\/p>\n\n\n<div class=\"wp-block-image\"><figure class=\"aligncenter size-full is-resized\"><img data-recalc-dims=\"1\" loading=\"lazy\" decoding=\"async\" src=\"https:\/\/i0.wp.com\/profesordefrancesenmadrid.com\/wp-content\/uploads\/2021\/11\/Sylvain-Tesson-2.jpg?resize=410%2C450&#038;ssl=1\" alt=\"Sylvain Tesson\" class=\"wp-image-7610\" width=\"410\" height=\"450\" srcset=\"https:\/\/i0.wp.com\/profesordefrancesenmadrid.com\/wp-content\/uploads\/2021\/11\/Sylvain-Tesson-2.jpg?w=819&amp;ssl=1 819w, https:\/\/i0.wp.com\/profesordefrancesenmadrid.com\/wp-content\/uploads\/2021\/11\/Sylvain-Tesson-2.jpg?resize=273%2C300&amp;ssl=1 273w, https:\/\/i0.wp.com\/profesordefrancesenmadrid.com\/wp-content\/uploads\/2021\/11\/Sylvain-Tesson-2.jpg?resize=768%2C844&amp;ssl=1 768w\" sizes=\"auto, (max-width: 410px) 100vw, 410px\" \/><figcaption><strong>Sylvain Tesson<\/strong><\/figcaption><\/figure><\/div>\n\n\n\n<hr class=\"wp-block-separator\"\/>\n\n\n<p><strong>Presentaci\u00f3n &#8220;El Leopardo de las nieves&#8221;, con Sylvain Tesson<\/strong><br><strong>En franc\u00e9s y castellano con traducci\u00f3n simult\u00e1nea<\/strong><br><strong>Teatro del Institut fran\u00e7ais de Madrid<\/strong><br><a href=\"https:\/\/www.google.com\/maps\/place\/Calle+del+Marqu%C3%A9s+de+la+Ensenada,+10,+28004+Madrid\/@40.4246077,-3.6960374,16z\/data=!4m5!3m4!1s0xd4228901923fc09:0xe3e0c70e7aa91c2a!8m2!3d40.4245587!4d-3.6923467\" target=\"_blank\" rel=\"noopener\"><strong>\u2192 Calle del Marqu\u00e9s de la Ensenada, 10<\/strong><\/a><br><strong>Mi\u00e9rcoles 17 de noviembre 2021<\/strong><br><strong>19h30<\/strong><br><strong>Aforo limitado \u2013 Gratuito con reserva imprescindible<\/strong><br><a href=\"https:\/\/www.eventbrite.com\/e\/entradas-presentacion-de-libro-el-leopardo-de-las-nieves-con-sylvain-tesson-203966488257?aff=affiliate1\" target=\"_blank\" rel=\"noopener\"><strong>\u2192 Reservar<\/strong><\/a><br><strong>En franc\u00e9s y castellano con traducci\u00f3n simult\u00e1nea<\/strong><\/p>\n\n\n<hr class=\"wp-block-separator\"\/>\n\n\n<h3 style=\"text-align: center;\"><a href=\"https:\/\/profesordefrancesenmadrid.com\/index.php\/category\/cultura-francesa-en-madrid\/litterature\/\" target=\"_blank\" rel=\"noopener\"><strong>+ de Litt\u00e9rature<\/strong><\/a><\/h3>\n\n\n<hr class=\"wp-block-separator\"\/>\n\n\n<h3 style=\"text-align: center;\"><a href=\"https:\/\/profesordefrancesenmadrid.com\/index.php\/cultura-francesa-en-madrid\/\" target=\"_blank\" rel=\"noopener\"><strong>+ de Cultura francesa<\/strong><\/a><\/h3>","protected":false},"excerpt":{"rendered":"<p>Sylvain Tesson, escritor y aventurero, presentar&aacute; su libro &ldquo;El Leopardo de las Nieves&rdquo; en el Teatro del Institut fran&ccedil;ais de Madrid. Sylvain Tesson (Par&iacute;s, 1972) es un escritor y aventurero, el viajero por excelencia.Famoso por sus libros de viajes, ha pasado m&aacute;s de dos d&eacute;cadas recorriendo el planeta, en las&#8230;<\/p>\n","protected":false},"author":3,"featured_media":7611,"comment_status":"open","ping_status":"open","sticky":false,"template":"","format":"standard","meta":{"_jetpack_memberships_contains_paid_content":false,"footnotes":"","jetpack_publicize_message":"","jetpack_publicize_feature_enabled":true,"jetpack_social_post_already_shared":false,"jetpack_social_options":{"image_generator_settings":{"template":"highway","default_image_id":0,"font":"","enabled":false},"version":2}},"categories":[23,68],"tags":[],"class_list":["post-7608","post","type-post","status-publish","format-standard","has-post-thumbnail","hentry","category-cultura-francesa-en-madrid","category-litterature"],"yoast_head":"<!-- This site is optimized with the Yoast SEO plugin v27.5 - https:\/\/yoast.com\/product\/yoast-seo-wordpress\/ -->\n<title>El escritor y aventurero Sylvain Tesson en Madrid este Mi\u00e9rcoles - Ludovic Pedrocchi - profesordefrancesenmadrid.com<\/title>\n<meta name=\"description\" content=\"Sylvain Tesson, escritor y aventurero, presentar\u00e1 su libro &quot;El Leopardo de las Nieves&quot; en el Teatro del Institut fran\u00e7ais de Madrid.\" \/>\n<meta name=\"robots\" content=\"index, follow, max-snippet:-1, max-image-preview:large, max-video-preview:-1\" \/>\n<link rel=\"canonical\" href=\"https:\/\/profesordefrancesenmadrid.com\/index.php\/2021\/11\/15\/el-escritor-y-aventurero-sylvain-tesson-en-madrid-este-miercoles\/\" \/>\n<meta property=\"og:locale\" content=\"es_ES\" \/>\n<meta property=\"og:type\" content=\"article\" \/>\n<meta property=\"og:title\" content=\"El escritor y aventurero Sylvain Tesson en Madrid este Mi\u00e9rcoles - Ludovic Pedrocchi - profesordefrancesenmadrid.com\" \/>\n<meta property=\"og:description\" content=\"Sylvain Tesson, escritor y aventurero, presentar\u00e1 su libro &quot;El Leopardo de las Nieves&quot; en el Teatro del Institut fran\u00e7ais de Madrid.\" \/>\n<meta property=\"og:url\" content=\"https:\/\/profesordefrancesenmadrid.com\/index.php\/2021\/11\/15\/el-escritor-y-aventurero-sylvain-tesson-en-madrid-este-miercoles\/\" \/>\n<meta property=\"og:site_name\" content=\"Ludovic Pedrocchi\" \/>\n<meta property=\"article:publisher\" content=\"https:\/\/www.facebook.com\/profesordefrancesenmadrid\" \/>\n<meta property=\"article:published_time\" content=\"2021-11-15T05:00:00+00:00\" \/>\n<meta property=\"og:image\" content=\"https:\/\/i0.wp.com\/profesordefrancesenmadrid.com\/wp-content\/uploads\/2021\/11\/Sylvain-Tesson.png?fit=1024%2C576&ssl=1\" \/>\n\t<meta property=\"og:image:width\" content=\"1024\" \/>\n\t<meta property=\"og:image:height\" content=\"576\" \/>\n\t<meta property=\"og:image:type\" content=\"image\/png\" \/>\n<meta name=\"author\" content=\"Ludovic Pedrocchi\" \/>\n<meta name=\"twitter:card\" content=\"summary_large_image\" \/>\n<meta name=\"twitter:creator\" content=\"@ldpedrocchi\" \/>\n<meta name=\"twitter:site\" content=\"@ldpedrocchi\" \/>\n<meta name=\"twitter:label1\" content=\"Escrito por\" \/>\n\t<meta name=\"twitter:data1\" content=\"Ludovic Pedrocchi\" \/>\n\t<meta name=\"twitter:label2\" content=\"Tiempo de lectura\" \/>\n\t<meta name=\"twitter:data2\" content=\"2 minutos\" \/>\n<script type=\"application\/ld+json\" class=\"yoast-schema-graph\">{\"@context\":\"https:\\\/\\\/schema.org\",\"@graph\":[{\"@type\":\"Article\",\"@id\":\"https:\\\/\\\/profesordefrancesenmadrid.com\\\/index.php\\\/2021\\\/11\\\/15\\\/el-escritor-y-aventurero-sylvain-tesson-en-madrid-este-miercoles\\\/#article\",\"isPartOf\":{\"@id\":\"https:\\\/\\\/profesordefrancesenmadrid.com\\\/index.php\\\/2021\\\/11\\\/15\\\/el-escritor-y-aventurero-sylvain-tesson-en-madrid-este-miercoles\\\/\"},\"author\":{\"name\":\"Ludovic Pedrocchi\",\"@id\":\"https:\\\/\\\/profesordefrancesenmadrid.com\\\/#\\\/schema\\\/person\\\/0a1adb2c1b651c291c5cbaa79681b408\"},\"headline\":\"El escritor y aventurero Sylvain Tesson en Madrid este Mi\u00e9rcoles\",\"datePublished\":\"2021-11-15T05:00:00+00:00\",\"mainEntityOfPage\":{\"@id\":\"https:\\\/\\\/profesordefrancesenmadrid.com\\\/index.php\\\/2021\\\/11\\\/15\\\/el-escritor-y-aventurero-sylvain-tesson-en-madrid-este-miercoles\\\/\"},\"wordCount\":189,\"commentCount\":0,\"publisher\":{\"@id\":\"https:\\\/\\\/profesordefrancesenmadrid.com\\\/#organization\"},\"image\":{\"@id\":\"https:\\\/\\\/profesordefrancesenmadrid.com\\\/index.php\\\/2021\\\/11\\\/15\\\/el-escritor-y-aventurero-sylvain-tesson-en-madrid-este-miercoles\\\/#primaryimage\"},\"thumbnailUrl\":\"https:\\\/\\\/i0.wp.com\\\/profesordefrancesenmadrid.com\\\/wp-content\\\/uploads\\\/2021\\\/11\\\/Sylvain-Tesson.png?fit=1024%2C576&ssl=1\",\"articleSection\":[\"Cultura Francesa\",\"Litt\u00e9rature\"],\"inLanguage\":\"es\",\"potentialAction\":[{\"@type\":\"CommentAction\",\"name\":\"Comment\",\"target\":[\"https:\\\/\\\/profesordefrancesenmadrid.com\\\/index.php\\\/2021\\\/11\\\/15\\\/el-escritor-y-aventurero-sylvain-tesson-en-madrid-este-miercoles\\\/#respond\"]}]},{\"@type\":\"WebPage\",\"@id\":\"https:\\\/\\\/profesordefrancesenmadrid.com\\\/index.php\\\/2021\\\/11\\\/15\\\/el-escritor-y-aventurero-sylvain-tesson-en-madrid-este-miercoles\\\/\",\"url\":\"https:\\\/\\\/profesordefrancesenmadrid.com\\\/index.php\\\/2021\\\/11\\\/15\\\/el-escritor-y-aventurero-sylvain-tesson-en-madrid-este-miercoles\\\/\",\"name\":\"El escritor y aventurero Sylvain Tesson en Madrid este Mi\u00e9rcoles - Ludovic Pedrocchi - profesordefrancesenmadrid.com\",\"isPartOf\":{\"@id\":\"https:\\\/\\\/profesordefrancesenmadrid.com\\\/#website\"},\"primaryImageOfPage\":{\"@id\":\"https:\\\/\\\/profesordefrancesenmadrid.com\\\/index.php\\\/2021\\\/11\\\/15\\\/el-escritor-y-aventurero-sylvain-tesson-en-madrid-este-miercoles\\\/#primaryimage\"},\"image\":{\"@id\":\"https:\\\/\\\/profesordefrancesenmadrid.com\\\/index.php\\\/2021\\\/11\\\/15\\\/el-escritor-y-aventurero-sylvain-tesson-en-madrid-este-miercoles\\\/#primaryimage\"},\"thumbnailUrl\":\"https:\\\/\\\/i0.wp.com\\\/profesordefrancesenmadrid.com\\\/wp-content\\\/uploads\\\/2021\\\/11\\\/Sylvain-Tesson.png?fit=1024%2C576&ssl=1\",\"datePublished\":\"2021-11-15T05:00:00+00:00\",\"description\":\"Sylvain Tesson, escritor y aventurero, presentar\u00e1 su libro \\\"El Leopardo de las Nieves\\\" en el Teatro del Institut fran\u00e7ais de Madrid.\",\"breadcrumb\":{\"@id\":\"https:\\\/\\\/profesordefrancesenmadrid.com\\\/index.php\\\/2021\\\/11\\\/15\\\/el-escritor-y-aventurero-sylvain-tesson-en-madrid-este-miercoles\\\/#breadcrumb\"},\"inLanguage\":\"es\",\"potentialAction\":[{\"@type\":\"ReadAction\",\"target\":[\"https:\\\/\\\/profesordefrancesenmadrid.com\\\/index.php\\\/2021\\\/11\\\/15\\\/el-escritor-y-aventurero-sylvain-tesson-en-madrid-este-miercoles\\\/\"]}]},{\"@type\":\"ImageObject\",\"inLanguage\":\"es\",\"@id\":\"https:\\\/\\\/profesordefrancesenmadrid.com\\\/index.php\\\/2021\\\/11\\\/15\\\/el-escritor-y-aventurero-sylvain-tesson-en-madrid-este-miercoles\\\/#primaryimage\",\"url\":\"https:\\\/\\\/i0.wp.com\\\/profesordefrancesenmadrid.com\\\/wp-content\\\/uploads\\\/2021\\\/11\\\/Sylvain-Tesson.png?fit=1024%2C576&ssl=1\",\"contentUrl\":\"https:\\\/\\\/i0.wp.com\\\/profesordefrancesenmadrid.com\\\/wp-content\\\/uploads\\\/2021\\\/11\\\/Sylvain-Tesson.png?fit=1024%2C576&ssl=1\",\"width\":1024,\"height\":576},{\"@type\":\"BreadcrumbList\",\"@id\":\"https:\\\/\\\/profesordefrancesenmadrid.com\\\/index.php\\\/2021\\\/11\\\/15\\\/el-escritor-y-aventurero-sylvain-tesson-en-madrid-este-miercoles\\\/#breadcrumb\",\"itemListElement\":[{\"@type\":\"ListItem\",\"position\":1,\"name\":\"Accueil\",\"item\":\"https:\\\/\\\/profesordefrancesenmadrid.com\\\/\"},{\"@type\":\"ListItem\",\"position\":2,\"name\":\"El escritor y aventurero Sylvain Tesson en Madrid este Mi\u00e9rcoles\"}]},{\"@type\":\"WebSite\",\"@id\":\"https:\\\/\\\/profesordefrancesenmadrid.com\\\/#website\",\"url\":\"https:\\\/\\\/profesordefrancesenmadrid.com\\\/\",\"name\":\"Ludovic Pedrocchi\",\"description\":\"Profesor de franc\u00e9s en Madrid desde 2007\",\"publisher\":{\"@id\":\"https:\\\/\\\/profesordefrancesenmadrid.com\\\/#organization\"},\"potentialAction\":[{\"@type\":\"SearchAction\",\"target\":{\"@type\":\"EntryPoint\",\"urlTemplate\":\"https:\\\/\\\/profesordefrancesenmadrid.com\\\/?s={search_term_string}\"},\"query-input\":{\"@type\":\"PropertyValueSpecification\",\"valueRequired\":true,\"valueName\":\"search_term_string\"}}],\"inLanguage\":\"es\"},{\"@type\":\"Organization\",\"@id\":\"https:\\\/\\\/profesordefrancesenmadrid.com\\\/#organization\",\"name\":\"Profesor de franc\u00e9s en Madrid\",\"url\":\"https:\\\/\\\/profesordefrancesenmadrid.com\\\/\",\"logo\":{\"@type\":\"ImageObject\",\"inLanguage\":\"es\",\"@id\":\"https:\\\/\\\/profesordefrancesenmadrid.com\\\/#\\\/schema\\\/logo\\\/image\\\/\",\"url\":\"https:\\\/\\\/i0.wp.com\\\/profesordefrancesenmadrid.com\\\/wp-content\\\/uploads\\\/2019\\\/11\\\/logo-retina4.png?fit=531%2C64&ssl=1\",\"contentUrl\":\"https:\\\/\\\/i0.wp.com\\\/profesordefrancesenmadrid.com\\\/wp-content\\\/uploads\\\/2019\\\/11\\\/logo-retina4.png?fit=531%2C64&ssl=1\",\"width\":531,\"height\":64,\"caption\":\"Profesor de franc\u00e9s en Madrid\"},\"image\":{\"@id\":\"https:\\\/\\\/profesordefrancesenmadrid.com\\\/#\\\/schema\\\/logo\\\/image\\\/\"},\"sameAs\":[\"https:\\\/\\\/www.facebook.com\\\/profesordefrancesenmadrid\",\"https:\\\/\\\/x.com\\\/ldpedrocchi\",\"https:\\\/\\\/www.instagram.com\\\/ludovicpedrocchi\\\/\",\"https:\\\/\\\/www.linkedin.com\\\/company\\\/profesordefrancesenmadrid\\\/\",\"https:\\\/\\\/www.youtube.com\\\/channel\\\/UCDJoG_2eg4zNu5TEKKnWeOQ\"]},{\"@type\":\"Person\",\"@id\":\"https:\\\/\\\/profesordefrancesenmadrid.com\\\/#\\\/schema\\\/person\\\/0a1adb2c1b651c291c5cbaa79681b408\",\"name\":\"Ludovic Pedrocchi\",\"image\":{\"@type\":\"ImageObject\",\"inLanguage\":\"es\",\"@id\":\"https:\\\/\\\/secure.gravatar.com\\\/avatar\\\/a387eb8654fbe06abe0aaf65349da28f127b1ca3febe9d85747b79a97a1446c2?s=96&d=mm&r=g\",\"url\":\"https:\\\/\\\/secure.gravatar.com\\\/avatar\\\/a387eb8654fbe06abe0aaf65349da28f127b1ca3febe9d85747b79a97a1446c2?s=96&d=mm&r=g\",\"contentUrl\":\"https:\\\/\\\/secure.gravatar.com\\\/avatar\\\/a387eb8654fbe06abe0aaf65349da28f127b1ca3febe9d85747b79a97a1446c2?s=96&d=mm&r=g\",\"caption\":\"Ludovic Pedrocchi\"},\"sameAs\":[\"http:\\\/\\\/www.profesordefrancesenmadrid.com\"],\"url\":\"https:\\\/\\\/profesordefrancesenmadrid.com\\\/index.php\\\/author\\\/ludovicpedrocchi\\\/\"}]}<\/script>\n<!-- \/ Yoast SEO plugin. -->","yoast_head_json":{"title":"El escritor y aventurero Sylvain Tesson en Madrid este Mi\u00e9rcoles - Ludovic Pedrocchi - profesordefrancesenmadrid.com","description":"Sylvain Tesson, escritor y aventurero, presentar\u00e1 su libro \"El Leopardo de las Nieves\" en el Teatro del Institut fran\u00e7ais de Madrid.","robots":{"index":"index","follow":"follow","max-snippet":"max-snippet:-1","max-image-preview":"max-image-preview:large","max-video-preview":"max-video-preview:-1"},"canonical":"https:\/\/profesordefrancesenmadrid.com\/index.php\/2021\/11\/15\/el-escritor-y-aventurero-sylvain-tesson-en-madrid-este-miercoles\/","og_locale":"es_ES","og_type":"article","og_title":"El escritor y aventurero Sylvain Tesson en Madrid este Mi\u00e9rcoles - Ludovic Pedrocchi - profesordefrancesenmadrid.com","og_description":"Sylvain Tesson, escritor y aventurero, presentar\u00e1 su libro \"El Leopardo de las Nieves\" en el Teatro del Institut fran\u00e7ais de Madrid.","og_url":"https:\/\/profesordefrancesenmadrid.com\/index.php\/2021\/11\/15\/el-escritor-y-aventurero-sylvain-tesson-en-madrid-este-miercoles\/","og_site_name":"Ludovic Pedrocchi","article_publisher":"https:\/\/www.facebook.com\/profesordefrancesenmadrid","article_published_time":"2021-11-15T05:00:00+00:00","og_image":[{"width":1024,"height":576,"url":"https:\/\/i0.wp.com\/profesordefrancesenmadrid.com\/wp-content\/uploads\/2021\/11\/Sylvain-Tesson.png?fit=1024%2C576&ssl=1","type":"image\/png"}],"author":"Ludovic Pedrocchi","twitter_card":"summary_large_image","twitter_creator":"@ldpedrocchi","twitter_site":"@ldpedrocchi","twitter_misc":{"Escrito por":"Ludovic Pedrocchi","Tiempo de lectura":"2 minutos"},"schema":{"@context":"https:\/\/schema.org","@graph":[{"@type":"Article","@id":"https:\/\/profesordefrancesenmadrid.com\/index.php\/2021\/11\/15\/el-escritor-y-aventurero-sylvain-tesson-en-madrid-este-miercoles\/#article","isPartOf":{"@id":"https:\/\/profesordefrancesenmadrid.com\/index.php\/2021\/11\/15\/el-escritor-y-aventurero-sylvain-tesson-en-madrid-este-miercoles\/"},"author":{"name":"Ludovic Pedrocchi","@id":"https:\/\/profesordefrancesenmadrid.com\/#\/schema\/person\/0a1adb2c1b651c291c5cbaa79681b408"},"headline":"El escritor y aventurero Sylvain Tesson en Madrid este Mi\u00e9rcoles","datePublished":"2021-11-15T05:00:00+00:00","mainEntityOfPage":{"@id":"https:\/\/profesordefrancesenmadrid.com\/index.php\/2021\/11\/15\/el-escritor-y-aventurero-sylvain-tesson-en-madrid-este-miercoles\/"},"wordCount":189,"commentCount":0,"publisher":{"@id":"https:\/\/profesordefrancesenmadrid.com\/#organization"},"image":{"@id":"https:\/\/profesordefrancesenmadrid.com\/index.php\/2021\/11\/15\/el-escritor-y-aventurero-sylvain-tesson-en-madrid-este-miercoles\/#primaryimage"},"thumbnailUrl":"https:\/\/i0.wp.com\/profesordefrancesenmadrid.com\/wp-content\/uploads\/2021\/11\/Sylvain-Tesson.png?fit=1024%2C576&ssl=1","articleSection":["Cultura Francesa","Litt\u00e9rature"],"inLanguage":"es","potentialAction":[{"@type":"CommentAction","name":"Comment","target":["https:\/\/profesordefrancesenmadrid.com\/index.php\/2021\/11\/15\/el-escritor-y-aventurero-sylvain-tesson-en-madrid-este-miercoles\/#respond"]}]},{"@type":"WebPage","@id":"https:\/\/profesordefrancesenmadrid.com\/index.php\/2021\/11\/15\/el-escritor-y-aventurero-sylvain-tesson-en-madrid-este-miercoles\/","url":"https:\/\/profesordefrancesenmadrid.com\/index.php\/2021\/11\/15\/el-escritor-y-aventurero-sylvain-tesson-en-madrid-este-miercoles\/","name":"El escritor y aventurero Sylvain Tesson en Madrid este Mi\u00e9rcoles - Ludovic Pedrocchi - profesordefrancesenmadrid.com","isPartOf":{"@id":"https:\/\/profesordefrancesenmadrid.com\/#website"},"primaryImageOfPage":{"@id":"https:\/\/profesordefrancesenmadrid.com\/index.php\/2021\/11\/15\/el-escritor-y-aventurero-sylvain-tesson-en-madrid-este-miercoles\/#primaryimage"},"image":{"@id":"https:\/\/profesordefrancesenmadrid.com\/index.php\/2021\/11\/15\/el-escritor-y-aventurero-sylvain-tesson-en-madrid-este-miercoles\/#primaryimage"},"thumbnailUrl":"https:\/\/i0.wp.com\/profesordefrancesenmadrid.com\/wp-content\/uploads\/2021\/11\/Sylvain-Tesson.png?fit=1024%2C576&ssl=1","datePublished":"2021-11-15T05:00:00+00:00","description":"Sylvain Tesson, escritor y aventurero, presentar\u00e1 su libro \"El Leopardo de las Nieves\" en el Teatro del Institut fran\u00e7ais de Madrid.","breadcrumb":{"@id":"https:\/\/profesordefrancesenmadrid.com\/index.php\/2021\/11\/15\/el-escritor-y-aventurero-sylvain-tesson-en-madrid-este-miercoles\/#breadcrumb"},"inLanguage":"es","potentialAction":[{"@type":"ReadAction","target":["https:\/\/profesordefrancesenmadrid.com\/index.php\/2021\/11\/15\/el-escritor-y-aventurero-sylvain-tesson-en-madrid-este-miercoles\/"]}]},{"@type":"ImageObject","inLanguage":"es","@id":"https:\/\/profesordefrancesenmadrid.com\/index.php\/2021\/11\/15\/el-escritor-y-aventurero-sylvain-tesson-en-madrid-este-miercoles\/#primaryimage","url":"https:\/\/i0.wp.com\/profesordefrancesenmadrid.com\/wp-content\/uploads\/2021\/11\/Sylvain-Tesson.png?fit=1024%2C576&ssl=1","contentUrl":"https:\/\/i0.wp.com\/profesordefrancesenmadrid.com\/wp-content\/uploads\/2021\/11\/Sylvain-Tesson.png?fit=1024%2C576&ssl=1","width":1024,"height":576},{"@type":"BreadcrumbList","@id":"https:\/\/profesordefrancesenmadrid.com\/index.php\/2021\/11\/15\/el-escritor-y-aventurero-sylvain-tesson-en-madrid-este-miercoles\/#breadcrumb","itemListElement":[{"@type":"ListItem","position":1,"name":"Accueil","item":"https:\/\/profesordefrancesenmadrid.com\/"},{"@type":"ListItem","position":2,"name":"El escritor y aventurero Sylvain Tesson en Madrid este Mi\u00e9rcoles"}]},{"@type":"WebSite","@id":"https:\/\/profesordefrancesenmadrid.com\/#website","url":"https:\/\/profesordefrancesenmadrid.com\/","name":"Ludovic Pedrocchi","description":"Profesor de franc\u00e9s en Madrid desde 2007","publisher":{"@id":"https:\/\/profesordefrancesenmadrid.com\/#organization"},"potentialAction":[{"@type":"SearchAction","target":{"@type":"EntryPoint","urlTemplate":"https:\/\/profesordefrancesenmadrid.com\/?s={search_term_string}"},"query-input":{"@type":"PropertyValueSpecification","valueRequired":true,"valueName":"search_term_string"}}],"inLanguage":"es"},{"@type":"Organization","@id":"https:\/\/profesordefrancesenmadrid.com\/#organization","name":"Profesor de franc\u00e9s en Madrid","url":"https:\/\/profesordefrancesenmadrid.com\/","logo":{"@type":"ImageObject","inLanguage":"es","@id":"https:\/\/profesordefrancesenmadrid.com\/#\/schema\/logo\/image\/","url":"https:\/\/i0.wp.com\/profesordefrancesenmadrid.com\/wp-content\/uploads\/2019\/11\/logo-retina4.png?fit=531%2C64&ssl=1","contentUrl":"https:\/\/i0.wp.com\/profesordefrancesenmadrid.com\/wp-content\/uploads\/2019\/11\/logo-retina4.png?fit=531%2C64&ssl=1","width":531,"height":64,"caption":"Profesor de franc\u00e9s en Madrid"},"image":{"@id":"https:\/\/profesordefrancesenmadrid.com\/#\/schema\/logo\/image\/"},"sameAs":["https:\/\/www.facebook.com\/profesordefrancesenmadrid","https:\/\/x.com\/ldpedrocchi","https:\/\/www.instagram.com\/ludovicpedrocchi\/","https:\/\/www.linkedin.com\/company\/profesordefrancesenmadrid\/","https:\/\/www.youtube.com\/channel\/UCDJoG_2eg4zNu5TEKKnWeOQ"]},{"@type":"Person","@id":"https:\/\/profesordefrancesenmadrid.com\/#\/schema\/person\/0a1adb2c1b651c291c5cbaa79681b408","name":"Ludovic Pedrocchi","image":{"@type":"ImageObject","inLanguage":"es","@id":"https:\/\/secure.gravatar.com\/avatar\/a387eb8654fbe06abe0aaf65349da28f127b1ca3febe9d85747b79a97a1446c2?s=96&d=mm&r=g","url":"https:\/\/secure.gravatar.com\/avatar\/a387eb8654fbe06abe0aaf65349da28f127b1ca3febe9d85747b79a97a1446c2?s=96&d=mm&r=g","contentUrl":"https:\/\/secure.gravatar.com\/avatar\/a387eb8654fbe06abe0aaf65349da28f127b1ca3febe9d85747b79a97a1446c2?s=96&d=mm&r=g","caption":"Ludovic Pedrocchi"},"sameAs":["http:\/\/www.profesordefrancesenmadrid.com"],"url":"https:\/\/profesordefrancesenmadrid.com\/index.php\/author\/ludovicpedrocchi\/"}]}},"jetpack_publicize_connections":[],"jetpack_featured_media_url":"https:\/\/i0.wp.com\/profesordefrancesenmadrid.com\/wp-content\/uploads\/2021\/11\/Sylvain-Tesson.png?fit=1024%2C576&ssl=1","jetpack_sharing_enabled":true,"jetpack_likes_enabled":true,"jetpack-related-posts":[],"rttpg_featured_image_url":{"full":["https:\/\/i0.wp.com\/profesordefrancesenmadrid.com\/wp-content\/uploads\/2021\/11\/Sylvain-Tesson.png?fit=1024%2C576&ssl=1",1024,576,false],"landscape":["https:\/\/profesordefrancesenmadrid.com\/wp-content\/uploads\/2021\/11\/Sylvain-Tesson.png",1024,576,false],"portraits":["https:\/\/profesordefrancesenmadrid.com\/wp-content\/uploads\/2021\/11\/Sylvain-Tesson.png",1024,576,false],"thumbnail":["https:\/\/i0.wp.com\/profesordefrancesenmadrid.com\/wp-content\/uploads\/2021\/11\/Sylvain-Tesson.png?resize=150%2C150&ssl=1",150,150,true],"medium":["https:\/\/i0.wp.com\/profesordefrancesenmadrid.com\/wp-content\/uploads\/2021\/11\/Sylvain-Tesson.png?fit=300%2C169&ssl=1",300,169,true],"large":["https:\/\/i0.wp.com\/profesordefrancesenmadrid.com\/wp-content\/uploads\/2021\/11\/Sylvain-Tesson.png?fit=790%2C444&ssl=1",790,444,true],"1536x1536":["https:\/\/i0.wp.com\/profesordefrancesenmadrid.com\/wp-content\/uploads\/2021\/11\/Sylvain-Tesson.png?fit=1024%2C576&ssl=1",1024,576,true],"2048x2048":["https:\/\/i0.wp.com\/profesordefrancesenmadrid.com\/wp-content\/uploads\/2021\/11\/Sylvain-Tesson.png?fit=1024%2C576&ssl=1",1024,576,true],"screenr-blog-grid-small":["https:\/\/i0.wp.com\/profesordefrancesenmadrid.com\/wp-content\/uploads\/2021\/11\/Sylvain-Tesson.png?resize=350%2C200&ssl=1",350,200,true],"screenr-blog-grid":["https:\/\/i0.wp.com\/profesordefrancesenmadrid.com\/wp-content\/uploads\/2021\/11\/Sylvain-Tesson.png?resize=540%2C300&ssl=1",540,300,true],"screenr-blog-list":["https:\/\/i0.wp.com\/profesordefrancesenmadrid.com\/wp-content\/uploads\/2021\/11\/Sylvain-Tesson.png?resize=790%2C400&ssl=1",790,400,true],"screenr-service-small":["https:\/\/i0.wp.com\/profesordefrancesenmadrid.com\/wp-content\/uploads\/2021\/11\/Sylvain-Tesson.png?resize=538%2C280&ssl=1",538,280,true],"screenr-thumbnail-team":["https:\/\/i0.wp.com\/profesordefrancesenmadrid.com\/wp-content\/uploads\/2021\/11\/Sylvain-Tesson.png?resize=340%2C220&ssl=1",340,220,true]},"rttpg_author":{"display_name":"Ludovic Pedrocchi","author_link":"https:\/\/profesordefrancesenmadrid.com\/index.php\/author\/ludovicpedrocchi\/"},"rttpg_comment":0,"rttpg_category":"<a href=\"https:\/\/profesordefrancesenmadrid.com\/index.php\/category\/cultura-francesa-en-madrid\/\" rel=\"category tag\">Cultura Francesa<\/a> <a href=\"https:\/\/profesordefrancesenmadrid.com\/index.php\/category\/cultura-francesa-en-madrid\/litterature\/\" rel=\"category tag\">Litt\u00e9rature<\/a>","rttpg_excerpt":"Sylvain Tesson, escritor y aventurero, presentar&aacute; su libro &ldquo;El Leopardo de las Nieves&rdquo; en el Teatro del Institut fran&ccedil;ais de Madrid. Sylvain Tesson (Par&iacute;s, 1972) es un escritor y aventurero, el viajero por excelencia.Famoso por sus libros de viajes, ha pasado m&aacute;s de dos d&eacute;cadas recorriendo el planeta, en las...","_links":{"self":[{"href":"https:\/\/profesordefrancesenmadrid.com\/index.php\/wp-json\/wp\/v2\/posts\/7608","targetHints":{"allow":["GET"]}}],"collection":[{"href":"https:\/\/profesordefrancesenmadrid.com\/index.php\/wp-json\/wp\/v2\/posts"}],"about":[{"href":"https:\/\/profesordefrancesenmadrid.com\/index.php\/wp-json\/wp\/v2\/types\/post"}],"author":[{"embeddable":true,"href":"https:\/\/profesordefrancesenmadrid.com\/index.php\/wp-json\/wp\/v2\/users\/3"}],"replies":[{"embeddable":true,"href":"https:\/\/profesordefrancesenmadrid.com\/index.php\/wp-json\/wp\/v2\/comments?post=7608"}],"version-history":[{"count":3,"href":"https:\/\/profesordefrancesenmadrid.com\/index.php\/wp-json\/wp\/v2\/posts\/7608\/revisions"}],"predecessor-version":[{"id":7614,"href":"https:\/\/profesordefrancesenmadrid.com\/index.php\/wp-json\/wp\/v2\/posts\/7608\/revisions\/7614"}],"wp:featuredmedia":[{"embeddable":true,"href":"https:\/\/profesordefrancesenmadrid.com\/index.php\/wp-json\/wp\/v2\/media\/7611"}],"wp:attachment":[{"href":"https:\/\/profesordefrancesenmadrid.com\/index.php\/wp-json\/wp\/v2\/media?parent=7608"}],"wp:term":[{"taxonomy":"category","embeddable":true,"href":"https:\/\/profesordefrancesenmadrid.com\/index.php\/wp-json\/wp\/v2\/categories?post=7608"},{"taxonomy":"post_tag","embeddable":true,"href":"https:\/\/profesordefrancesenmadrid.com\/index.php\/wp-json\/wp\/v2\/tags?post=7608"}],"curies":[{"name":"wp","href":"https:\/\/api.w.org\/{rel}","templated":true}]}}