{"id":16354,"date":"2026-09-03T19:39:19","date_gmt":"2026-09-03T17:39:19","guid":{"rendered":"https:\/\/profesordefrancesenmadrid.com\/?p=16354"},"modified":"2026-09-03T19:39:21","modified_gmt":"2026-09-03T17:39:21","slug":"open-to-work-3","status":"publish","type":"post","link":"https:\/\/profesordefrancesenmadrid.com\/index.php\/2026\/09\/03\/open-to-work-3\/","title":{"rendered":"Open to work"},"content":{"rendered":"\n<p class=\"wp-block-paragraph\"><strong>Mi disponibilidad<br>My availabilities<br>Mes disponibilit\u00e9s<\/strong><\/p>\n\n\n\n<hr class=\"wp-block-separator has-alpha-channel-opacity\"\/>\n\n\n\n<figure class=\"wp-block-table aligncenter is-style-regular\"><table class=\"has-fixed-layout\"><tbody><tr><td><\/td><td><strong>Lunes<\/strong><\/td><td><strong>Martes<\/strong><\/td><td><strong>Mi\u00e9rcoles<\/strong><\/td><td><strong>Jueves<\/strong><\/td><td><strong>Viernes<\/strong><\/td><\/tr><tr><td><strong>8h<\/strong><\/td><td><\/td><td><\/td><td><\/td><td><\/td><td><strong>Disponible online<\/strong><\/td><\/tr><tr><td><strong>9h<\/strong><\/td><td><\/td><td><\/td><td><\/td><td><\/td><td><\/td><\/tr><tr><td><strong>10h<\/strong><\/td><td><\/td><td><\/td><td><strong>Disponible online<\/strong><\/td><td><strong>Disponible online<\/strong><\/td><td><\/td><\/tr><tr><td><strong>11h<\/strong><\/td><td><\/td><td><\/td><td><strong>Disponible online<\/strong><\/td><td><strong>Disponible online<\/strong><\/td><td><strong>Disponible online<\/strong><\/td><\/tr><tr><td><strong>12h<\/strong><\/td><td><\/td><td><\/td><td><\/td><td><strong>Disponible online<\/strong><\/td><td><\/td><\/tr><tr><td><strong>13h<\/strong><\/td><td><strong>Disponible online<\/strong><\/td><td><\/td><td><\/td><td><\/td><td><\/td><\/tr><tr><td><strong>14h<\/strong><\/td><td><strong>Disponible online<\/strong><\/td><td><\/td><td><strong>Disponible online<\/strong><\/td><td><strong>Disponible online<\/strong><\/td><td><strong>Disponible online<\/strong><\/td><\/tr><tr><td><strong>15h<\/strong><\/td><td><\/td><td><\/td><td><strong>Disponible online<\/strong><\/td><td><strong>Disponible online<\/strong><\/td><td><\/td><\/tr><tr><td><strong>16h<\/strong><\/td><td><strong>Disponible online<\/strong><\/td><td><\/td><td><strong>Disponible online<\/strong><\/td><td><strong>Disponible online<\/strong><\/td><td><\/td><\/tr><tr><td><strong>17h<\/strong><\/td><td><\/td><td><\/td><td><strong>Disponible online<\/strong><\/td><td><strong>Disponible online<\/strong><\/td><td><\/td><\/tr><tr><td><strong>18h<\/strong><\/td><td><\/td><td><\/td><td><strong>Disponible online<\/strong><\/td><td><\/td><td><\/td><\/tr><tr><td><strong>19h<\/strong><\/td><td><strong>Disponible online<\/strong><\/td><td><\/td><td><strong>Disponible online<\/strong><\/td><td><\/td><td><strong>Disponible online<\/strong><\/td><\/tr><tr><td><strong>20h<\/strong><\/td><td><\/td><td><\/td><td><strong>Disponible online<\/strong><\/td><td><strong>Disponible online<\/strong><\/td><td><strong>Disponible online<\/strong><\/td><\/tr><\/tbody><\/table><\/figure>\n\n\n\n<hr class=\"wp-block-separator has-alpha-channel-opacity\"\/>\n\n\n\n<p class=\"wp-block-paragraph\"><strong>Profesor de franc\u00e9s nativo de Par\u00eds con m\u00e1s de 15 a\u00f1os de experiencia en Espa\u00f1a.<br>Se especializa en el aprendizaje del franc\u00e9s para empresas.<br>Preparaci\u00f3n para DELF\/DALF y otros diplomas franc\u00f3fonos.<br>Clases uno a uno o grupo.<\/strong><\/p>\n\n\n\n<hr class=\"wp-block-separator has-alpha-channel-opacity\"\/>\n\n\n<h3 style=\"text-align: center;\"><a href=\"https:\/\/profesordefrancesenmadrid.com\/index.php\/contactar-conmigo\/\" target=\"_blank\" rel=\"noopener\"><strong>Contact<\/strong><\/a><\/h3>\n\n\n<hr class=\"wp-block-separator has-alpha-channel-opacity\"\/>\n\n\n<h3 style=\"text-align: center;\"><a href=\"https:\/\/profesordefrancesenmadrid.com\/index.php\/curriculum-vitae\/\" target=\"_blank\" rel=\"noopener\"><strong>Curriculum Vitae en espa\u00f1ol<\/strong><\/a><\/h3>\n\n\n<hr class=\"wp-block-separator has-alpha-channel-opacity\"\/>\n\n\n<h3 style=\"text-align: center;\"><a href=\"https:\/\/profesordefrancesenmadrid.com\/index.php\/curriculum-vitae-english-version\/\" target=\"_blank\" rel=\"noopener\"><strong>Resume in English<\/strong><\/a><\/h3>\n\n\n<hr class=\"wp-block-separator has-alpha-channel-opacity\"\/>\n\n\n<h3 style=\"text-align: center;\"><a href=\"https:\/\/profesordefrancesenmadrid.com\/index.php\/curriculum-vitae\/curriculum-vitae-2\/\" target=\"_blank\" rel=\"noopener\"><strong>CV en fran\u00e7ais<\/strong><\/a><\/h3>\n\n\n<hr class=\"wp-block-separator has-alpha-channel-opacity\"\/>\n","protected":false},"excerpt":{"rendered":"<p>Mis disponibilidades semanales para cursos de franc\u00e9s online para 2026\/2027. No dude en ponerse en contacto conmigo.<\/p>\n","protected":false},"author":3,"featured_media":12875,"comment_status":"open","ping_status":"open","sticky":false,"template":"","format":"standard","meta":{"_jetpack_newsletter_access":"","_jetpack_dont_email_post_to_subs":false,"_jetpack_newsletter_tier_id":0,"_jetpack_memberships_contains_paywalled_content":false,"_jetpack_feature_clip_id":0,"_jetpack_memberships_contains_paid_content":false,"footnotes":"","jetpack_publicize_message":"","jetpack_publicize_feature_enabled":true,"jetpack_social_post_already_shared":true,"jetpack_social_options":{"image_generator_settings":{"template":"highway","default_image_id":0,"font":"","enabled":false},"version":2},"jetpack_post_was_ever_published":false},"categories":[23,353],"tags":[1279,1287,1281,1278,996,1280,1285,1282,1286,1284],"class_list":["post-16354","post","type-post","status-publish","format-standard","has-post-thumbnail","hentry","category-cultura-francesa-en-madrid","category-francais-professionnel","tag-cours-de-francais-a-madrid","tag-delf-pour-hispanophones","tag-francais-pour-entreprises-a-madrid","tag-francais-professionnel-a-madrid","tag-mis-disponibilidades-semanales-para-cursos-de-frances-online-no-dude-en-ponerse-en-contacto-conmigo","tag-preparation-delf-a-madrid","tag-preparation-delf-madrid","tag-preparation-tcf-a-madrid","tag-preparer-le-delf-en-espagne","tag-professeur-de-francais-delf-madrid"],"yoast_head":"<!-- This site is optimized with the Yoast SEO plugin v28.4 - https:\/\/yoast.com\/product\/yoast-seo-wordpress\/ -->\n<title>Open to work - Ludovic Pedrocchi - profesordefrancesenmadrid.com<\/title>\n<meta name=\"description\" content=\"Mis disponibilidades semanales para cursos de franc\u00e9s online para 2026\/2027. No dude en ponerse en contacto conmigo.\" \/>\n<meta name=\"robots\" content=\"index, follow, max-snippet:-1, max-image-preview:large, max-video-preview:-1\" \/>\n<link rel=\"canonical\" href=\"https:\/\/profesordefrancesenmadrid.com\/index.php\/2026\/09\/03\/open-to-work-3\/\" \/>\n<meta property=\"og:locale\" content=\"es_ES\" \/>\n<meta property=\"og:type\" content=\"article\" \/>\n<meta property=\"og:title\" content=\"Mis disponibilidades\" \/>\n<meta property=\"og:description\" content=\"Mis disponibilidades semanales para cursos de franc\u00e9s online para 2026\/2027. No dude en ponerse en contacto conmigo.\" \/>\n<meta property=\"og:url\" content=\"https:\/\/profesordefrancesenmadrid.com\/index.php\/2026\/09\/03\/open-to-work-3\/\" \/>\n<meta property=\"og:site_name\" content=\"Ludovic Pedrocchi\" \/>\n<meta property=\"article:publisher\" content=\"https:\/\/www.facebook.com\/profesordefrancesenmadrid\" \/>\n<meta property=\"article:published_time\" content=\"2026-09-03T17:39:19+00:00\" \/>\n<meta property=\"article:modified_time\" content=\"2026-09-03T17:39:21+00:00\" \/>\n<meta property=\"og:image\" content=\"https:\/\/profesordefrancesenmadrid.com\/wp-content\/uploads\/2024\/08\/Disponibilites-couve.jpg\" \/>\n\t<meta property=\"og:image:width\" content=\"1024\" \/>\n\t<meta property=\"og:image:height\" content=\"576\" \/>\n\t<meta property=\"og:image:type\" content=\"image\/jpeg\" \/>\n<meta name=\"author\" content=\"Ludovic Pedrocchi\" \/>\n<meta name=\"twitter:card\" content=\"summary_large_image\" \/>\n<meta name=\"twitter:title\" content=\"Mis disponibilidades\" \/>\n<meta name=\"twitter:description\" content=\"Mis disponibilidades semanales para cursos de franc\u00e9s online para 2026\/2027. No dude en ponerse en contacto conmigo.\" \/>\n<meta name=\"twitter:image\" content=\"https:\/\/i0.wp.com\/profesordefrancesenmadrid.com\/wp-content\/uploads\/2024\/08\/Disponibilites-couve.jpg?fit=1024%2C576&ssl=1\" \/>\n<meta name=\"twitter:creator\" content=\"@ldpedrocchi\" \/>\n<meta name=\"twitter:site\" content=\"@ldpedrocchi\" \/>\n<meta name=\"twitter:label1\" content=\"Escrito por\" \/>\n\t<meta name=\"twitter:data1\" content=\"Ludovic Pedrocchi\" \/>\n\t<meta name=\"twitter:label2\" content=\"Tiempo de lectura\" \/>\n\t<meta name=\"twitter:data2\" content=\"1 minuto\" \/>\n<script type=\"application\/ld+json\" class=\"yoast-schema-graph\">{\"@context\":\"https:\\\/\\\/schema.org\",\"@graph\":[{\"@type\":\"Article\",\"@id\":\"https:\\\/\\\/profesordefrancesenmadrid.com\\\/index.php\\\/2026\\\/09\\\/03\\\/open-to-work-3\\\/#article\",\"isPartOf\":{\"@id\":\"https:\\\/\\\/profesordefrancesenmadrid.com\\\/index.php\\\/2026\\\/09\\\/03\\\/open-to-work-3\\\/\"},\"author\":{\"name\":\"Ludovic Pedrocchi\",\"@id\":\"https:\\\/\\\/profesordefrancesenmadrid.com\\\/#\\\/schema\\\/person\\\/0a1adb2c1b651c291c5cbaa79681b408\"},\"headline\":\"Open to work\",\"datePublished\":\"2026-09-03T17:39:19+00:00\",\"dateModified\":\"2026-09-03T17:39:21+00:00\",\"mainEntityOfPage\":{\"@id\":\"https:\\\/\\\/profesordefrancesenmadrid.com\\\/index.php\\\/2026\\\/09\\\/03\\\/open-to-work-3\\\/\"},\"wordCount\":137,\"commentCount\":0,\"publisher\":{\"@id\":\"https:\\\/\\\/profesordefrancesenmadrid.com\\\/#organization\"},\"image\":{\"@id\":\"https:\\\/\\\/profesordefrancesenmadrid.com\\\/index.php\\\/2026\\\/09\\\/03\\\/open-to-work-3\\\/#primaryimage\"},\"thumbnailUrl\":\"https:\\\/\\\/i0.wp.com\\\/profesordefrancesenmadrid.com\\\/wp-content\\\/uploads\\\/2024\\\/08\\\/Disponibilites-couve.jpg?fit=1024%2C576&ssl=1\",\"keywords\":[\"Cours de fran\u00e7ais \u00e0 Madrid\",\"DELF pour hispanophones\",\"Fran\u00e7ais pour entreprises \u00e0 Madrid\",\"Fran\u00e7ais professionnel \u00e0 Madrid\",\"Mis disponibilidades semanales para cursos de franc\u00e9s online. No dude en ponerse en contacto conmigo.\",\"Pr\u00e9paration DELF \u00e0 Madrid\",\"Pr\u00e9paration DELF Madrid\",\"Pr\u00e9paration TCF \u00e0 Madrid\",\"Pr\u00e9parer le DELF en Espagne\",\"Professeur de fran\u00e7ais DELF Madrid\"],\"articleSection\":[\"Cultura Francesa\",\"Fran\u00e7ais professionnel\"],\"inLanguage\":\"es\",\"potentialAction\":[{\"@type\":\"CommentAction\",\"name\":\"Comment\",\"target\":[\"https:\\\/\\\/profesordefrancesenmadrid.com\\\/index.php\\\/2026\\\/09\\\/03\\\/open-to-work-3\\\/#respond\"]}]},{\"@type\":\"WebPage\",\"@id\":\"https:\\\/\\\/profesordefrancesenmadrid.com\\\/index.php\\\/2026\\\/09\\\/03\\\/open-to-work-3\\\/\",\"url\":\"https:\\\/\\\/profesordefrancesenmadrid.com\\\/index.php\\\/2026\\\/09\\\/03\\\/open-to-work-3\\\/\",\"name\":\"Open to work - Ludovic Pedrocchi - profesordefrancesenmadrid.com\",\"isPartOf\":{\"@id\":\"https:\\\/\\\/profesordefrancesenmadrid.com\\\/#website\"},\"primaryImageOfPage\":{\"@id\":\"https:\\\/\\\/profesordefrancesenmadrid.com\\\/index.php\\\/2026\\\/09\\\/03\\\/open-to-work-3\\\/#primaryimage\"},\"image\":{\"@id\":\"https:\\\/\\\/profesordefrancesenmadrid.com\\\/index.php\\\/2026\\\/09\\\/03\\\/open-to-work-3\\\/#primaryimage\"},\"thumbnailUrl\":\"https:\\\/\\\/i0.wp.com\\\/profesordefrancesenmadrid.com\\\/wp-content\\\/uploads\\\/2024\\\/08\\\/Disponibilites-couve.jpg?fit=1024%2C576&ssl=1\",\"datePublished\":\"2026-09-03T17:39:19+00:00\",\"dateModified\":\"2026-09-03T17:39:21+00:00\",\"description\":\"Mis disponibilidades semanales para cursos de franc\u00e9s online para 2026\\\/2027. No dude en ponerse en contacto conmigo.\",\"breadcrumb\":{\"@id\":\"https:\\\/\\\/profesordefrancesenmadrid.com\\\/index.php\\\/2026\\\/09\\\/03\\\/open-to-work-3\\\/#breadcrumb\"},\"inLanguage\":\"es\",\"potentialAction\":[{\"@type\":\"ReadAction\",\"target\":[\"https:\\\/\\\/profesordefrancesenmadrid.com\\\/index.php\\\/2026\\\/09\\\/03\\\/open-to-work-3\\\/\"]}]},{\"@type\":\"ImageObject\",\"inLanguage\":\"es\",\"@id\":\"https:\\\/\\\/profesordefrancesenmadrid.com\\\/index.php\\\/2026\\\/09\\\/03\\\/open-to-work-3\\\/#primaryimage\",\"url\":\"https:\\\/\\\/i0.wp.com\\\/profesordefrancesenmadrid.com\\\/wp-content\\\/uploads\\\/2024\\\/08\\\/Disponibilites-couve.jpg?fit=1024%2C576&ssl=1\",\"contentUrl\":\"https:\\\/\\\/i0.wp.com\\\/profesordefrancesenmadrid.com\\\/wp-content\\\/uploads\\\/2024\\\/08\\\/Disponibilites-couve.jpg?fit=1024%2C576&ssl=1\",\"width\":1024,\"height\":576,\"caption\":\"Mis disponibilidades semanales para cursos de franc\u00e9s online. No dude en ponerse en contacto conmigo.\"},{\"@type\":\"BreadcrumbList\",\"@id\":\"https:\\\/\\\/profesordefrancesenmadrid.com\\\/index.php\\\/2026\\\/09\\\/03\\\/open-to-work-3\\\/#breadcrumb\",\"itemListElement\":[{\"@type\":\"ListItem\",\"position\":1,\"name\":\"Accueil\",\"item\":\"https:\\\/\\\/profesordefrancesenmadrid.com\\\/\"},{\"@type\":\"ListItem\",\"position\":2,\"name\":\"Open to work\"}]},{\"@type\":\"WebSite\",\"@id\":\"https:\\\/\\\/profesordefrancesenmadrid.com\\\/#website\",\"url\":\"https:\\\/\\\/profesordefrancesenmadrid.com\\\/\",\"name\":\"Ludovic Pedrocchi\",\"description\":\"Profesor de franc\u00e9s en Madrid desde 2007\",\"publisher\":{\"@id\":\"https:\\\/\\\/profesordefrancesenmadrid.com\\\/#organization\"},\"potentialAction\":[{\"@type\":\"SearchAction\",\"target\":{\"@type\":\"EntryPoint\",\"urlTemplate\":\"https:\\\/\\\/profesordefrancesenmadrid.com\\\/?s={search_term_string}\"},\"query-input\":{\"@type\":\"PropertyValueSpecification\",\"valueRequired\":true,\"valueName\":\"search_term_string\"}}],\"inLanguage\":\"es\"},{\"@type\":\"Organization\",\"@id\":\"https:\\\/\\\/profesordefrancesenmadrid.com\\\/#organization\",\"name\":\"Profesor de franc\u00e9s en Madrid\",\"url\":\"https:\\\/\\\/profesordefrancesenmadrid.com\\\/\",\"logo\":{\"@type\":\"ImageObject\",\"inLanguage\":\"es\",\"@id\":\"https:\\\/\\\/profesordefrancesenmadrid.com\\\/#\\\/schema\\\/logo\\\/image\\\/\",\"url\":\"https:\\\/\\\/i0.wp.com\\\/profesordefrancesenmadrid.com\\\/wp-content\\\/uploads\\\/2019\\\/11\\\/logo-retina4.png?fit=531%2C64&ssl=1\",\"contentUrl\":\"https:\\\/\\\/i0.wp.com\\\/profesordefrancesenmadrid.com\\\/wp-content\\\/uploads\\\/2019\\\/11\\\/logo-retina4.png?fit=531%2C64&ssl=1\",\"width\":531,\"height\":64,\"caption\":\"Profesor de franc\u00e9s en Madrid\"},\"image\":{\"@id\":\"https:\\\/\\\/profesordefrancesenmadrid.com\\\/#\\\/schema\\\/logo\\\/image\\\/\"},\"sameAs\":[\"https:\\\/\\\/www.facebook.com\\\/profesordefrancesenmadrid\",\"https:\\\/\\\/x.com\\\/ldpedrocchi\",\"https:\\\/\\\/www.instagram.com\\\/ludovicpedrocchi\\\/\",\"https:\\\/\\\/www.linkedin.com\\\/company\\\/profesordefrancesenmadrid\\\/\",\"https:\\\/\\\/www.youtube.com\\\/channel\\\/UCDJoG_2eg4zNu5TEKKnWeOQ\"]},{\"@type\":\"Person\",\"@id\":\"https:\\\/\\\/profesordefrancesenmadrid.com\\\/#\\\/schema\\\/person\\\/0a1adb2c1b651c291c5cbaa79681b408\",\"name\":\"Ludovic Pedrocchi\",\"image\":{\"@type\":\"ImageObject\",\"inLanguage\":\"es\",\"@id\":\"https:\\\/\\\/secure.gravatar.com\\\/avatar\\\/a387eb8654fbe06abe0aaf65349da28f127b1ca3febe9d85747b79a97a1446c2?s=96&d=mm&r=g\",\"url\":\"https:\\\/\\\/secure.gravatar.com\\\/avatar\\\/a387eb8654fbe06abe0aaf65349da28f127b1ca3febe9d85747b79a97a1446c2?s=96&d=mm&r=g\",\"contentUrl\":\"https:\\\/\\\/secure.gravatar.com\\\/avatar\\\/a387eb8654fbe06abe0aaf65349da28f127b1ca3febe9d85747b79a97a1446c2?s=96&d=mm&r=g\",\"caption\":\"Ludovic Pedrocchi\"},\"sameAs\":[\"http:\\\/\\\/www.profesordefrancesenmadrid.com\"],\"url\":\"https:\\\/\\\/profesordefrancesenmadrid.com\\\/index.php\\\/author\\\/ludovicpedrocchi\\\/\"}]}<\/script>\n<!-- \/ Yoast SEO plugin. -->","yoast_head_json":{"title":"Open to work - Ludovic Pedrocchi - profesordefrancesenmadrid.com","description":"Mis disponibilidades semanales para cursos de franc\u00e9s online para 2026\/2027. No dude en ponerse en contacto conmigo.","robots":{"index":"index","follow":"follow","max-snippet":"max-snippet:-1","max-image-preview":"max-image-preview:large","max-video-preview":"max-video-preview:-1"},"canonical":"https:\/\/profesordefrancesenmadrid.com\/index.php\/2026\/09\/03\/open-to-work-3\/","og_locale":"es_ES","og_type":"article","og_title":"Mis disponibilidades","og_description":"Mis disponibilidades semanales para cursos de franc\u00e9s online para 2026\/2027. No dude en ponerse en contacto conmigo.","og_url":"https:\/\/profesordefrancesenmadrid.com\/index.php\/2026\/09\/03\/open-to-work-3\/","og_site_name":"Ludovic Pedrocchi","article_publisher":"https:\/\/www.facebook.com\/profesordefrancesenmadrid","article_published_time":"2026-09-03T17:39:19+00:00","article_modified_time":"2026-09-03T17:39:21+00:00","og_image":[{"width":1024,"height":576,"url":"https:\/\/profesordefrancesenmadrid.com\/wp-content\/uploads\/2024\/08\/Disponibilites-couve.jpg","type":"image\/jpeg"}],"author":"Ludovic Pedrocchi","twitter_card":"summary_large_image","twitter_title":"Mis disponibilidades","twitter_description":"Mis disponibilidades semanales para cursos de franc\u00e9s online para 2026\/2027. No dude en ponerse en contacto conmigo.","twitter_image":"https:\/\/i0.wp.com\/profesordefrancesenmadrid.com\/wp-content\/uploads\/2024\/08\/Disponibilites-couve.jpg?fit=1024%2C576&ssl=1","twitter_creator":"@ldpedrocchi","twitter_site":"@ldpedrocchi","twitter_misc":{"Escrito por":"Ludovic Pedrocchi","Tiempo de lectura":"1 minuto"},"schema":{"@context":"https:\/\/schema.org","@graph":[{"@type":"Article","@id":"https:\/\/profesordefrancesenmadrid.com\/index.php\/2026\/09\/03\/open-to-work-3\/#article","isPartOf":{"@id":"https:\/\/profesordefrancesenmadrid.com\/index.php\/2026\/09\/03\/open-to-work-3\/"},"author":{"name":"Ludovic Pedrocchi","@id":"https:\/\/profesordefrancesenmadrid.com\/#\/schema\/person\/0a1adb2c1b651c291c5cbaa79681b408"},"headline":"Open to work","datePublished":"2026-09-03T17:39:19+00:00","dateModified":"2026-09-03T17:39:21+00:00","mainEntityOfPage":{"@id":"https:\/\/profesordefrancesenmadrid.com\/index.php\/2026\/09\/03\/open-to-work-3\/"},"wordCount":137,"commentCount":0,"publisher":{"@id":"https:\/\/profesordefrancesenmadrid.com\/#organization"},"image":{"@id":"https:\/\/profesordefrancesenmadrid.com\/index.php\/2026\/09\/03\/open-to-work-3\/#primaryimage"},"thumbnailUrl":"https:\/\/i0.wp.com\/profesordefrancesenmadrid.com\/wp-content\/uploads\/2024\/08\/Disponibilites-couve.jpg?fit=1024%2C576&ssl=1","keywords":["Cours de fran\u00e7ais \u00e0 Madrid","DELF pour hispanophones","Fran\u00e7ais pour entreprises \u00e0 Madrid","Fran\u00e7ais professionnel \u00e0 Madrid","Mis disponibilidades semanales para cursos de franc\u00e9s online. No dude en ponerse en contacto conmigo.","Pr\u00e9paration DELF \u00e0 Madrid","Pr\u00e9paration DELF Madrid","Pr\u00e9paration TCF \u00e0 Madrid","Pr\u00e9parer le DELF en Espagne","Professeur de fran\u00e7ais DELF Madrid"],"articleSection":["Cultura Francesa","Fran\u00e7ais professionnel"],"inLanguage":"es","potentialAction":[{"@type":"CommentAction","name":"Comment","target":["https:\/\/profesordefrancesenmadrid.com\/index.php\/2026\/09\/03\/open-to-work-3\/#respond"]}]},{"@type":"WebPage","@id":"https:\/\/profesordefrancesenmadrid.com\/index.php\/2026\/09\/03\/open-to-work-3\/","url":"https:\/\/profesordefrancesenmadrid.com\/index.php\/2026\/09\/03\/open-to-work-3\/","name":"Open to work - Ludovic Pedrocchi - profesordefrancesenmadrid.com","isPartOf":{"@id":"https:\/\/profesordefrancesenmadrid.com\/#website"},"primaryImageOfPage":{"@id":"https:\/\/profesordefrancesenmadrid.com\/index.php\/2026\/09\/03\/open-to-work-3\/#primaryimage"},"image":{"@id":"https:\/\/profesordefrancesenmadrid.com\/index.php\/2026\/09\/03\/open-to-work-3\/#primaryimage"},"thumbnailUrl":"https:\/\/i0.wp.com\/profesordefrancesenmadrid.com\/wp-content\/uploads\/2024\/08\/Disponibilites-couve.jpg?fit=1024%2C576&ssl=1","datePublished":"2026-09-03T17:39:19+00:00","dateModified":"2026-09-03T17:39:21+00:00","description":"Mis disponibilidades semanales para cursos de franc\u00e9s online para 2026\/2027. No dude en ponerse en contacto conmigo.","breadcrumb":{"@id":"https:\/\/profesordefrancesenmadrid.com\/index.php\/2026\/09\/03\/open-to-work-3\/#breadcrumb"},"inLanguage":"es","potentialAction":[{"@type":"ReadAction","target":["https:\/\/profesordefrancesenmadrid.com\/index.php\/2026\/09\/03\/open-to-work-3\/"]}]},{"@type":"ImageObject","inLanguage":"es","@id":"https:\/\/profesordefrancesenmadrid.com\/index.php\/2026\/09\/03\/open-to-work-3\/#primaryimage","url":"https:\/\/i0.wp.com\/profesordefrancesenmadrid.com\/wp-content\/uploads\/2024\/08\/Disponibilites-couve.jpg?fit=1024%2C576&ssl=1","contentUrl":"https:\/\/i0.wp.com\/profesordefrancesenmadrid.com\/wp-content\/uploads\/2024\/08\/Disponibilites-couve.jpg?fit=1024%2C576&ssl=1","width":1024,"height":576,"caption":"Mis disponibilidades semanales para cursos de franc\u00e9s online. No dude en ponerse en contacto conmigo."},{"@type":"BreadcrumbList","@id":"https:\/\/profesordefrancesenmadrid.com\/index.php\/2026\/09\/03\/open-to-work-3\/#breadcrumb","itemListElement":[{"@type":"ListItem","position":1,"name":"Accueil","item":"https:\/\/profesordefrancesenmadrid.com\/"},{"@type":"ListItem","position":2,"name":"Open to work"}]},{"@type":"WebSite","@id":"https:\/\/profesordefrancesenmadrid.com\/#website","url":"https:\/\/profesordefrancesenmadrid.com\/","name":"Ludovic Pedrocchi","description":"Profesor de franc\u00e9s en Madrid desde 2007","publisher":{"@id":"https:\/\/profesordefrancesenmadrid.com\/#organization"},"potentialAction":[{"@type":"SearchAction","target":{"@type":"EntryPoint","urlTemplate":"https:\/\/profesordefrancesenmadrid.com\/?s={search_term_string}"},"query-input":{"@type":"PropertyValueSpecification","valueRequired":true,"valueName":"search_term_string"}}],"inLanguage":"es"},{"@type":"Organization","@id":"https:\/\/profesordefrancesenmadrid.com\/#organization","name":"Profesor de franc\u00e9s en Madrid","url":"https:\/\/profesordefrancesenmadrid.com\/","logo":{"@type":"ImageObject","inLanguage":"es","@id":"https:\/\/profesordefrancesenmadrid.com\/#\/schema\/logo\/image\/","url":"https:\/\/i0.wp.com\/profesordefrancesenmadrid.com\/wp-content\/uploads\/2019\/11\/logo-retina4.png?fit=531%2C64&ssl=1","contentUrl":"https:\/\/i0.wp.com\/profesordefrancesenmadrid.com\/wp-content\/uploads\/2019\/11\/logo-retina4.png?fit=531%2C64&ssl=1","width":531,"height":64,"caption":"Profesor de franc\u00e9s en Madrid"},"image":{"@id":"https:\/\/profesordefrancesenmadrid.com\/#\/schema\/logo\/image\/"},"sameAs":["https:\/\/www.facebook.com\/profesordefrancesenmadrid","https:\/\/x.com\/ldpedrocchi","https:\/\/www.instagram.com\/ludovicpedrocchi\/","https:\/\/www.linkedin.com\/company\/profesordefrancesenmadrid\/","https:\/\/www.youtube.com\/channel\/UCDJoG_2eg4zNu5TEKKnWeOQ"]},{"@type":"Person","@id":"https:\/\/profesordefrancesenmadrid.com\/#\/schema\/person\/0a1adb2c1b651c291c5cbaa79681b408","name":"Ludovic Pedrocchi","image":{"@type":"ImageObject","inLanguage":"es","@id":"https:\/\/secure.gravatar.com\/avatar\/a387eb8654fbe06abe0aaf65349da28f127b1ca3febe9d85747b79a97a1446c2?s=96&d=mm&r=g","url":"https:\/\/secure.gravatar.com\/avatar\/a387eb8654fbe06abe0aaf65349da28f127b1ca3febe9d85747b79a97a1446c2?s=96&d=mm&r=g","contentUrl":"https:\/\/secure.gravatar.com\/avatar\/a387eb8654fbe06abe0aaf65349da28f127b1ca3febe9d85747b79a97a1446c2?s=96&d=mm&r=g","caption":"Ludovic Pedrocchi"},"sameAs":["http:\/\/www.profesordefrancesenmadrid.com"],"url":"https:\/\/profesordefrancesenmadrid.com\/index.php\/author\/ludovicpedrocchi\/"}]}},"jetpack_publicize_connections":[],"jetpack_sharing_enabled":true,"jetpack_likes_enabled":true,"jetpack-related-posts":[],"jetpack_featured_media_url":"https:\/\/i0.wp.com\/profesordefrancesenmadrid.com\/wp-content\/uploads\/2024\/08\/Disponibilites-couve.jpg?fit=1024%2C576&ssl=1","rttpg_featured_image_url":{"full":["https:\/\/i0.wp.com\/profesordefrancesenmadrid.com\/wp-content\/uploads\/2024\/08\/Disponibilites-couve.jpg?fit=1024%2C576&ssl=1",1024,576,false],"landscape":["https:\/\/profesordefrancesenmadrid.com\/wp-content\/uploads\/2024\/08\/Disponibilites-couve.jpg",1024,576,false],"portraits":["https:\/\/profesordefrancesenmadrid.com\/wp-content\/uploads\/2024\/08\/Disponibilites-couve.jpg",1024,576,false],"thumbnail":["https:\/\/i0.wp.com\/profesordefrancesenmadrid.com\/wp-content\/uploads\/2024\/08\/Disponibilites-couve.jpg?resize=150%2C150&ssl=1",150,150,true],"medium":["https:\/\/i0.wp.com\/profesordefrancesenmadrid.com\/wp-content\/uploads\/2024\/08\/Disponibilites-couve.jpg?fit=300%2C169&ssl=1",300,169,true],"large":["https:\/\/i0.wp.com\/profesordefrancesenmadrid.com\/wp-content\/uploads\/2024\/08\/Disponibilites-couve.jpg?fit=790%2C444&ssl=1",790,444,true],"1536x1536":["https:\/\/i0.wp.com\/profesordefrancesenmadrid.com\/wp-content\/uploads\/2024\/08\/Disponibilites-couve.jpg?fit=1024%2C576&ssl=1",1024,576,true],"2048x2048":["https:\/\/i0.wp.com\/profesordefrancesenmadrid.com\/wp-content\/uploads\/2024\/08\/Disponibilites-couve.jpg?fit=1024%2C576&ssl=1",1024,576,true],"screenr-blog-grid-small":["https:\/\/i0.wp.com\/profesordefrancesenmadrid.com\/wp-content\/uploads\/2024\/08\/Disponibilites-couve.jpg?resize=350%2C200&ssl=1",350,200,true],"screenr-blog-grid":["https:\/\/i0.wp.com\/profesordefrancesenmadrid.com\/wp-content\/uploads\/2024\/08\/Disponibilites-couve.jpg?resize=540%2C300&ssl=1",540,300,true],"screenr-blog-list":["https:\/\/i0.wp.com\/profesordefrancesenmadrid.com\/wp-content\/uploads\/2024\/08\/Disponibilites-couve.jpg?resize=790%2C400&ssl=1",790,400,true],"screenr-service-small":["https:\/\/i0.wp.com\/profesordefrancesenmadrid.com\/wp-content\/uploads\/2024\/08\/Disponibilites-couve.jpg?resize=538%2C280&ssl=1",538,280,true],"screenr-thumbnail-team":["https:\/\/i0.wp.com\/profesordefrancesenmadrid.com\/wp-content\/uploads\/2024\/08\/Disponibilites-couve.jpg?resize=340%2C220&ssl=1",340,220,true]},"rttpg_author":{"display_name":"Ludovic Pedrocchi","author_link":"https:\/\/profesordefrancesenmadrid.com\/index.php\/author\/ludovicpedrocchi\/"},"rttpg_comment":0,"rttpg_category":"<a href=\"https:\/\/profesordefrancesenmadrid.com\/index.php\/category\/cultura-francesa-en-madrid\/\" rel=\"category tag\">Cultura Francesa<\/a> <a href=\"https:\/\/profesordefrancesenmadrid.com\/index.php\/category\/aprender\/francais-professionnel\/\" rel=\"category tag\">Fran\u00e7ais professionnel<\/a>","rttpg_excerpt":"Mis disponibilidades semanales para cursos de franc&eacute;s online para 2026\/2027. No dude en ponerse en contacto conmigo.","_links":{"self":[{"href":"https:\/\/profesordefrancesenmadrid.com\/index.php\/wp-json\/wp\/v2\/posts\/16354","targetHints":{"allow":["GET"]}}],"collection":[{"href":"https:\/\/profesordefrancesenmadrid.com\/index.php\/wp-json\/wp\/v2\/posts"}],"about":[{"href":"https:\/\/profesordefrancesenmadrid.com\/index.php\/wp-json\/wp\/v2\/types\/post"}],"author":[{"embeddable":true,"href":"https:\/\/profesordefrancesenmadrid.com\/index.php\/wp-json\/wp\/v2\/users\/3"}],"replies":[{"embeddable":true,"href":"https:\/\/profesordefrancesenmadrid.com\/index.php\/wp-json\/wp\/v2\/comments?post=16354"}],"version-history":[{"count":1,"href":"https:\/\/profesordefrancesenmadrid.com\/index.php\/wp-json\/wp\/v2\/posts\/16354\/revisions"}],"predecessor-version":[{"id":16355,"href":"https:\/\/profesordefrancesenmadrid.com\/index.php\/wp-json\/wp\/v2\/posts\/16354\/revisions\/16355"}],"wp:featuredmedia":[{"embeddable":true,"href":"https:\/\/profesordefrancesenmadrid.com\/index.php\/wp-json\/wp\/v2\/media\/12875"}],"wp:attachment":[{"href":"https:\/\/profesordefrancesenmadrid.com\/index.php\/wp-json\/wp\/v2\/media?parent=16354"}],"wp:term":[{"taxonomy":"category","embeddable":true,"href":"https:\/\/profesordefrancesenmadrid.com\/index.php\/wp-json\/wp\/v2\/categories?post=16354"},{"taxonomy":"post_tag","embeddable":true,"href":"https:\/\/profesordefrancesenmadrid.com\/index.php\/wp-json\/wp\/v2\/tags?post=16354"}],"curies":[{"name":"wp","href":"https:\/\/api.w.org\/{rel}","templated":true}]}}