{"id":16131,"date":"2026-04-26T18:34:15","date_gmt":"2026-04-26T16:34:15","guid":{"rendered":"https:\/\/profesordefrancesenmadrid.com\/?p=16131"},"modified":"2026-04-26T21:44:42","modified_gmt":"2026-04-26T19:44:42","slug":"culture-francaise-a-madrid-30","status":"publish","type":"post","link":"https:\/\/profesordefrancesenmadrid.com\/index.php\/2026\/04\/26\/culture-francaise-a-madrid-30\/","title":{"rendered":"Culture fran\u00e7aise \u00e0 Madrid"},"content":{"rendered":"\n<p>Agenda de la culture fran\u00e7aise \u00e0 Madrid #49 du lundi 27 avril au dimanche 3 mai 2026.<\/p>\n\n\n\n<hr class=\"wp-block-separator has-alpha-channel-opacity\"\/>\n\n\n<h3 style=\"text-align: center;\"><b>Mardi 28 avril<\/b><\/h3>\n<p><a href=\"https:\/\/profesordefrancesenmadrid.com\/index.php\/2026\/04\/24\/ou-voir-psg-bayern-a-madrid\/\" target=\"_blank\" rel=\"noopener\"><strong>\u2192 Profesorde franc\u00e9s en Madrid vous conseille le FRATINA Sport Bar pour voir la demi-finale de la Ligue des Champions PSG-Bayern \u00e0 Madrid (21h)<\/strong><\/a><\/p>\n\n<div class=\"wp-block-image\">\n<figure class=\"aligncenter size-full\"><a href=\"https:\/\/profesordefrancesenmadrid.com\/index.php\/2026\/04\/24\/ou-voir-psg-bayern-a-madrid\/\" target=\"_blank\" rel=\" noreferrer noopener\"><img data-recalc-dims=\"1\" loading=\"lazy\" decoding=\"async\" width=\"790\" height=\"444\" src=\"https:\/\/i0.wp.com\/profesordefrancesenmadrid.com\/wp-content\/uploads\/2026\/04\/PSG-Bayern.png?resize=790%2C444&#038;ssl=1\" alt=\"Profesor de franc\u00e9s en Madrid vous conseille le FRATINA Sport Bar pour voir la demi-finale de la Ligue des Champions PSG-Bayern \u00e0 Madrid !\" class=\"wp-image-16116\" srcset=\"https:\/\/i0.wp.com\/profesordefrancesenmadrid.com\/wp-content\/uploads\/2026\/04\/PSG-Bayern.png?w=1024&amp;ssl=1 1024w, https:\/\/i0.wp.com\/profesordefrancesenmadrid.com\/wp-content\/uploads\/2026\/04\/PSG-Bayern.png?resize=300%2C169&amp;ssl=1 300w, https:\/\/i0.wp.com\/profesordefrancesenmadrid.com\/wp-content\/uploads\/2026\/04\/PSG-Bayern.png?resize=768%2C432&amp;ssl=1 768w\" sizes=\"auto, (max-width: 790px) 100vw, 790px\" \/><\/a><\/figure>\n<\/div>\n\n\n<hr class=\"wp-block-separator has-alpha-channel-opacity\"\/>\n\n\n<h3 style=\"text-align: center;\"><strong>Mercredi 29 avril<\/strong><\/h3>\n<p><a href=\"https:\/\/profesordefrancesenmadrid.com\/index.php\/2026\/04\/26\/de-beauvoir-contra-irigaray\/\" target=\"_blank\" rel=\"noopener\"><strong>\u2192 Dans cette troisi\u00e8me session du s\u00e9minaire &#8220;Debates y combates de la filosof\u00eda frabcesa II&#8221;, d\u00e9bat en espagnol sur la relation entre les pens\u00e9es de Simone de Beauvoir et Lucie Irigaray<\/strong><\/a><\/p>\n\n<div class=\"wp-block-image\">\n<figure class=\"aligncenter size-full\"><a href=\"https:\/\/profesordefrancesenmadrid.com\/index.php\/2026\/04\/26\/de-beauvoir-contra-irigaray\/\" target=\"_blank\" rel=\" noreferrer noopener\"><img data-recalc-dims=\"1\" loading=\"lazy\" decoding=\"async\" width=\"790\" height=\"444\" src=\"https:\/\/i0.wp.com\/profesordefrancesenmadrid.com\/wp-content\/uploads\/2026\/04\/De-Beauvoir-contra-Irigaray.jpg?resize=790%2C444&#038;ssl=1\" alt=\"Dans cette trroisi\u00e8me session, d\u00e9bat en espagnol sur la relation entre les pens\u00e9es de Simone de Beauvoir et Lucie Irigaray.\" class=\"wp-image-16125\" srcset=\"https:\/\/i0.wp.com\/profesordefrancesenmadrid.com\/wp-content\/uploads\/2026\/04\/De-Beauvoir-contra-Irigaray.jpg?w=1024&amp;ssl=1 1024w, https:\/\/i0.wp.com\/profesordefrancesenmadrid.com\/wp-content\/uploads\/2026\/04\/De-Beauvoir-contra-Irigaray.jpg?resize=300%2C169&amp;ssl=1 300w, https:\/\/i0.wp.com\/profesordefrancesenmadrid.com\/wp-content\/uploads\/2026\/04\/De-Beauvoir-contra-Irigaray.jpg?resize=768%2C432&amp;ssl=1 768w\" sizes=\"auto, (max-width: 790px) 100vw, 790px\" \/><\/a><\/figure>\n<\/div>\n\n\n<hr class=\"wp-block-separator has-alpha-channel-opacity\"\/>\n\n\n<h3 style=\"text-align: center;\"><strong>Jeudi 30 avril<\/strong><\/h3>\n<p><a href=\"https:\/\/profesordefrancesenmadrid.com\/index.php\/2026\/04\/26\/ivan-smagghe-a-madrid\/\" target=\"_blank\" rel=\"noopener\"><strong>\u2192 Ivan Smagghe, DJ fran\u00e7ais de l\u00e9gende, d\u00e9barque \u00e0 Madrid pour un set o\u00f9 EBM, new wave, acid et techno coexistent sans compromis<\/strong><\/a><\/p>\n\n<div class=\"wp-block-image\">\n<figure class=\"aligncenter size-full\"><a href=\"https:\/\/profesordefrancesenmadrid.com\/index.php\/2026\/04\/26\/ivan-smagghe-a-madrid\/\" target=\"_blank\" rel=\" noreferrer noopener\"><img data-recalc-dims=\"1\" loading=\"lazy\" decoding=\"async\" width=\"790\" height=\"444\" src=\"https:\/\/i0.wp.com\/profesordefrancesenmadrid.com\/wp-content\/uploads\/2026\/04\/Ivan-Smagghe-a-Madrid.jpg?resize=790%2C444&#038;ssl=1\" alt=\"Ivan Smagghe, DJ fran\u00e7ais de l\u00e9gende, d\u00e9barque \u00e0 Madrid pour un set o\u00f9 EBM, new wave, acid et techno coexistent sans compromis.\" class=\"wp-image-16128\" srcset=\"https:\/\/i0.wp.com\/profesordefrancesenmadrid.com\/wp-content\/uploads\/2026\/04\/Ivan-Smagghe-a-Madrid.jpg?w=1024&amp;ssl=1 1024w, https:\/\/i0.wp.com\/profesordefrancesenmadrid.com\/wp-content\/uploads\/2026\/04\/Ivan-Smagghe-a-Madrid.jpg?resize=300%2C169&amp;ssl=1 300w, https:\/\/i0.wp.com\/profesordefrancesenmadrid.com\/wp-content\/uploads\/2026\/04\/Ivan-Smagghe-a-Madrid.jpg?resize=768%2C432&amp;ssl=1 768w\" sizes=\"auto, (max-width: 790px) 100vw, 790px\" \/><\/a><\/figure>\n<\/div>\n\n\n<hr class=\"wp-block-separator has-alpha-channel-opacity\"\/>\n\n\n<h3 style=\"text-align: center;\"><strong>Du jeudi 30 avril au 3 mai<\/strong><\/h3>\n\n<p><a href=\"https:\/\/profesordefrancesenmadrid.com\/index.php\/2026\/04\/26\/dos-de-mayo-2026\/\" target=\"_blank\" rel=\"noopener\"><strong>\u2192 Festivit\u00e9s du Dos de Mayo avec des animations dans toute la ville !<\/strong><\/a><\/p>\n\n<div class=\"wp-block-image\">\n<figure class=\"aligncenter size-full\"><img data-recalc-dims=\"1\" loading=\"lazy\" decoding=\"async\" width=\"790\" height=\"444\" src=\"https:\/\/i0.wp.com\/profesordefrancesenmadrid.com\/wp-content\/uploads\/2026\/04\/Dos-de-mayo-226-1.jpg?resize=790%2C444&#038;ssl=1\" alt=\"\" class=\"wp-image-16137\" srcset=\"https:\/\/i0.wp.com\/profesordefrancesenmadrid.com\/wp-content\/uploads\/2026\/04\/Dos-de-mayo-226-1.jpg?w=1024&amp;ssl=1 1024w, https:\/\/i0.wp.com\/profesordefrancesenmadrid.com\/wp-content\/uploads\/2026\/04\/Dos-de-mayo-226-1.jpg?resize=300%2C169&amp;ssl=1 300w, https:\/\/i0.wp.com\/profesordefrancesenmadrid.com\/wp-content\/uploads\/2026\/04\/Dos-de-mayo-226-1.jpg?resize=768%2C432&amp;ssl=1 768w\" sizes=\"auto, (max-width: 790px) 100vw, 790px\" \/><\/figure>\n<\/div>\n\n\n<hr class=\"wp-block-separator has-alpha-channel-opacity\"\/>\n\n\n<div class=\"wp-block-image\">\n<figure class=\"aligncenter size-full\"><img data-recalc-dims=\"1\" loading=\"lazy\" decoding=\"async\" width=\"790\" height=\"444\" src=\"https:\/\/i0.wp.com\/profesordefrancesenmadrid.com\/wp-content\/uploads\/2026\/02\/Les-bons-plans-sur-Madrid.jpg?resize=790%2C444&#038;ssl=1\" alt=\"Les bons plans sur Madrid\" class=\"wp-image-15691\" srcset=\"https:\/\/i0.wp.com\/profesordefrancesenmadrid.com\/wp-content\/uploads\/2026\/02\/Les-bons-plans-sur-Madrid.jpg?w=1024&amp;ssl=1 1024w, https:\/\/i0.wp.com\/profesordefrancesenmadrid.com\/wp-content\/uploads\/2026\/02\/Les-bons-plans-sur-Madrid.jpg?resize=300%2C169&amp;ssl=1 300w, https:\/\/i0.wp.com\/profesordefrancesenmadrid.com\/wp-content\/uploads\/2026\/02\/Les-bons-plans-sur-Madrid.jpg?resize=768%2C432&amp;ssl=1 768w\" sizes=\"auto, (max-width: 790px) 100vw, 790px\" \/><\/figure>\n<\/div>\n\n\n<hr class=\"wp-block-separator has-alpha-channel-opacity\"\/>\n\n\n<h3 style=\"text-align: center;\"><strong>Jusqu&#8217;au 31 mai 2026<\/strong><\/h3>\n<p><a href=\"https:\/\/profesordefrancesenmadrid.com\/index.php\/2026\/04\/10\/vilhelm-hammershoi\/\" target=\"_blank\" rel=\"noopener\"><strong>\u2192 Entr\u00e9e gratuite les samedis de 21h \u00e0 23h \u00e0 l&#8217;exposition du peintre danois Vilhelm Hammersh\u00f8i au Museo Nacional Thyssen-Bornemisza<\/strong><\/a><\/p>\n\n<div class=\"wp-block-image\">\n<figure class=\"aligncenter size-full\"><a href=\"https:\/\/profesordefrancesenmadrid.com\/index.php\/2026\/04\/10\/vilhelm-hammershoi\/\" target=\"_blank\" rel=\" noreferrer noopener\"><img data-recalc-dims=\"1\" loading=\"lazy\" decoding=\"async\" width=\"790\" height=\"444\" src=\"https:\/\/i0.wp.com\/profesordefrancesenmadrid.com\/wp-content\/uploads\/2026\/04\/Vilhelm-Hammershoi.jpg?resize=790%2C444&#038;ssl=1\" alt=\"Entr\u00e9e gratuite les samedis \u00e0 l'exposition du peintre danois Vilhelm Hammersh\u00f8i, pr\u00e9sent\u00e9e au Museo Nacional Thyssen-Bornemisza.\" class=\"wp-image-16002\" srcset=\"https:\/\/i0.wp.com\/profesordefrancesenmadrid.com\/wp-content\/uploads\/2026\/04\/Vilhelm-Hammershoi.jpg?w=1024&amp;ssl=1 1024w, https:\/\/i0.wp.com\/profesordefrancesenmadrid.com\/wp-content\/uploads\/2026\/04\/Vilhelm-Hammershoi.jpg?resize=300%2C169&amp;ssl=1 300w, https:\/\/i0.wp.com\/profesordefrancesenmadrid.com\/wp-content\/uploads\/2026\/04\/Vilhelm-Hammershoi.jpg?resize=768%2C432&amp;ssl=1 768w\" sizes=\"auto, (max-width: 790px) 100vw, 790px\" \/><\/a><\/figure>\n<\/div>\n\n\n<hr class=\"wp-block-separator has-alpha-channel-opacity\"\/>\n\n\n<p><a href=\"https:\/\/profesordefrancesenmadrid.com\/index.php\/2026\/03\/03\/exposition-madrid-hyperrealiste\/\" target=\"_blank\" rel=\"noopener\"><strong>\u2192 Le Museo de Historia de Madrid accueille jusqu\u2019au 24 mai 2026 une s\u00e9lection de peintures hyperr\u00e9alistes sur la ville de Madrid du peintre Jos\u00e9 Miguel Palacio (gratuit !)<\/strong><\/a><\/p>\n\n<div class=\"wp-block-image\">\n<figure class=\"aligncenter size-full\"><a href=\"https:\/\/profesordefrancesenmadrid.com\/index.php\/2026\/03\/03\/exposition-madrid-hyperrealiste\/\" target=\"_blank\" rel=\" noreferrer noopener\"><img data-recalc-dims=\"1\" loading=\"lazy\" decoding=\"async\" width=\"790\" height=\"444\" src=\"https:\/\/i0.wp.com\/profesordefrancesenmadrid.com\/wp-content\/uploads\/2026\/03\/naturelasa.jpg?resize=790%2C444&#038;ssl=1\" alt=\"Le Museo de Historia de Madrid accueille une s\u00e9lection de peintures hyperr\u00e9alistes sur la ville de Madrid du peintre Jos\u00e9 Miguel Palacio.\" class=\"wp-image-15816\" srcset=\"https:\/\/i0.wp.com\/profesordefrancesenmadrid.com\/wp-content\/uploads\/2026\/03\/naturelasa.jpg?w=1024&amp;ssl=1 1024w, https:\/\/i0.wp.com\/profesordefrancesenmadrid.com\/wp-content\/uploads\/2026\/03\/naturelasa.jpg?resize=300%2C169&amp;ssl=1 300w, https:\/\/i0.wp.com\/profesordefrancesenmadrid.com\/wp-content\/uploads\/2026\/03\/naturelasa.jpg?resize=768%2C432&amp;ssl=1 768w\" sizes=\"auto, (max-width: 790px) 100vw, 790px\" \/><\/a><\/figure>\n<\/div>\n\n\n<hr class=\"wp-block-separator has-alpha-channel-opacity\"\/>\n\n\n<p><a href=\"https:\/\/profesordefrancesenmadrid.com\/index.php\/2026\/03\/03\/100-lexpo-madrid-2026\/\" target=\"_blank\" rel=\"noopener\"><strong>\u2192L\u2019Institut fran\u00e7ais d\u2019Espagne vous invite \u00e0 d\u00e9couvrir la deuxi\u00e8me \u00e9dition de \u201c100% L\u2019EXPO Madrid 2026\u201d en collaboration avec La Villette et ARCOMadrid, qui aura lieu \u00e0 la Galerie du 10 jusqu&#8217;au 8 mai (gratuit !)<\/strong><\/a><\/p>\n\n<div class=\"wp-block-image\">\n<figure class=\"aligncenter size-full\"><a href=\"https:\/\/profesordefrancesenmadrid.com\/index.php\/2026\/03\/03\/100-lexpo-madrid-2026\/\" target=\"_blank\" rel=\" noreferrer noopener\"><img data-recalc-dims=\"1\" loading=\"lazy\" decoding=\"async\" width=\"790\" height=\"444\" src=\"https:\/\/i0.wp.com\/profesordefrancesenmadrid.com\/wp-content\/uploads\/2026\/03\/100-LEXPO-Madrid-2026.jpg?resize=790%2C444&#038;ssl=1\" alt=\"L\u2019Institut fran\u00e7ais d\u2019Espagne vous invite \u00e0 d\u00e9couvrir la deuxi\u00e8me \u00e9dition de &quot;100% L\u2019EXPO Madrid 2026&quot; en collaboration avec La Villette et ARCOMadrid, qui aura lieu \u00e0 la Galerie du 10 du 4\u00a0mars au 8\u00a0mai.\" class=\"wp-image-15813\" srcset=\"https:\/\/i0.wp.com\/profesordefrancesenmadrid.com\/wp-content\/uploads\/2026\/03\/100-LEXPO-Madrid-2026.jpg?w=1024&amp;ssl=1 1024w, https:\/\/i0.wp.com\/profesordefrancesenmadrid.com\/wp-content\/uploads\/2026\/03\/100-LEXPO-Madrid-2026.jpg?resize=300%2C169&amp;ssl=1 300w, https:\/\/i0.wp.com\/profesordefrancesenmadrid.com\/wp-content\/uploads\/2026\/03\/100-LEXPO-Madrid-2026.jpg?resize=768%2C432&amp;ssl=1 768w\" sizes=\"auto, (max-width: 790px) 100vw, 790px\" \/><\/a><\/figure>\n<\/div>\n\n\n<hr class=\"wp-block-separator has-alpha-channel-opacity\"\/>\n\n\n<p><a href=\"https:\/\/profesordefrancesenmadrid.com\/index.php\/2026\/02\/06\/expo-art-urbain\/\" target=\"_blank\" rel=\"noopener\"><strong>\u2192 Expo &#8220;Art urbain. Des origines \u00e0 Banksy&#8221; \u00e0 la Fundaci\u00f3n Canal (gratuit !)<\/strong><\/a><\/p>\n\n<div class=\"wp-block-image\">\n<figure class=\"aligncenter size-full\"><a href=\"https:\/\/profesordefrancesenmadrid.com\/index.php\/2026\/02\/06\/expo-art-urbain\/\" target=\"_blank\" rel=\" noreferrer noopener\"><img data-recalc-dims=\"1\" loading=\"lazy\" decoding=\"async\" width=\"790\" height=\"444\" src=\"https:\/\/i0.wp.com\/profesordefrancesenmadrid.com\/wp-content\/uploads\/2026\/02\/Arte-urbano.jpg?resize=790%2C444&#038;ssl=1\" alt=\"Exposition gratuite sur l'Art urbain, &quot;Arte urbano. De los or\u00edgenes a Banksy&quot; \u00e0 la Fundaci\u00f3n Canal, avec plus de 60 \u0153uvres d\u2019artistes majeurs dont Banksy, Basquiat, OBEY etc.\" class=\"wp-image-15614\" srcset=\"https:\/\/i0.wp.com\/profesordefrancesenmadrid.com\/wp-content\/uploads\/2026\/02\/Arte-urbano.jpg?w=1024&amp;ssl=1 1024w, https:\/\/i0.wp.com\/profesordefrancesenmadrid.com\/wp-content\/uploads\/2026\/02\/Arte-urbano.jpg?resize=300%2C169&amp;ssl=1 300w, https:\/\/i0.wp.com\/profesordefrancesenmadrid.com\/wp-content\/uploads\/2026\/02\/Arte-urbano.jpg?resize=768%2C432&amp;ssl=1 768w\" sizes=\"auto, (max-width: 790px) 100vw, 790px\" \/><\/a><\/figure>\n<\/div>\n\n\n<hr class=\"wp-block-separator has-alpha-channel-opacity\"\/>\n\n\n<p><strong><a href=\"https:\/\/profesordefrancesenmadrid.com\/index.php\/2026\/02\/26\/dessins-et-sculptures-des-collections-ico\/\" target=\"_blank\" rel=\"noopener\">\u2192 L\u2019exposition \u201cTransitar el siglo XX. Dibujo y escultura en las Colecciones ICO\u201d rend hommage au mus\u00e9e ICO en pr\u00e9sentant une s\u00e9lection de sa collection d\u2019art 8 (gratuit !)<\/a><\/strong><\/p>\n\n<div class=\"wp-block-image\">\n<figure class=\"aligncenter size-full\"><a href=\"https:\/\/profesordefrancesenmadrid.com\/index.php\/2026\/02\/26\/dessins-et-sculptures-des-collections-ico\/\" target=\"_blank\" rel=\" noreferrer noopener\"><img data-recalc-dims=\"1\" loading=\"lazy\" decoding=\"async\" width=\"790\" height=\"444\" src=\"https:\/\/i0.wp.com\/profesordefrancesenmadrid.com\/wp-content\/uploads\/2026\/02\/Transitar-el-siglo-XX.-Dibujo-y-escultura-en-las-Colecciones-ICO.jpg?resize=790%2C444&#038;ssl=1\" alt=\"L\u2019exposition &quot;Transitar el siglo XX. Dibujo y escultura en las Colecciones ICO&quot; rend hommage au mus\u00e9e ICO en pr\u00e9sentant une s\u00e9lection de sa collection d\u2019art.\" class=\"wp-image-15785\" srcset=\"https:\/\/i0.wp.com\/profesordefrancesenmadrid.com\/wp-content\/uploads\/2026\/02\/Transitar-el-siglo-XX.-Dibujo-y-escultura-en-las-Colecciones-ICO.jpg?w=1024&amp;ssl=1 1024w, https:\/\/i0.wp.com\/profesordefrancesenmadrid.com\/wp-content\/uploads\/2026\/02\/Transitar-el-siglo-XX.-Dibujo-y-escultura-en-las-Colecciones-ICO.jpg?resize=300%2C169&amp;ssl=1 300w, https:\/\/i0.wp.com\/profesordefrancesenmadrid.com\/wp-content\/uploads\/2026\/02\/Transitar-el-siglo-XX.-Dibujo-y-escultura-en-las-Colecciones-ICO.jpg?resize=768%2C432&amp;ssl=1 768w\" sizes=\"auto, (max-width: 790px) 100vw, 790px\" \/><\/a><\/figure>\n<\/div>\n\n\n<hr class=\"wp-block-separator has-alpha-channel-opacity\"\/>\n\n\n<p><a href=\"https:\/\/profesordefrancesenmadrid.com\/index.php\/2026\/02\/06\/cine-gratuit-a-madrid\/\" target=\"_blank\" rel=\"noopener\"><strong>\u2192 Cin\u00e9 gratuit \u00e0 la Filmoteca Espa\u00f1ola<\/strong><\/a><\/p>\n\n<div class=\"wp-block-image\">\n<figure class=\"aligncenter size-full\"><a href=\"https:\/\/profesordefrancesenmadrid.com\/index.php\/2026\/02\/06\/cine-gratuit-a-madrid\/\" target=\"_blank\" rel=\" noreferrer noopener\"><img data-recalc-dims=\"1\" loading=\"lazy\" decoding=\"async\" width=\"790\" height=\"444\" src=\"https:\/\/i0.wp.com\/profesordefrancesenmadrid.com\/wp-content\/uploads\/2026\/02\/Cine-Dore.jpg?resize=790%2C444&#038;ssl=1\" alt=\"La Filmoteca Espa\u00f1ola est en travaux et pour l'occasion, toutes les projections sont gratuites !\" class=\"wp-image-15623\" srcset=\"https:\/\/i0.wp.com\/profesordefrancesenmadrid.com\/wp-content\/uploads\/2026\/02\/Cine-Dore.jpg?w=1024&amp;ssl=1 1024w, https:\/\/i0.wp.com\/profesordefrancesenmadrid.com\/wp-content\/uploads\/2026\/02\/Cine-Dore.jpg?resize=300%2C169&amp;ssl=1 300w, https:\/\/i0.wp.com\/profesordefrancesenmadrid.com\/wp-content\/uploads\/2026\/02\/Cine-Dore.jpg?resize=768%2C432&amp;ssl=1 768w\" sizes=\"auto, (max-width: 790px) 100vw, 790px\" \/><\/a><\/figure>\n<\/div>\n\n\n<hr class=\"wp-block-separator has-alpha-channel-opacity\"\/>\n\n\n<p><a href=\"https:\/\/profesordefrancesenmadrid.com\/index.php\/2026\/02\/07\/exposition-sur-les-actualites-espagnoles-durant-le-franquisme\/\" target=\"_blank\" rel=\"noopener\"><strong>\u2192 Exposition &#8220;NO-DO. El mundo de ayer. Imagen y propaganda del franquismo&#8221; sur les actualit\u00e9s espagnoles durant le franquisme. Entr\u00e9e libre<\/strong><\/a><\/p>\n\n<div class=\"wp-block-image\">\n<figure class=\"aligncenter size-full\"><a href=\"https:\/\/profesordefrancesenmadrid.com\/index.php\/2026\/02\/07\/exposition-sur-les-actualites-espagnoles-durant-le-franquisme\/\" target=\"_blank\" rel=\" noreferrer noopener\"><img data-recalc-dims=\"1\" loading=\"lazy\" decoding=\"async\" width=\"790\" height=\"444\" src=\"https:\/\/i0.wp.com\/profesordefrancesenmadrid.com\/wp-content\/uploads\/2026\/02\/NO-DO.-El-mundo-de-ayer.-Imagen-y-propaganda-del-franquismo-3.jpg?resize=790%2C444&#038;ssl=1\" alt=\"\" class=\"wp-image-15662\" srcset=\"https:\/\/i0.wp.com\/profesordefrancesenmadrid.com\/wp-content\/uploads\/2026\/02\/NO-DO.-El-mundo-de-ayer.-Imagen-y-propaganda-del-franquismo-3.jpg?w=1024&amp;ssl=1 1024w, https:\/\/i0.wp.com\/profesordefrancesenmadrid.com\/wp-content\/uploads\/2026\/02\/NO-DO.-El-mundo-de-ayer.-Imagen-y-propaganda-del-franquismo-3.jpg?resize=300%2C169&amp;ssl=1 300w, https:\/\/i0.wp.com\/profesordefrancesenmadrid.com\/wp-content\/uploads\/2026\/02\/NO-DO.-El-mundo-de-ayer.-Imagen-y-propaganda-del-franquismo-3.jpg?resize=768%2C432&amp;ssl=1 768w\" sizes=\"auto, (max-width: 790px) 100vw, 790px\" \/><\/a><\/figure>\n<\/div>\n\n\n<hr class=\"wp-block-separator has-alpha-channel-opacity\"\/>\n\n\n<div class=\"wp-block-image\">\n<figure class=\"aligncenter size-full\"><a href=\"https:\/\/profesordefrancesenmadrid.com\/index.php\/category\/cultura-francesa-en-madrid\/cine\/\" target=\"_blank\" rel=\" noreferrer noopener\"><img data-recalc-dims=\"1\" loading=\"lazy\" decoding=\"async\" width=\"790\" height=\"444\" src=\"https:\/\/i0.wp.com\/profesordefrancesenmadrid.com\/wp-content\/uploads\/2025\/12\/Image-cinema.jpg?resize=790%2C444&#038;ssl=1\" alt=\"\" class=\"wp-image-15505\" srcset=\"https:\/\/i0.wp.com\/profesordefrancesenmadrid.com\/wp-content\/uploads\/2025\/12\/Image-cinema.jpg?w=1024&amp;ssl=1 1024w, https:\/\/i0.wp.com\/profesordefrancesenmadrid.com\/wp-content\/uploads\/2025\/12\/Image-cinema.jpg?resize=300%2C169&amp;ssl=1 300w, https:\/\/i0.wp.com\/profesordefrancesenmadrid.com\/wp-content\/uploads\/2025\/12\/Image-cinema.jpg?resize=768%2C432&amp;ssl=1 768w\" sizes=\"auto, (max-width: 790px) 100vw, 790px\" \/><\/a><\/figure>\n<\/div>\n\n\n<hr class=\"wp-block-separator has-alpha-channel-opacity\"\/>\n\n\n<p><a href=\"https:\/\/profesordefrancesenmadrid.com\/index.php\/2026\/04\/11\/la-femme-la-plus-riche-du-monde-2\/\" target=\"_blank\" rel=\"noopener\"><strong>&#8220;La femme la plus riche du monde&#8221; (&#8220;La mujer m\u00e1s rica del mundo&#8221;) avec Isabelle Huppert, inspir\u00e9 librement de L&#8217;affaire Bettencourt.<\/strong><\/a><\/p>\n\n<div class=\"wp-block-image\">\n<figure class=\"aligncenter size-full\"><a href=\"https:\/\/profesordefrancesenmadrid.com\/index.php\/2026\/04\/11\/la-femme-la-plus-riche-du-monde-2\/\" target=\"_blank\" rel=\" noreferrer noopener\"><img data-recalc-dims=\"1\" loading=\"lazy\" decoding=\"async\" width=\"790\" height=\"444\" src=\"https:\/\/i0.wp.com\/profesordefrancesenmadrid.com\/wp-content\/uploads\/2026\/04\/La-femme-la-plus-riche-du-monde-couve.jpg?resize=790%2C444&#038;ssl=1\" alt=\"\ud83c\udfac Sortie en Espagne du film &quot;La femme la plus riche du monde&quot; avec Isabelle Huppert, inspir\u00e9 librement de L'affaire Bettencourt.\" class=\"wp-image-15985\" srcset=\"https:\/\/i0.wp.com\/profesordefrancesenmadrid.com\/wp-content\/uploads\/2026\/04\/La-femme-la-plus-riche-du-monde-couve.jpg?w=1024&amp;ssl=1 1024w, https:\/\/i0.wp.com\/profesordefrancesenmadrid.com\/wp-content\/uploads\/2026\/04\/La-femme-la-plus-riche-du-monde-couve.jpg?resize=300%2C169&amp;ssl=1 300w, https:\/\/i0.wp.com\/profesordefrancesenmadrid.com\/wp-content\/uploads\/2026\/04\/La-femme-la-plus-riche-du-monde-couve.jpg?resize=768%2C432&amp;ssl=1 768w\" sizes=\"auto, (max-width: 790px) 100vw, 790px\" \/><\/a><\/figure>\n<\/div>\n\n\n<hr class=\"wp-block-separator has-alpha-channel-opacity\"\/>\n\n\n<p><a href=\"https:\/\/profesordefrancesenmadrid.com\/index.php\/2026\/02\/19\/amelie-et-la-metaphysique-des-tubes\/\" target=\"_blank\" rel=\"noopener\"><strong>\u2192 Sortie en Espagne du film d\u2019animation de l\u2019ann\u00e9e, \u201cAm\u00e9lie et la M\u00e9taphysique des tubes\u201d (\u201cLittle Am\u00e9lie\u201d) d\u2019apr\u00e8s un roman d\u2019Am\u00e9lie Nothomb<\/strong><\/a><\/p>\n\n<div class=\"wp-block-image\">\n<figure class=\"aligncenter size-full\"><a href=\"https:\/\/profesordefrancesenmadrid.com\/index.php\/2026\/02\/19\/amelie-et-la-metaphysique-des-tubes\/\" target=\"_blank\" rel=\" noreferrer noopener\"><img data-recalc-dims=\"1\" loading=\"lazy\" decoding=\"async\" width=\"790\" height=\"444\" src=\"https:\/\/i0.wp.com\/profesordefrancesenmadrid.com\/wp-content\/uploads\/2026\/02\/Amelie-et-la-Metaphysique-des-tubes.jpg?resize=790%2C444&#038;ssl=1\" alt=\"Sortie en Espagne du film d'animation de l'ann\u00e9e, &quot;Am\u00e9lie et la M\u00e9taphysique des tubes&quot; (&quot;Little Am\u00e9lie&quot;) d'apr\u00e8s un roman d'Am\u00e9lie Nothomb.\" class=\"wp-image-15756\" srcset=\"https:\/\/i0.wp.com\/profesordefrancesenmadrid.com\/wp-content\/uploads\/2026\/02\/Amelie-et-la-Metaphysique-des-tubes.jpg?w=1024&amp;ssl=1 1024w, https:\/\/i0.wp.com\/profesordefrancesenmadrid.com\/wp-content\/uploads\/2026\/02\/Amelie-et-la-Metaphysique-des-tubes.jpg?resize=300%2C169&amp;ssl=1 300w, https:\/\/i0.wp.com\/profesordefrancesenmadrid.com\/wp-content\/uploads\/2026\/02\/Amelie-et-la-Metaphysique-des-tubes.jpg?resize=768%2C432&amp;ssl=1 768w\" sizes=\"auto, (max-width: 790px) 100vw, 790px\" \/><\/a><\/figure>\n<\/div>\n\n\n<hr class=\"wp-block-separator has-alpha-channel-opacity\"\/>\n\n\n<p><a href=\"https:\/\/profesordefrancesenmadrid.com\/index.php\/2026\/02\/14\/arco-2\/\" target=\"_blank\" rel=\"noopener\"><strong>\u2192 &#8220;Arco&#8221; d\u2019Ugo Bienvenu : Cristal du long m\u00e9trage au Festival international du film d&#8217;animation d&#8217;Annecy 2025<\/strong><\/a><\/p>\n\n<div class=\"wp-block-image\">\n<figure class=\"aligncenter size-full\"><a href=\"https:\/\/profesordefrancesenmadrid.com\/index.php\/2026\/02\/14\/arco-2\/\" target=\"_blank\" rel=\" noreferrer noopener\"><img data-recalc-dims=\"1\" loading=\"lazy\" decoding=\"async\" width=\"790\" height=\"444\" src=\"https:\/\/i0.wp.com\/profesordefrancesenmadrid.com\/wp-content\/uploads\/2025\/11\/Arco.jpg?resize=790%2C444&#038;ssl=1\" alt=\"&quot;Arco&quot; d\u2019Ugo Bienvenu : Cristal du long m\u00e9trage au Festival international du film d'animation d'Annecy 2025.\" class=\"wp-image-15371\" srcset=\"https:\/\/i0.wp.com\/profesordefrancesenmadrid.com\/wp-content\/uploads\/2025\/11\/Arco.jpg?w=1024&amp;ssl=1 1024w, https:\/\/i0.wp.com\/profesordefrancesenmadrid.com\/wp-content\/uploads\/2025\/11\/Arco.jpg?resize=300%2C169&amp;ssl=1 300w, https:\/\/i0.wp.com\/profesordefrancesenmadrid.com\/wp-content\/uploads\/2025\/11\/Arco.jpg?resize=768%2C432&amp;ssl=1 768w\" sizes=\"auto, (max-width: 790px) 100vw, 790px\" \/><\/a><\/figure>\n<\/div>\n\n\n<hr class=\"wp-block-separator has-alpha-channel-opacity\"\/>\n\n\n<h3 style=\"text-align: center;\"><a href=\"https:\/\/profesordefrancesenmadrid.com\/index.php\/cultura-francesa-en-madrid\/\" target=\"_blank\" rel=\"noopener\"><strong>+ de Cultura Francesa<\/strong><\/a><\/h3>\n\n\n<hr class=\"wp-block-separator has-alpha-channel-opacity\"\/>\n\n\n\n<p><\/p>\n","protected":false},"excerpt":{"rendered":"<p>\ud83c\udfaf Agenda de la culture fran\u00e7aise \u00e0 Madrid #48 du lundi 20 avril au dimanche 26 avril 2026 avec le festival de graffiti de Malasa\u00f1a.<\/p>\n","protected":false},"author":3,"featured_media":16145,"comment_status":"open","ping_status":"open","sticky":false,"template":"","format":"standard","meta":{"_jetpack_memberships_contains_paid_content":false,"footnotes":"","jetpack_publicize_message":"","jetpack_publicize_feature_enabled":true,"jetpack_social_post_already_shared":true,"jetpack_social_options":{"image_generator_settings":{"template":"highway","default_image_id":0,"font":"","enabled":false},"version":2}},"categories":[23],"tags":[1120,821,1095,1114,1217,932,596,225,160,1180,1216,1181,1137,1093,1207,1212,1185],"class_list":["post-16131","post","type-post","status-publish","format-standard","has-post-thumbnail","hentry","category-cultura-francesa-en-madrid","tag-amelie-nothomb","tag-banksy","tag-cine-gratuit","tag-debats-et-combats-de-la-philosophie-francaise","tag-dos-de-mayo-2026","tag-exposition-gratuite-a-madrid","tag-film-francais-en-espagne","tag-filmoteca-espanola","tag-institut-francais-de-madrid","tag-isabelle-huppert","tag-ivan-smagghe-a-madrid","tag-la-femme-la-plus-riche-du-monde","tag-madrid-hyperrealiste","tag-no-do-el-mundo-de-ayer-imagen-y-propaganda-del-franquismo","tag-ou-voir-psg-bayern-a-madrid","tag-simone-de-beauvoir","tag-vilhelm-hammershoi"],"yoast_head":"<!-- This site is optimized with the Yoast SEO plugin v27.4 - https:\/\/yoast.com\/product\/yoast-seo-wordpress\/ -->\n<title>Culture fran\u00e7aise \u00e0 Madrid - Ludovic Pedrocchi - profesordefrancesenmadrid.com<\/title>\n<meta name=\"description\" content=\"\ud83c\udfaf Agenda de la culture fran\u00e7aise \u00e0 Madrid #49 du lundi 27 avril au dimanche 3 mai 2026 sous le signe des festivit\u00e9s du Dos de Mayo !\" \/>\n<meta name=\"robots\" content=\"index, follow, max-snippet:-1, max-image-preview:large, max-video-preview:-1\" \/>\n<link rel=\"canonical\" href=\"https:\/\/profesordefrancesenmadrid.com\/index.php\/2026\/04\/26\/culture-francaise-a-madrid-30\/\" \/>\n<meta property=\"og:locale\" content=\"es_ES\" \/>\n<meta property=\"og:type\" content=\"article\" \/>\n<meta property=\"og:title\" content=\"Culture fran\u00e7aise \u00e0 Madrid\" \/>\n<meta property=\"og:description\" content=\"\ud83c\udfaf Agenda de la culture fran\u00e7aise \u00e0 Madrid #49 du lundi 27 avril au dimanche 3 mai 2026 avec les festivit\u00e9s du Dos de Mayo !\" \/>\n<meta property=\"og:url\" content=\"https:\/\/profesordefrancesenmadrid.com\/index.php\/2026\/04\/26\/culture-francaise-a-madrid-30\/\" \/>\n<meta property=\"og:site_name\" content=\"Ludovic Pedrocchi\" \/>\n<meta property=\"article:publisher\" content=\"https:\/\/www.facebook.com\/profesordefrancesenmadrid\" \/>\n<meta property=\"article:published_time\" content=\"2026-04-26T16:34:15+00:00\" \/>\n<meta property=\"article:modified_time\" content=\"2026-04-26T19:44:42+00:00\" \/>\n<meta property=\"og:image\" content=\"https:\/\/profesordefrancesenmadrid.com\/wp-content\/uploads\/2026\/04\/Couve-agenda-49.jpg\" \/>\n\t<meta property=\"og:image:width\" content=\"1024\" \/>\n\t<meta property=\"og:image:height\" content=\"576\" \/>\n\t<meta property=\"og:image:type\" content=\"image\/jpeg\" \/>\n<meta name=\"author\" content=\"Ludovic Pedrocchi\" \/>\n<meta name=\"twitter:card\" content=\"summary_large_image\" \/>\n<meta name=\"twitter:title\" content=\"Culture fran\u00e7aise \u00e0 Madrid\" \/>\n<meta name=\"twitter:description\" content=\"\ud83c\udfaf Agenda de la culture fran\u00e7aise \u00e0 Madrid #49 du lundi 27 avril au dimanche 3 mai 2026 avec les festivit\u00e9s du Dos de Mayo !\" \/>\n<meta name=\"twitter:image\" content=\"https:\/\/i0.wp.com\/profesordefrancesenmadrid.com\/wp-content\/uploads\/2026\/04\/Couve-agenda-49.jpg?fit=1024%2C576&ssl=1\" \/>\n<meta name=\"twitter:creator\" content=\"@ldpedrocchi\" \/>\n<meta name=\"twitter:site\" content=\"@ldpedrocchi\" \/>\n<meta name=\"twitter:label1\" content=\"Escrito por\" \/>\n\t<meta name=\"twitter:data1\" content=\"Ludovic Pedrocchi\" \/>\n\t<meta name=\"twitter:label2\" content=\"Tiempo de lectura\" \/>\n\t<meta name=\"twitter:data2\" content=\"5 minutos\" \/>\n<script type=\"application\/ld+json\" class=\"yoast-schema-graph\">{\"@context\":\"https:\\\/\\\/schema.org\",\"@graph\":[{\"@type\":\"Article\",\"@id\":\"https:\\\/\\\/profesordefrancesenmadrid.com\\\/index.php\\\/2026\\\/04\\\/26\\\/culture-francaise-a-madrid-30\\\/#article\",\"isPartOf\":{\"@id\":\"https:\\\/\\\/profesordefrancesenmadrid.com\\\/index.php\\\/2026\\\/04\\\/26\\\/culture-francaise-a-madrid-30\\\/\"},\"author\":{\"name\":\"Ludovic Pedrocchi\",\"@id\":\"https:\\\/\\\/profesordefrancesenmadrid.com\\\/#\\\/schema\\\/person\\\/0a1adb2c1b651c291c5cbaa79681b408\"},\"headline\":\"Culture fran\u00e7aise \u00e0 Madrid\",\"datePublished\":\"2026-04-26T16:34:15+00:00\",\"dateModified\":\"2026-04-26T19:44:42+00:00\",\"mainEntityOfPage\":{\"@id\":\"https:\\\/\\\/profesordefrancesenmadrid.com\\\/index.php\\\/2026\\\/04\\\/26\\\/culture-francaise-a-madrid-30\\\/\"},\"wordCount\":348,\"commentCount\":0,\"publisher\":{\"@id\":\"https:\\\/\\\/profesordefrancesenmadrid.com\\\/#organization\"},\"image\":{\"@id\":\"https:\\\/\\\/profesordefrancesenmadrid.com\\\/index.php\\\/2026\\\/04\\\/26\\\/culture-francaise-a-madrid-30\\\/#primaryimage\"},\"thumbnailUrl\":\"https:\\\/\\\/i0.wp.com\\\/profesordefrancesenmadrid.com\\\/wp-content\\\/uploads\\\/2026\\\/04\\\/Couve-agenda-49.jpg?fit=1024%2C576&ssl=1\",\"keywords\":[\"Am\u00e9lie Nothomb\",\"Banksy\",\"Cin\u00e9 gratuit\",\"D\u00e9bats et combats de la philosophie fran\u00e7aise\",\"Dos de mayo 2026\",\"Exposition gratuite \u00e0 Madrid\",\"Film fran\u00e7ais en Espagne\",\"Filmoteca Espa\u00f1ola\",\"Institut fran\u00e7ais de Madrid\",\"Isabelle Huppert\",\"Ivan Smagghe \u00e0 Madrid\",\"La femme la plus riche du monde\",\"Madrid hyperr\u00e9aliste\",\"NO-DO - El mundo de ayer - Imagen y propaganda del franquismo\",\"O\u00f9 voir PSG-Bayern \u00e0 Madrid\",\"Simone de Beauvoir\",\"Vilhelm Hammersh\u00f8i\"],\"articleSection\":[\"Cultura Francesa\"],\"inLanguage\":\"es\",\"potentialAction\":[{\"@type\":\"CommentAction\",\"name\":\"Comment\",\"target\":[\"https:\\\/\\\/profesordefrancesenmadrid.com\\\/index.php\\\/2026\\\/04\\\/26\\\/culture-francaise-a-madrid-30\\\/#respond\"]}]},{\"@type\":\"WebPage\",\"@id\":\"https:\\\/\\\/profesordefrancesenmadrid.com\\\/index.php\\\/2026\\\/04\\\/26\\\/culture-francaise-a-madrid-30\\\/\",\"url\":\"https:\\\/\\\/profesordefrancesenmadrid.com\\\/index.php\\\/2026\\\/04\\\/26\\\/culture-francaise-a-madrid-30\\\/\",\"name\":\"Culture fran\u00e7aise \u00e0 Madrid - Ludovic Pedrocchi - profesordefrancesenmadrid.com\",\"isPartOf\":{\"@id\":\"https:\\\/\\\/profesordefrancesenmadrid.com\\\/#website\"},\"primaryImageOfPage\":{\"@id\":\"https:\\\/\\\/profesordefrancesenmadrid.com\\\/index.php\\\/2026\\\/04\\\/26\\\/culture-francaise-a-madrid-30\\\/#primaryimage\"},\"image\":{\"@id\":\"https:\\\/\\\/profesordefrancesenmadrid.com\\\/index.php\\\/2026\\\/04\\\/26\\\/culture-francaise-a-madrid-30\\\/#primaryimage\"},\"thumbnailUrl\":\"https:\\\/\\\/i0.wp.com\\\/profesordefrancesenmadrid.com\\\/wp-content\\\/uploads\\\/2026\\\/04\\\/Couve-agenda-49.jpg?fit=1024%2C576&ssl=1\",\"datePublished\":\"2026-04-26T16:34:15+00:00\",\"dateModified\":\"2026-04-26T19:44:42+00:00\",\"description\":\"\ud83c\udfaf Agenda de la culture fran\u00e7aise \u00e0 Madrid #49 du lundi 27 avril au dimanche 3 mai 2026 sous le signe des festivit\u00e9s du Dos de Mayo !\",\"breadcrumb\":{\"@id\":\"https:\\\/\\\/profesordefrancesenmadrid.com\\\/index.php\\\/2026\\\/04\\\/26\\\/culture-francaise-a-madrid-30\\\/#breadcrumb\"},\"inLanguage\":\"es\",\"potentialAction\":[{\"@type\":\"ReadAction\",\"target\":[\"https:\\\/\\\/profesordefrancesenmadrid.com\\\/index.php\\\/2026\\\/04\\\/26\\\/culture-francaise-a-madrid-30\\\/\"]}]},{\"@type\":\"ImageObject\",\"inLanguage\":\"es\",\"@id\":\"https:\\\/\\\/profesordefrancesenmadrid.com\\\/index.php\\\/2026\\\/04\\\/26\\\/culture-francaise-a-madrid-30\\\/#primaryimage\",\"url\":\"https:\\\/\\\/i0.wp.com\\\/profesordefrancesenmadrid.com\\\/wp-content\\\/uploads\\\/2026\\\/04\\\/Couve-agenda-49.jpg?fit=1024%2C576&ssl=1\",\"contentUrl\":\"https:\\\/\\\/i0.wp.com\\\/profesordefrancesenmadrid.com\\\/wp-content\\\/uploads\\\/2026\\\/04\\\/Couve-agenda-49.jpg?fit=1024%2C576&ssl=1\",\"width\":1024,\"height\":576,\"caption\":\"\ud83c\udfaf Agenda de la culture fran\u00e7aise \u00e0 Madrid #49 du lundi 27 avril au dimanche 3 mai 2026 avec les festivit\u00e9s du Dos de Mayo !\"},{\"@type\":\"BreadcrumbList\",\"@id\":\"https:\\\/\\\/profesordefrancesenmadrid.com\\\/index.php\\\/2026\\\/04\\\/26\\\/culture-francaise-a-madrid-30\\\/#breadcrumb\",\"itemListElement\":[{\"@type\":\"ListItem\",\"position\":1,\"name\":\"Accueil\",\"item\":\"https:\\\/\\\/profesordefrancesenmadrid.com\\\/\"},{\"@type\":\"ListItem\",\"position\":2,\"name\":\"Culture fran\u00e7aise \u00e0 Madrid\"}]},{\"@type\":\"WebSite\",\"@id\":\"https:\\\/\\\/profesordefrancesenmadrid.com\\\/#website\",\"url\":\"https:\\\/\\\/profesordefrancesenmadrid.com\\\/\",\"name\":\"Ludovic Pedrocchi\",\"description\":\"Profesor de franc\u00e9s en Madrid desde 2007\",\"publisher\":{\"@id\":\"https:\\\/\\\/profesordefrancesenmadrid.com\\\/#organization\"},\"potentialAction\":[{\"@type\":\"SearchAction\",\"target\":{\"@type\":\"EntryPoint\",\"urlTemplate\":\"https:\\\/\\\/profesordefrancesenmadrid.com\\\/?s={search_term_string}\"},\"query-input\":{\"@type\":\"PropertyValueSpecification\",\"valueRequired\":true,\"valueName\":\"search_term_string\"}}],\"inLanguage\":\"es\"},{\"@type\":\"Organization\",\"@id\":\"https:\\\/\\\/profesordefrancesenmadrid.com\\\/#organization\",\"name\":\"Profesor de franc\u00e9s en Madrid\",\"url\":\"https:\\\/\\\/profesordefrancesenmadrid.com\\\/\",\"logo\":{\"@type\":\"ImageObject\",\"inLanguage\":\"es\",\"@id\":\"https:\\\/\\\/profesordefrancesenmadrid.com\\\/#\\\/schema\\\/logo\\\/image\\\/\",\"url\":\"https:\\\/\\\/i0.wp.com\\\/profesordefrancesenmadrid.com\\\/wp-content\\\/uploads\\\/2019\\\/11\\\/logo-retina4.png?fit=531%2C64&ssl=1\",\"contentUrl\":\"https:\\\/\\\/i0.wp.com\\\/profesordefrancesenmadrid.com\\\/wp-content\\\/uploads\\\/2019\\\/11\\\/logo-retina4.png?fit=531%2C64&ssl=1\",\"width\":531,\"height\":64,\"caption\":\"Profesor de franc\u00e9s en Madrid\"},\"image\":{\"@id\":\"https:\\\/\\\/profesordefrancesenmadrid.com\\\/#\\\/schema\\\/logo\\\/image\\\/\"},\"sameAs\":[\"https:\\\/\\\/www.facebook.com\\\/profesordefrancesenmadrid\",\"https:\\\/\\\/x.com\\\/ldpedrocchi\",\"https:\\\/\\\/www.instagram.com\\\/ludovicpedrocchi\\\/\",\"https:\\\/\\\/www.linkedin.com\\\/company\\\/profesordefrancesenmadrid\\\/\",\"https:\\\/\\\/www.youtube.com\\\/channel\\\/UCDJoG_2eg4zNu5TEKKnWeOQ\"]},{\"@type\":\"Person\",\"@id\":\"https:\\\/\\\/profesordefrancesenmadrid.com\\\/#\\\/schema\\\/person\\\/0a1adb2c1b651c291c5cbaa79681b408\",\"name\":\"Ludovic Pedrocchi\",\"image\":{\"@type\":\"ImageObject\",\"inLanguage\":\"es\",\"@id\":\"https:\\\/\\\/secure.gravatar.com\\\/avatar\\\/a387eb8654fbe06abe0aaf65349da28f127b1ca3febe9d85747b79a97a1446c2?s=96&d=mm&r=g\",\"url\":\"https:\\\/\\\/secure.gravatar.com\\\/avatar\\\/a387eb8654fbe06abe0aaf65349da28f127b1ca3febe9d85747b79a97a1446c2?s=96&d=mm&r=g\",\"contentUrl\":\"https:\\\/\\\/secure.gravatar.com\\\/avatar\\\/a387eb8654fbe06abe0aaf65349da28f127b1ca3febe9d85747b79a97a1446c2?s=96&d=mm&r=g\",\"caption\":\"Ludovic Pedrocchi\"},\"sameAs\":[\"http:\\\/\\\/www.profesordefrancesenmadrid.com\"],\"url\":\"https:\\\/\\\/profesordefrancesenmadrid.com\\\/index.php\\\/author\\\/ludovicpedrocchi\\\/\"}]}<\/script>\n<!-- \/ Yoast SEO plugin. -->","yoast_head_json":{"title":"Culture fran\u00e7aise \u00e0 Madrid - Ludovic Pedrocchi - profesordefrancesenmadrid.com","description":"\ud83c\udfaf Agenda de la culture fran\u00e7aise \u00e0 Madrid #49 du lundi 27 avril au dimanche 3 mai 2026 sous le signe des festivit\u00e9s du Dos de Mayo !","robots":{"index":"index","follow":"follow","max-snippet":"max-snippet:-1","max-image-preview":"max-image-preview:large","max-video-preview":"max-video-preview:-1"},"canonical":"https:\/\/profesordefrancesenmadrid.com\/index.php\/2026\/04\/26\/culture-francaise-a-madrid-30\/","og_locale":"es_ES","og_type":"article","og_title":"Culture fran\u00e7aise \u00e0 Madrid","og_description":"\ud83c\udfaf Agenda de la culture fran\u00e7aise \u00e0 Madrid #49 du lundi 27 avril au dimanche 3 mai 2026 avec les festivit\u00e9s du Dos de Mayo !","og_url":"https:\/\/profesordefrancesenmadrid.com\/index.php\/2026\/04\/26\/culture-francaise-a-madrid-30\/","og_site_name":"Ludovic Pedrocchi","article_publisher":"https:\/\/www.facebook.com\/profesordefrancesenmadrid","article_published_time":"2026-04-26T16:34:15+00:00","article_modified_time":"2026-04-26T19:44:42+00:00","og_image":[{"width":1024,"height":576,"url":"https:\/\/profesordefrancesenmadrid.com\/wp-content\/uploads\/2026\/04\/Couve-agenda-49.jpg","type":"image\/jpeg"}],"author":"Ludovic Pedrocchi","twitter_card":"summary_large_image","twitter_title":"Culture fran\u00e7aise \u00e0 Madrid","twitter_description":"\ud83c\udfaf Agenda de la culture fran\u00e7aise \u00e0 Madrid #49 du lundi 27 avril au dimanche 3 mai 2026 avec les festivit\u00e9s du Dos de Mayo !","twitter_image":"https:\/\/i0.wp.com\/profesordefrancesenmadrid.com\/wp-content\/uploads\/2026\/04\/Couve-agenda-49.jpg?fit=1024%2C576&ssl=1","twitter_creator":"@ldpedrocchi","twitter_site":"@ldpedrocchi","twitter_misc":{"Escrito por":"Ludovic Pedrocchi","Tiempo de lectura":"5 minutos"},"schema":{"@context":"https:\/\/schema.org","@graph":[{"@type":"Article","@id":"https:\/\/profesordefrancesenmadrid.com\/index.php\/2026\/04\/26\/culture-francaise-a-madrid-30\/#article","isPartOf":{"@id":"https:\/\/profesordefrancesenmadrid.com\/index.php\/2026\/04\/26\/culture-francaise-a-madrid-30\/"},"author":{"name":"Ludovic Pedrocchi","@id":"https:\/\/profesordefrancesenmadrid.com\/#\/schema\/person\/0a1adb2c1b651c291c5cbaa79681b408"},"headline":"Culture fran\u00e7aise \u00e0 Madrid","datePublished":"2026-04-26T16:34:15+00:00","dateModified":"2026-04-26T19:44:42+00:00","mainEntityOfPage":{"@id":"https:\/\/profesordefrancesenmadrid.com\/index.php\/2026\/04\/26\/culture-francaise-a-madrid-30\/"},"wordCount":348,"commentCount":0,"publisher":{"@id":"https:\/\/profesordefrancesenmadrid.com\/#organization"},"image":{"@id":"https:\/\/profesordefrancesenmadrid.com\/index.php\/2026\/04\/26\/culture-francaise-a-madrid-30\/#primaryimage"},"thumbnailUrl":"https:\/\/i0.wp.com\/profesordefrancesenmadrid.com\/wp-content\/uploads\/2026\/04\/Couve-agenda-49.jpg?fit=1024%2C576&ssl=1","keywords":["Am\u00e9lie Nothomb","Banksy","Cin\u00e9 gratuit","D\u00e9bats et combats de la philosophie fran\u00e7aise","Dos de mayo 2026","Exposition gratuite \u00e0 Madrid","Film fran\u00e7ais en Espagne","Filmoteca Espa\u00f1ola","Institut fran\u00e7ais de Madrid","Isabelle Huppert","Ivan Smagghe \u00e0 Madrid","La femme la plus riche du monde","Madrid hyperr\u00e9aliste","NO-DO - El mundo de ayer - Imagen y propaganda del franquismo","O\u00f9 voir PSG-Bayern \u00e0 Madrid","Simone de Beauvoir","Vilhelm Hammersh\u00f8i"],"articleSection":["Cultura Francesa"],"inLanguage":"es","potentialAction":[{"@type":"CommentAction","name":"Comment","target":["https:\/\/profesordefrancesenmadrid.com\/index.php\/2026\/04\/26\/culture-francaise-a-madrid-30\/#respond"]}]},{"@type":"WebPage","@id":"https:\/\/profesordefrancesenmadrid.com\/index.php\/2026\/04\/26\/culture-francaise-a-madrid-30\/","url":"https:\/\/profesordefrancesenmadrid.com\/index.php\/2026\/04\/26\/culture-francaise-a-madrid-30\/","name":"Culture fran\u00e7aise \u00e0 Madrid - Ludovic Pedrocchi - profesordefrancesenmadrid.com","isPartOf":{"@id":"https:\/\/profesordefrancesenmadrid.com\/#website"},"primaryImageOfPage":{"@id":"https:\/\/profesordefrancesenmadrid.com\/index.php\/2026\/04\/26\/culture-francaise-a-madrid-30\/#primaryimage"},"image":{"@id":"https:\/\/profesordefrancesenmadrid.com\/index.php\/2026\/04\/26\/culture-francaise-a-madrid-30\/#primaryimage"},"thumbnailUrl":"https:\/\/i0.wp.com\/profesordefrancesenmadrid.com\/wp-content\/uploads\/2026\/04\/Couve-agenda-49.jpg?fit=1024%2C576&ssl=1","datePublished":"2026-04-26T16:34:15+00:00","dateModified":"2026-04-26T19:44:42+00:00","description":"\ud83c\udfaf Agenda de la culture fran\u00e7aise \u00e0 Madrid #49 du lundi 27 avril au dimanche 3 mai 2026 sous le signe des festivit\u00e9s du Dos de Mayo !","breadcrumb":{"@id":"https:\/\/profesordefrancesenmadrid.com\/index.php\/2026\/04\/26\/culture-francaise-a-madrid-30\/#breadcrumb"},"inLanguage":"es","potentialAction":[{"@type":"ReadAction","target":["https:\/\/profesordefrancesenmadrid.com\/index.php\/2026\/04\/26\/culture-francaise-a-madrid-30\/"]}]},{"@type":"ImageObject","inLanguage":"es","@id":"https:\/\/profesordefrancesenmadrid.com\/index.php\/2026\/04\/26\/culture-francaise-a-madrid-30\/#primaryimage","url":"https:\/\/i0.wp.com\/profesordefrancesenmadrid.com\/wp-content\/uploads\/2026\/04\/Couve-agenda-49.jpg?fit=1024%2C576&ssl=1","contentUrl":"https:\/\/i0.wp.com\/profesordefrancesenmadrid.com\/wp-content\/uploads\/2026\/04\/Couve-agenda-49.jpg?fit=1024%2C576&ssl=1","width":1024,"height":576,"caption":"\ud83c\udfaf Agenda de la culture fran\u00e7aise \u00e0 Madrid #49 du lundi 27 avril au dimanche 3 mai 2026 avec les festivit\u00e9s du Dos de Mayo !"},{"@type":"BreadcrumbList","@id":"https:\/\/profesordefrancesenmadrid.com\/index.php\/2026\/04\/26\/culture-francaise-a-madrid-30\/#breadcrumb","itemListElement":[{"@type":"ListItem","position":1,"name":"Accueil","item":"https:\/\/profesordefrancesenmadrid.com\/"},{"@type":"ListItem","position":2,"name":"Culture fran\u00e7aise \u00e0 Madrid"}]},{"@type":"WebSite","@id":"https:\/\/profesordefrancesenmadrid.com\/#website","url":"https:\/\/profesordefrancesenmadrid.com\/","name":"Ludovic Pedrocchi","description":"Profesor de franc\u00e9s en Madrid desde 2007","publisher":{"@id":"https:\/\/profesordefrancesenmadrid.com\/#organization"},"potentialAction":[{"@type":"SearchAction","target":{"@type":"EntryPoint","urlTemplate":"https:\/\/profesordefrancesenmadrid.com\/?s={search_term_string}"},"query-input":{"@type":"PropertyValueSpecification","valueRequired":true,"valueName":"search_term_string"}}],"inLanguage":"es"},{"@type":"Organization","@id":"https:\/\/profesordefrancesenmadrid.com\/#organization","name":"Profesor de franc\u00e9s en Madrid","url":"https:\/\/profesordefrancesenmadrid.com\/","logo":{"@type":"ImageObject","inLanguage":"es","@id":"https:\/\/profesordefrancesenmadrid.com\/#\/schema\/logo\/image\/","url":"https:\/\/i0.wp.com\/profesordefrancesenmadrid.com\/wp-content\/uploads\/2019\/11\/logo-retina4.png?fit=531%2C64&ssl=1","contentUrl":"https:\/\/i0.wp.com\/profesordefrancesenmadrid.com\/wp-content\/uploads\/2019\/11\/logo-retina4.png?fit=531%2C64&ssl=1","width":531,"height":64,"caption":"Profesor de franc\u00e9s en Madrid"},"image":{"@id":"https:\/\/profesordefrancesenmadrid.com\/#\/schema\/logo\/image\/"},"sameAs":["https:\/\/www.facebook.com\/profesordefrancesenmadrid","https:\/\/x.com\/ldpedrocchi","https:\/\/www.instagram.com\/ludovicpedrocchi\/","https:\/\/www.linkedin.com\/company\/profesordefrancesenmadrid\/","https:\/\/www.youtube.com\/channel\/UCDJoG_2eg4zNu5TEKKnWeOQ"]},{"@type":"Person","@id":"https:\/\/profesordefrancesenmadrid.com\/#\/schema\/person\/0a1adb2c1b651c291c5cbaa79681b408","name":"Ludovic Pedrocchi","image":{"@type":"ImageObject","inLanguage":"es","@id":"https:\/\/secure.gravatar.com\/avatar\/a387eb8654fbe06abe0aaf65349da28f127b1ca3febe9d85747b79a97a1446c2?s=96&d=mm&r=g","url":"https:\/\/secure.gravatar.com\/avatar\/a387eb8654fbe06abe0aaf65349da28f127b1ca3febe9d85747b79a97a1446c2?s=96&d=mm&r=g","contentUrl":"https:\/\/secure.gravatar.com\/avatar\/a387eb8654fbe06abe0aaf65349da28f127b1ca3febe9d85747b79a97a1446c2?s=96&d=mm&r=g","caption":"Ludovic Pedrocchi"},"sameAs":["http:\/\/www.profesordefrancesenmadrid.com"],"url":"https:\/\/profesordefrancesenmadrid.com\/index.php\/author\/ludovicpedrocchi\/"}]}},"jetpack_publicize_connections":[],"jetpack_featured_media_url":"https:\/\/i0.wp.com\/profesordefrancesenmadrid.com\/wp-content\/uploads\/2026\/04\/Couve-agenda-49.jpg?fit=1024%2C576&ssl=1","jetpack_sharing_enabled":true,"jetpack_likes_enabled":true,"jetpack-related-posts":[],"rttpg_featured_image_url":{"full":["https:\/\/i0.wp.com\/profesordefrancesenmadrid.com\/wp-content\/uploads\/2026\/04\/Couve-agenda-49.jpg?fit=1024%2C576&ssl=1",1024,576,false],"landscape":["https:\/\/profesordefrancesenmadrid.com\/wp-content\/uploads\/2026\/04\/Couve-agenda-49.jpg",1024,576,false],"portraits":["https:\/\/profesordefrancesenmadrid.com\/wp-content\/uploads\/2026\/04\/Couve-agenda-49.jpg",1024,576,false],"thumbnail":["https:\/\/i0.wp.com\/profesordefrancesenmadrid.com\/wp-content\/uploads\/2026\/04\/Couve-agenda-49.jpg?resize=150%2C150&ssl=1",150,150,true],"medium":["https:\/\/i0.wp.com\/profesordefrancesenmadrid.com\/wp-content\/uploads\/2026\/04\/Couve-agenda-49.jpg?fit=300%2C169&ssl=1",300,169,true],"large":["https:\/\/i0.wp.com\/profesordefrancesenmadrid.com\/wp-content\/uploads\/2026\/04\/Couve-agenda-49.jpg?fit=790%2C444&ssl=1",790,444,true],"1536x1536":["https:\/\/i0.wp.com\/profesordefrancesenmadrid.com\/wp-content\/uploads\/2026\/04\/Couve-agenda-49.jpg?fit=1024%2C576&ssl=1",1024,576,true],"2048x2048":["https:\/\/i0.wp.com\/profesordefrancesenmadrid.com\/wp-content\/uploads\/2026\/04\/Couve-agenda-49.jpg?fit=1024%2C576&ssl=1",1024,576,true],"screenr-blog-grid-small":["https:\/\/i0.wp.com\/profesordefrancesenmadrid.com\/wp-content\/uploads\/2026\/04\/Couve-agenda-49.jpg?resize=350%2C200&ssl=1",350,200,true],"screenr-blog-grid":["https:\/\/i0.wp.com\/profesordefrancesenmadrid.com\/wp-content\/uploads\/2026\/04\/Couve-agenda-49.jpg?resize=540%2C300&ssl=1",540,300,true],"screenr-blog-list":["https:\/\/i0.wp.com\/profesordefrancesenmadrid.com\/wp-content\/uploads\/2026\/04\/Couve-agenda-49.jpg?resize=790%2C400&ssl=1",790,400,true],"screenr-service-small":["https:\/\/i0.wp.com\/profesordefrancesenmadrid.com\/wp-content\/uploads\/2026\/04\/Couve-agenda-49.jpg?resize=538%2C280&ssl=1",538,280,true],"screenr-thumbnail-team":["https:\/\/i0.wp.com\/profesordefrancesenmadrid.com\/wp-content\/uploads\/2026\/04\/Couve-agenda-49.jpg?resize=340%2C220&ssl=1",340,220,true]},"rttpg_author":{"display_name":"Ludovic Pedrocchi","author_link":"https:\/\/profesordefrancesenmadrid.com\/index.php\/author\/ludovicpedrocchi\/"},"rttpg_comment":0,"rttpg_category":"<a href=\"https:\/\/profesordefrancesenmadrid.com\/index.php\/category\/cultura-francesa-en-madrid\/\" rel=\"category tag\">Cultura Francesa<\/a>","rttpg_excerpt":"&eth;&#159;&#142;&macr; Agenda de la culture fran&ccedil;aise &agrave; Madrid #48 du lundi 20 avril au dimanche 26 avril 2026 avec le festival de graffiti de Malasa&ntilde;a.","_links":{"self":[{"href":"https:\/\/profesordefrancesenmadrid.com\/index.php\/wp-json\/wp\/v2\/posts\/16131","targetHints":{"allow":["GET"]}}],"collection":[{"href":"https:\/\/profesordefrancesenmadrid.com\/index.php\/wp-json\/wp\/v2\/posts"}],"about":[{"href":"https:\/\/profesordefrancesenmadrid.com\/index.php\/wp-json\/wp\/v2\/types\/post"}],"author":[{"embeddable":true,"href":"https:\/\/profesordefrancesenmadrid.com\/index.php\/wp-json\/wp\/v2\/users\/3"}],"replies":[{"embeddable":true,"href":"https:\/\/profesordefrancesenmadrid.com\/index.php\/wp-json\/wp\/v2\/comments?post=16131"}],"version-history":[{"count":3,"href":"https:\/\/profesordefrancesenmadrid.com\/index.php\/wp-json\/wp\/v2\/posts\/16131\/revisions"}],"predecessor-version":[{"id":16144,"href":"https:\/\/profesordefrancesenmadrid.com\/index.php\/wp-json\/wp\/v2\/posts\/16131\/revisions\/16144"}],"wp:featuredmedia":[{"embeddable":true,"href":"https:\/\/profesordefrancesenmadrid.com\/index.php\/wp-json\/wp\/v2\/media\/16145"}],"wp:attachment":[{"href":"https:\/\/profesordefrancesenmadrid.com\/index.php\/wp-json\/wp\/v2\/media?parent=16131"}],"wp:term":[{"taxonomy":"category","embeddable":true,"href":"https:\/\/profesordefrancesenmadrid.com\/index.php\/wp-json\/wp\/v2\/categories?post=16131"},{"taxonomy":"post_tag","embeddable":true,"href":"https:\/\/profesordefrancesenmadrid.com\/index.php\/wp-json\/wp\/v2\/tags?post=16131"}],"curies":[{"name":"wp","href":"https:\/\/api.w.org\/{rel}","templated":true}]}}