{"id":15854,"date":"2026-03-06T13:55:45","date_gmt":"2026-03-06T12:55:45","guid":{"rendered":"https:\/\/profesordefrancesenmadrid.com\/?p=15854"},"modified":"2026-03-08T14:36:39","modified_gmt":"2026-03-08T13:36:39","slug":"culture-francaise-a-madrid-24","status":"publish","type":"post","link":"https:\/\/profesordefrancesenmadrid.com\/index.php\/2026\/03\/06\/culture-francaise-a-madrid-24\/","title":{"rendered":"Culture fran\u00e7aise \u00e0 Madrid"},"content":{"rendered":"\n<p><strong>Agenda de la culture fran\u00e7aise \u00e0 Madrid du lundi 9 mars au dimanche 15 mars 2026 avec le samedi 14 mars, le &#8220;Crunch&#8221; France-Angleterre !<\/strong><\/p>\n\n\n\n<hr class=\"wp-block-separator has-alpha-channel-opacity\"\/>\n\n\n<h3 style=\"text-align: center;\"><strong>Mercredi 11 mars<\/strong><\/h3>\n<p><a href=\"https:\/\/profesordefrancesenmadrid.com\/index.php\/2026\/03\/05\/frustation-a-madrid\/\" target=\"_blank\" rel=\"noopener\"><strong>\u2192 Le groupe fran\u00e7ais de post-punk Frustration revient \u00e0 Madrid \u00e0 la Sala El Sol \u00e0 21h !<\/strong><\/a><\/p>\n\n<div class=\"wp-block-image\">\n<figure class=\"aligncenter size-full\"><a href=\"https:\/\/profesordefrancesenmadrid.com\/index.php\/2026\/03\/05\/frustation-a-madrid\/\" target=\"_blank\" rel=\" noreferrer noopener\"><img data-recalc-dims=\"1\" loading=\"lazy\" decoding=\"async\" width=\"790\" height=\"444\" src=\"https:\/\/i0.wp.com\/profesordefrancesenmadrid.com\/wp-content\/uploads\/2026\/03\/frustration-Madrid.jpg?resize=790%2C444&#038;ssl=1\" alt=\"Le groupe fran\u00e7ais de post-punk Frustration se produira \u00e0 la Sala El Sol \u00e0 Madrid le mercredi\u00a011\u00a0mars\u00a02026 \u00e0 21h !\" class=\"wp-image-15847\" srcset=\"https:\/\/i0.wp.com\/profesordefrancesenmadrid.com\/wp-content\/uploads\/2026\/03\/frustration-Madrid.jpg?w=1024&amp;ssl=1 1024w, https:\/\/i0.wp.com\/profesordefrancesenmadrid.com\/wp-content\/uploads\/2026\/03\/frustration-Madrid.jpg?resize=300%2C169&amp;ssl=1 300w, https:\/\/i0.wp.com\/profesordefrancesenmadrid.com\/wp-content\/uploads\/2026\/03\/frustration-Madrid.jpg?resize=768%2C432&amp;ssl=1 768w\" sizes=\"auto, (max-width: 790px) 100vw, 790px\" \/><\/a><\/figure>\n<\/div>\n\n\n<hr class=\"wp-block-separator has-alpha-channel-opacity\"\/>\n\n\n<h3 style=\"text-align: center;\"><strong>Jeudi 12 mars<\/strong><\/h3>\n<p><a href=\"https:\/\/profesordefrancesenmadrid.com\/index.php\/2026\/03\/05\/partir-un-jour\/\" target=\"_blank\" rel=\"noopener\"><strong>\u2192 Avant-premi\u00e8re \u00e0 l\u2019Institut fran\u00e7ais de Madrid du film \u201cPartir un jour\u201d (\u201cElegir mi vida\u201d) avec Juliette Armanet<\/strong><\/a><\/p>\n\n<div class=\"wp-block-image\">\n<figure class=\"aligncenter size-full\"><a href=\"https:\/\/profesordefrancesenmadrid.com\/index.php\/2026\/03\/05\/partir-un-jour\/\" target=\"_blank\" rel=\" noreferrer noopener\"><img data-recalc-dims=\"1\" loading=\"lazy\" decoding=\"async\" width=\"790\" height=\"444\" src=\"https:\/\/i0.wp.com\/profesordefrancesenmadrid.com\/wp-content\/uploads\/2026\/03\/Partir-un-jour.jpg?resize=790%2C444&#038;ssl=1\" alt=\"Jeudi 12 mars 2026 : Avant-premi\u00e8re \u00e0 l\u2019Institut fran\u00e7ais de Madrid du film &quot;Partir un jour&quot; (&quot;Elegir mi vida&quot;) avec Juliette Armanet.\" class=\"wp-image-15833\" srcset=\"https:\/\/i0.wp.com\/profesordefrancesenmadrid.com\/wp-content\/uploads\/2026\/03\/Partir-un-jour.jpg?w=1024&amp;ssl=1 1024w, https:\/\/i0.wp.com\/profesordefrancesenmadrid.com\/wp-content\/uploads\/2026\/03\/Partir-un-jour.jpg?resize=300%2C169&amp;ssl=1 300w, https:\/\/i0.wp.com\/profesordefrancesenmadrid.com\/wp-content\/uploads\/2026\/03\/Partir-un-jour.jpg?resize=768%2C432&amp;ssl=1 768w\" sizes=\"auto, (max-width: 790px) 100vw, 790px\" \/><\/a><\/figure>\n<\/div>\n\n\n<hr class=\"wp-block-separator has-alpha-channel-opacity\"\/>\n\n\n<h3 style=\"text-align: center;\"><strong>Samedi 14 mars<\/strong><\/h3>\n<p><a href=\"https:\/\/profesordefrancesenmadrid.com\/index.php\/2026\/03\/05\/chiquiteca-4\/\" target=\"_blank\" rel=\"noopener\"><strong>\u2192 Chiquiteca : Conte (\u00e0 partir de 5 ans) &#8220;Il \u00e9tait une fois l\u2019Olympe&#8221; avec Brigitte Arnaudi\u00e8s \u00e0 la M\u00e9diath\u00e8que de l&#8217;Institut fran\u00e7ais de Madrid<\/strong><\/a><\/p>\n\n<div class=\"wp-block-image\">\n<figure class=\"aligncenter size-full\"><a href=\"https:\/\/profesordefrancesenmadrid.com\/index.php\/2026\/03\/05\/chiquiteca-4\/\" target=\"_blank\" rel=\" noreferrer noopener\"><img data-recalc-dims=\"1\" loading=\"lazy\" decoding=\"async\" width=\"790\" height=\"444\" src=\"https:\/\/i0.wp.com\/profesordefrancesenmadrid.com\/wp-content\/uploads\/2026\/03\/Chiquiteca-Mars.jpg?resize=790%2C444&#038;ssl=1\" alt=\"Chiquiteca : Conte (\u00e0 partir de 5 ans) &quot;Il \u00e9tait une fois l\u2019Olympe&quot; avec Brigitte Arnaudi\u00e8s ce samedi 14 mars 2026.\" class=\"wp-image-15838\" srcset=\"https:\/\/i0.wp.com\/profesordefrancesenmadrid.com\/wp-content\/uploads\/2026\/03\/Chiquiteca-Mars.jpg?w=1024&amp;ssl=1 1024w, https:\/\/i0.wp.com\/profesordefrancesenmadrid.com\/wp-content\/uploads\/2026\/03\/Chiquiteca-Mars.jpg?resize=300%2C169&amp;ssl=1 300w, https:\/\/i0.wp.com\/profesordefrancesenmadrid.com\/wp-content\/uploads\/2026\/03\/Chiquiteca-Mars.jpg?resize=768%2C432&amp;ssl=1 768w\" sizes=\"auto, (max-width: 790px) 100vw, 790px\" \/><\/a><\/figure>\n<\/div>\n\n\n<hr class=\"wp-block-separator has-alpha-channel-opacity\"\/>\n\n\n<h3 style=\"text-align: center;\"><strong>Samedi 14 mars<\/strong><\/h3>\n<p><a href=\"https:\/\/profesordefrancesenmadrid.com\/index.php\/2026\/03\/08\/ou-voir-france-angleterre-a-madrid\/\" target=\"_blank\" rel=\"noopener\"><strong>\u2192 Le &#8220;Crunch&#8221;, France &#8211; Angleterre, pour la possible victoire dans le Tournoi des 6 Nations des Bleus&#8230;\u00e0 la maison<\/strong><\/a><\/p>\n\n<div class=\"wp-block-image\">\n<figure class=\"aligncenter size-full\"><a href=\"https:\/\/profesordefrancesenmadrid.com\/index.php\/2026\/03\/08\/ou-voir-france-angleterre-a-madrid\/\" target=\"_blank\" rel=\" noreferrer noopener\"><img data-recalc-dims=\"1\" loading=\"lazy\" decoding=\"async\" width=\"790\" height=\"444\" src=\"https:\/\/i0.wp.com\/profesordefrancesenmadrid.com\/wp-content\/uploads\/2026\/03\/France-Angleterre-1.jpg?resize=790%2C444&#038;ssl=1\" alt=\"Le &quot;Crunch&quot;, France - Angleterre, pour la possible victoire dans le Tournoi des 6 Nations des Bleus...\u00e0 la maison le samedi 14 mars \u00e0 21h10.\" class=\"wp-image-15867\" srcset=\"https:\/\/i0.wp.com\/profesordefrancesenmadrid.com\/wp-content\/uploads\/2026\/03\/France-Angleterre-1.jpg?w=1024&amp;ssl=1 1024w, https:\/\/i0.wp.com\/profesordefrancesenmadrid.com\/wp-content\/uploads\/2026\/03\/France-Angleterre-1.jpg?resize=300%2C169&amp;ssl=1 300w, https:\/\/i0.wp.com\/profesordefrancesenmadrid.com\/wp-content\/uploads\/2026\/03\/France-Angleterre-1.jpg?resize=768%2C432&amp;ssl=1 768w\" sizes=\"auto, (max-width: 790px) 100vw, 790px\" \/><\/a><\/figure>\n<\/div>\n\n\n<hr class=\"wp-block-separator has-alpha-channel-opacity\"\/>\n\n\n<h3 style=\"text-align: center;\"><strong>Pensez \u00e0 r\u00e9server !<\/strong><\/h3>\n<p><a href=\"https:\/\/profesordefrancesenmadrid.com\/index.php\/2026\/03\/05\/festival-cinema-francophone\/\" target=\"_blank\" rel=\"noopener\"><strong>\u2192 La XIe Muestra de Cine Franc\u00f3fono de Madrid 2026 se tiendra du 18 au 22 mars \u00e0 la Cineteca Madrid, mettant en avant des films d\u2019Europe, d\u2019Afrique et d\u2019Am\u00e9rique qui explorent les th\u00e8mes sociaux, l\u2019amour et la famille<\/strong><\/a><\/p>\n\n<div class=\"wp-block-image\">\n<figure class=\"aligncenter size-full\"><a href=\"https:\/\/profesordefrancesenmadrid.com\/index.php\/2026\/03\/05\/festival-cinema-francophone\/\" target=\"_blank\" rel=\" noreferrer noopener\"><img data-recalc-dims=\"1\" loading=\"lazy\" decoding=\"async\" width=\"790\" height=\"444\" src=\"https:\/\/i0.wp.com\/profesordefrancesenmadrid.com\/wp-content\/uploads\/2026\/03\/muestra-cine-frances.jpg?resize=790%2C444&#038;ssl=1\" alt=\"Dans le cadre du mois de la francophonie 2026, Cineteca Madrid organise le XIe Festival Cin\u00e9ma Francophone de Madrid.\" class=\"wp-image-15829\" srcset=\"https:\/\/i0.wp.com\/profesordefrancesenmadrid.com\/wp-content\/uploads\/2026\/03\/muestra-cine-frances.jpg?w=1024&amp;ssl=1 1024w, https:\/\/i0.wp.com\/profesordefrancesenmadrid.com\/wp-content\/uploads\/2026\/03\/muestra-cine-frances.jpg?resize=300%2C169&amp;ssl=1 300w, https:\/\/i0.wp.com\/profesordefrancesenmadrid.com\/wp-content\/uploads\/2026\/03\/muestra-cine-frances.jpg?resize=768%2C432&amp;ssl=1 768w\" sizes=\"auto, (max-width: 790px) 100vw, 790px\" \/><\/a><\/figure>\n<\/div>\n\n\n<hr class=\"wp-block-separator has-alpha-channel-opacity\"\/>\n\n\n<div class=\"wp-block-image\">\n<figure class=\"aligncenter size-full\"><img data-recalc-dims=\"1\" loading=\"lazy\" decoding=\"async\" width=\"790\" height=\"444\" src=\"https:\/\/i0.wp.com\/profesordefrancesenmadrid.com\/wp-content\/uploads\/2026\/02\/Les-bons-plans-sur-Madrid.jpg?resize=790%2C444&#038;ssl=1\" alt=\"Les bons plans sur Madrid\" class=\"wp-image-15691\" srcset=\"https:\/\/i0.wp.com\/profesordefrancesenmadrid.com\/wp-content\/uploads\/2026\/02\/Les-bons-plans-sur-Madrid.jpg?w=1024&amp;ssl=1 1024w, https:\/\/i0.wp.com\/profesordefrancesenmadrid.com\/wp-content\/uploads\/2026\/02\/Les-bons-plans-sur-Madrid.jpg?resize=300%2C169&amp;ssl=1 300w, https:\/\/i0.wp.com\/profesordefrancesenmadrid.com\/wp-content\/uploads\/2026\/02\/Les-bons-plans-sur-Madrid.jpg?resize=768%2C432&amp;ssl=1 768w\" sizes=\"auto, (max-width: 790px) 100vw, 790px\" \/><\/figure>\n<\/div>\n\n\n<hr class=\"wp-block-separator has-alpha-channel-opacity\"\/>\n\n\n<p><a href=\"https:\/\/profesordefrancesenmadrid.com\/index.php\/2026\/03\/03\/exposition-madrid-hyperrealiste\/\" target=\"_blank\" rel=\"noopener\"><strong>\u2192 Le Museo de Historia de Madrid accueille jusqu\u2019au 24 mai 2026 une s\u00e9lection de peintures hyperr\u00e9alistes sur la ville de Madrid du peintre Jos\u00e9 Miguel Palacio (gratuit !)<\/strong><\/a><\/p>\n\n<div class=\"wp-block-image\">\n<figure class=\"aligncenter size-full\"><a href=\"https:\/\/profesordefrancesenmadrid.com\/index.php\/2026\/03\/03\/exposition-madrid-hyperrealiste\/\" target=\"_blank\" rel=\" noreferrer noopener\"><img data-recalc-dims=\"1\" loading=\"lazy\" decoding=\"async\" width=\"790\" height=\"444\" src=\"https:\/\/i0.wp.com\/profesordefrancesenmadrid.com\/wp-content\/uploads\/2026\/03\/naturelasa.jpg?resize=790%2C444&#038;ssl=1\" alt=\"Le Museo de Historia de Madrid accueille une s\u00e9lection de peintures hyperr\u00e9alistes sur la ville de Madrid du peintre Jos\u00e9 Miguel Palacio.\" class=\"wp-image-15816\" srcset=\"https:\/\/i0.wp.com\/profesordefrancesenmadrid.com\/wp-content\/uploads\/2026\/03\/naturelasa.jpg?w=1024&amp;ssl=1 1024w, https:\/\/i0.wp.com\/profesordefrancesenmadrid.com\/wp-content\/uploads\/2026\/03\/naturelasa.jpg?resize=300%2C169&amp;ssl=1 300w, https:\/\/i0.wp.com\/profesordefrancesenmadrid.com\/wp-content\/uploads\/2026\/03\/naturelasa.jpg?resize=768%2C432&amp;ssl=1 768w\" sizes=\"auto, (max-width: 790px) 100vw, 790px\" \/><\/a><\/figure>\n<\/div>\n\n\n<hr class=\"wp-block-separator has-alpha-channel-opacity\"\/>\n\n\n<p><a href=\"https:\/\/profesordefrancesenmadrid.com\/index.php\/2026\/03\/03\/100-lexpo-madrid-2026\/\" target=\"_blank\" rel=\"noopener\"><strong>\u2192L\u2019Institut fran\u00e7ais d\u2019Espagne vous invite \u00e0 d\u00e9couvrir la deuxi\u00e8me \u00e9dition de \u201c100% L\u2019EXPO Madrid 2026\u201d en collaboration avec La Villette et ARCOMadrid, qui aura lieu \u00e0 la Galerie du 10 jusqu&#8217;au 8 mai (gratuit !)<\/strong><\/a><\/p>\n\n<div class=\"wp-block-image\">\n<figure class=\"aligncenter size-full\"><a href=\"https:\/\/profesordefrancesenmadrid.com\/index.php\/2026\/03\/03\/100-lexpo-madrid-2026\/\" target=\"_blank\" rel=\" noreferrer noopener\"><img data-recalc-dims=\"1\" loading=\"lazy\" decoding=\"async\" width=\"790\" height=\"444\" src=\"https:\/\/i0.wp.com\/profesordefrancesenmadrid.com\/wp-content\/uploads\/2026\/03\/100-LEXPO-Madrid-2026.jpg?resize=790%2C444&#038;ssl=1\" alt=\"L\u2019Institut fran\u00e7ais d\u2019Espagne vous invite \u00e0 d\u00e9couvrir la deuxi\u00e8me \u00e9dition de &quot;100% L\u2019EXPO Madrid 2026&quot; en collaboration avec La Villette et ARCOMadrid, qui aura lieu \u00e0 la Galerie du 10 du 4\u00a0mars au 8\u00a0mai.\" class=\"wp-image-15813\" srcset=\"https:\/\/i0.wp.com\/profesordefrancesenmadrid.com\/wp-content\/uploads\/2026\/03\/100-LEXPO-Madrid-2026.jpg?w=1024&amp;ssl=1 1024w, https:\/\/i0.wp.com\/profesordefrancesenmadrid.com\/wp-content\/uploads\/2026\/03\/100-LEXPO-Madrid-2026.jpg?resize=300%2C169&amp;ssl=1 300w, https:\/\/i0.wp.com\/profesordefrancesenmadrid.com\/wp-content\/uploads\/2026\/03\/100-LEXPO-Madrid-2026.jpg?resize=768%2C432&amp;ssl=1 768w\" sizes=\"auto, (max-width: 790px) 100vw, 790px\" \/><\/a><\/figure>\n<\/div>\n\n\n<hr class=\"wp-block-separator has-alpha-channel-opacity\"\/>\n\n\n<p><a href=\"https:\/\/profesordefrancesenmadrid.com\/index.php\/2026\/02\/06\/expo-art-urbain\/\" target=\"_blank\" rel=\"noopener\"><strong>\u2192 Expo &#8220;Art urbain. Des origines \u00e0 Banksy&#8221; \u00e0 la Fundaci\u00f3n Canal (gratuit !)<\/strong><\/a><\/p>\n\n<div class=\"wp-block-image\">\n<figure class=\"aligncenter size-full\"><a href=\"https:\/\/profesordefrancesenmadrid.com\/index.php\/2026\/02\/06\/expo-art-urbain\/\" target=\"_blank\" rel=\" noreferrer noopener\"><img data-recalc-dims=\"1\" loading=\"lazy\" decoding=\"async\" width=\"790\" height=\"444\" src=\"https:\/\/i0.wp.com\/profesordefrancesenmadrid.com\/wp-content\/uploads\/2026\/02\/Arte-urbano.jpg?resize=790%2C444&#038;ssl=1\" alt=\"Exposition gratuite sur l'Art urbain, &quot;Arte urbano. De los or\u00edgenes a Banksy&quot; \u00e0 la Fundaci\u00f3n Canal, avec plus de 60 \u0153uvres d\u2019artistes majeurs dont Banksy, Basquiat, OBEY etc.\" class=\"wp-image-15614\" srcset=\"https:\/\/i0.wp.com\/profesordefrancesenmadrid.com\/wp-content\/uploads\/2026\/02\/Arte-urbano.jpg?w=1024&amp;ssl=1 1024w, https:\/\/i0.wp.com\/profesordefrancesenmadrid.com\/wp-content\/uploads\/2026\/02\/Arte-urbano.jpg?resize=300%2C169&amp;ssl=1 300w, https:\/\/i0.wp.com\/profesordefrancesenmadrid.com\/wp-content\/uploads\/2026\/02\/Arte-urbano.jpg?resize=768%2C432&amp;ssl=1 768w\" sizes=\"auto, (max-width: 790px) 100vw, 790px\" \/><\/a><\/figure>\n<\/div>\n\n\n<hr class=\"wp-block-separator has-alpha-channel-opacity\"\/>\n\n\n<p><strong><a href=\"https:\/\/profesordefrancesenmadrid.com\/index.php\/2026\/02\/26\/dessins-et-sculptures-des-collections-ico\/\" target=\"_blank\" rel=\"noopener\">\u2192 L\u2019exposition \u201cTransitar el siglo XX. Dibujo y escultura en las Colecciones ICO\u201d rend hommage au mus\u00e9e ICO en pr\u00e9sentant une s\u00e9lection de sa collection d\u2019art 8 (gratuit !)<\/a><\/strong><\/p>\n\n<div class=\"wp-block-image\">\n<figure class=\"aligncenter size-full\"><a href=\"https:\/\/profesordefrancesenmadrid.com\/index.php\/2026\/02\/26\/dessins-et-sculptures-des-collections-ico\/\" target=\"_blank\" rel=\" noreferrer noopener\"><img data-recalc-dims=\"1\" loading=\"lazy\" decoding=\"async\" width=\"790\" height=\"444\" src=\"https:\/\/i0.wp.com\/profesordefrancesenmadrid.com\/wp-content\/uploads\/2026\/02\/Transitar-el-siglo-XX.-Dibujo-y-escultura-en-las-Colecciones-ICO.jpg?resize=790%2C444&#038;ssl=1\" alt=\"L\u2019exposition &quot;Transitar el siglo XX. Dibujo y escultura en las Colecciones ICO&quot; rend hommage au mus\u00e9e ICO en pr\u00e9sentant une s\u00e9lection de sa collection d\u2019art.\" class=\"wp-image-15785\" srcset=\"https:\/\/i0.wp.com\/profesordefrancesenmadrid.com\/wp-content\/uploads\/2026\/02\/Transitar-el-siglo-XX.-Dibujo-y-escultura-en-las-Colecciones-ICO.jpg?w=1024&amp;ssl=1 1024w, https:\/\/i0.wp.com\/profesordefrancesenmadrid.com\/wp-content\/uploads\/2026\/02\/Transitar-el-siglo-XX.-Dibujo-y-escultura-en-las-Colecciones-ICO.jpg?resize=300%2C169&amp;ssl=1 300w, https:\/\/i0.wp.com\/profesordefrancesenmadrid.com\/wp-content\/uploads\/2026\/02\/Transitar-el-siglo-XX.-Dibujo-y-escultura-en-las-Colecciones-ICO.jpg?resize=768%2C432&amp;ssl=1 768w\" sizes=\"auto, (max-width: 790px) 100vw, 790px\" \/><\/a><\/figure>\n<\/div>\n\n\n<hr class=\"wp-block-separator has-alpha-channel-opacity\"\/>\n\n\n<p><a href=\"https:\/\/profesordefrancesenmadrid.com\/index.php\/2026\/02\/06\/cine-gratuit-a-madrid\/\" target=\"_blank\" rel=\"noopener\"><strong>\u2192 Cin\u00e9 gratuit \u00e0 la Filmoteca Espa\u00f1ola<\/strong><\/a><\/p>\n\n<div class=\"wp-block-image\">\n<figure class=\"aligncenter size-full\"><a href=\"https:\/\/profesordefrancesenmadrid.com\/index.php\/2026\/02\/06\/cine-gratuit-a-madrid\/\" target=\"_blank\" rel=\" noreferrer noopener\"><img data-recalc-dims=\"1\" loading=\"lazy\" decoding=\"async\" width=\"790\" height=\"444\" src=\"https:\/\/i0.wp.com\/profesordefrancesenmadrid.com\/wp-content\/uploads\/2026\/02\/Cine-Dore.jpg?resize=790%2C444&#038;ssl=1\" alt=\"La Filmoteca Espa\u00f1ola est en travaux et pour l'occasion, toutes les projections sont gratuites !\" class=\"wp-image-15623\" srcset=\"https:\/\/i0.wp.com\/profesordefrancesenmadrid.com\/wp-content\/uploads\/2026\/02\/Cine-Dore.jpg?w=1024&amp;ssl=1 1024w, https:\/\/i0.wp.com\/profesordefrancesenmadrid.com\/wp-content\/uploads\/2026\/02\/Cine-Dore.jpg?resize=300%2C169&amp;ssl=1 300w, https:\/\/i0.wp.com\/profesordefrancesenmadrid.com\/wp-content\/uploads\/2026\/02\/Cine-Dore.jpg?resize=768%2C432&amp;ssl=1 768w\" sizes=\"auto, (max-width: 790px) 100vw, 790px\" \/><\/a><\/figure>\n<\/div>\n\n\n<hr class=\"wp-block-separator has-alpha-channel-opacity\"\/>\n\n\n<p><a href=\"https:\/\/profesordefrancesenmadrid.com\/index.php\/2026\/02\/07\/exposition-sur-les-actualites-espagnoles-durant-le-franquisme\/\" target=\"_blank\" rel=\"noopener\"><strong>\u2192 Exposition &#8220;NO-DO. El mundo de ayer. Imagen y propaganda del franquismo&#8221; sur les actualit\u00e9s espagnoles durant le franquisme. Entr\u00e9e libre<\/strong><\/a><\/p>\n\n<div class=\"wp-block-image\">\n<figure class=\"aligncenter size-full\"><a href=\"https:\/\/profesordefrancesenmadrid.com\/index.php\/2026\/02\/07\/exposition-sur-les-actualites-espagnoles-durant-le-franquisme\/\" target=\"_blank\" rel=\" noreferrer noopener\"><img data-recalc-dims=\"1\" loading=\"lazy\" decoding=\"async\" width=\"790\" height=\"444\" src=\"https:\/\/i0.wp.com\/profesordefrancesenmadrid.com\/wp-content\/uploads\/2026\/02\/NO-DO.-El-mundo-de-ayer.-Imagen-y-propaganda-del-franquismo-3.jpg?resize=790%2C444&#038;ssl=1\" alt=\"\" class=\"wp-image-15662\" srcset=\"https:\/\/i0.wp.com\/profesordefrancesenmadrid.com\/wp-content\/uploads\/2026\/02\/NO-DO.-El-mundo-de-ayer.-Imagen-y-propaganda-del-franquismo-3.jpg?w=1024&amp;ssl=1 1024w, https:\/\/i0.wp.com\/profesordefrancesenmadrid.com\/wp-content\/uploads\/2026\/02\/NO-DO.-El-mundo-de-ayer.-Imagen-y-propaganda-del-franquismo-3.jpg?resize=300%2C169&amp;ssl=1 300w, https:\/\/i0.wp.com\/profesordefrancesenmadrid.com\/wp-content\/uploads\/2026\/02\/NO-DO.-El-mundo-de-ayer.-Imagen-y-propaganda-del-franquismo-3.jpg?resize=768%2C432&amp;ssl=1 768w\" sizes=\"auto, (max-width: 790px) 100vw, 790px\" \/><\/a><\/figure>\n<\/div>\n\n\n<hr class=\"wp-block-separator has-alpha-channel-opacity\"\/>\n\n\n<div class=\"wp-block-image\">\n<figure class=\"aligncenter size-full\"><img data-recalc-dims=\"1\" loading=\"lazy\" decoding=\"async\" width=\"790\" height=\"444\" src=\"https:\/\/i0.wp.com\/profesordefrancesenmadrid.com\/wp-content\/uploads\/2026\/02\/Expositions-a-Madrid.jpg?resize=790%2C444&#038;ssl=1\" alt=\"Expositions \u00e0 Madrid\" class=\"wp-image-15653\" srcset=\"https:\/\/i0.wp.com\/profesordefrancesenmadrid.com\/wp-content\/uploads\/2026\/02\/Expositions-a-Madrid.jpg?w=1024&amp;ssl=1 1024w, https:\/\/i0.wp.com\/profesordefrancesenmadrid.com\/wp-content\/uploads\/2026\/02\/Expositions-a-Madrid.jpg?resize=300%2C169&amp;ssl=1 300w, https:\/\/i0.wp.com\/profesordefrancesenmadrid.com\/wp-content\/uploads\/2026\/02\/Expositions-a-Madrid.jpg?resize=768%2C432&amp;ssl=1 768w\" sizes=\"auto, (max-width: 790px) 100vw, 790px\" \/><\/figure>\n<\/div>\n\n\n<hr class=\"wp-block-separator has-alpha-channel-opacity\"\/>\n\n\n<h3 class=\"wp-block-heading has-text-align-center\"><strong>\u201cDesenfocado. Otra visi\u00f3n del arte\u201d (\u201cFlou. Une autre vision de l\u2019art\u201c)<br \/><\/strong><\/h3>\n<p><strong><a href=\"https:\/\/profesordefrancesenmadrid.com\/index.php\/2025\/10\/17\/desenfocado-otra-vision-del-arte\/\" target=\"_blank\" rel=\"noreferrer noopener\">\u2192 L\u2019exposition \u201cDesenfocado. Otra visi\u00f3n del arte\u201d \u00e0 CaixaForum explore l\u2019usage du flou comme choix esth\u00e9tique, de Monet \u00e0 l\u2019art contemporain. Jusqu&#8217;au 12 avril 2026<\/a><\/strong><\/p>\n\n<div class=\"wp-block-image\">\n<figure class=\"aligncenter size-full\"><a href=\"https:\/\/profesordefrancesenmadrid.com\/index.php\/2025\/10\/17\/desenfocado-otra-vision-del-arte\/\" target=\"_blank\" rel=\" noreferrer noopener\"><img data-recalc-dims=\"1\" loading=\"lazy\" decoding=\"async\" width=\"790\" height=\"444\" src=\"https:\/\/i0.wp.com\/profesordefrancesenmadrid.com\/wp-content\/uploads\/2025\/10\/Desenfocado.jpg?resize=790%2C444&#038;ssl=1\" alt=\"L\u2019exposition &quot;Desenfocado. Otra visi\u00f3n del arte&quot; \u00e0 CaixaForum explore l\u2019usage du flou comme choix esth\u00e9tique, de Monet \u00e0 l\u2019art contemporain.\" class=\"wp-image-15207\" srcset=\"https:\/\/i0.wp.com\/profesordefrancesenmadrid.com\/wp-content\/uploads\/2025\/10\/Desenfocado.jpg?w=1024&amp;ssl=1 1024w, https:\/\/i0.wp.com\/profesordefrancesenmadrid.com\/wp-content\/uploads\/2025\/10\/Desenfocado.jpg?resize=300%2C169&amp;ssl=1 300w, https:\/\/i0.wp.com\/profesordefrancesenmadrid.com\/wp-content\/uploads\/2025\/10\/Desenfocado.jpg?resize=768%2C432&amp;ssl=1 768w\" sizes=\"auto, (max-width: 790px) 100vw, 790px\" \/><\/a><\/figure>\n<\/div>\n\n\n<hr class=\"wp-block-separator has-alpha-channel-opacity\"\/>\n\n\n<div class=\"wp-block-image\">\n<figure class=\"aligncenter size-full\"><a href=\"https:\/\/profesordefrancesenmadrid.com\/index.php\/category\/cultura-francesa-en-madrid\/cine\/\" target=\"_blank\" rel=\" noreferrer noopener\"><img data-recalc-dims=\"1\" loading=\"lazy\" decoding=\"async\" width=\"790\" height=\"444\" src=\"https:\/\/i0.wp.com\/profesordefrancesenmadrid.com\/wp-content\/uploads\/2025\/12\/Image-cinema.jpg?resize=790%2C444&#038;ssl=1\" alt=\"\" class=\"wp-image-15505\" srcset=\"https:\/\/i0.wp.com\/profesordefrancesenmadrid.com\/wp-content\/uploads\/2025\/12\/Image-cinema.jpg?w=1024&amp;ssl=1 1024w, https:\/\/i0.wp.com\/profesordefrancesenmadrid.com\/wp-content\/uploads\/2025\/12\/Image-cinema.jpg?resize=300%2C169&amp;ssl=1 300w, https:\/\/i0.wp.com\/profesordefrancesenmadrid.com\/wp-content\/uploads\/2025\/12\/Image-cinema.jpg?resize=768%2C432&amp;ssl=1 768w\" sizes=\"auto, (max-width: 790px) 100vw, 790px\" \/><\/a><\/figure>\n<\/div>\n\n\n<hr class=\"wp-block-separator has-alpha-channel-opacity\"\/>\n\n\n<p><a href=\"https:\/\/profesordefrancesenmadrid.com\/index.php\/2026\/02\/26\/bergers-de-sophie-deraspe-2\/\" target=\"_blank\" rel=\"noopener\"><strong>\u2192 Sortie en Espagne du film \u201cBergers\u201d (\u201cHasta la monta\u00f1a\u201d), film franco-qu\u00e9b\u00e9cois r\u00e9alis\u00e9 par Sophie Deraspe<\/strong><\/a><\/p>\n\n<div class=\"wp-block-image\">\n<figure class=\"aligncenter size-full\"><a href=\"https:\/\/profesordefrancesenmadrid.com\/index.php\/2026\/02\/26\/bergers-de-sophie-deraspe-2\/\" target=\"_blank\" rel=\" noreferrer noopener\"><img data-recalc-dims=\"1\" loading=\"lazy\" decoding=\"async\" width=\"790\" height=\"444\" src=\"https:\/\/i0.wp.com\/profesordefrancesenmadrid.com\/wp-content\/uploads\/2026\/02\/Bergers-le-film.jpg?resize=790%2C444&#038;ssl=1\" alt=\"Sortie en Espagne du film &quot;Bergers&quot; (&quot;Hasta la monta\u00f1a&quot;), film franco-qu\u00e9b\u00e9cois r\u00e9alis\u00e9 par Sophie Deraspe.\" class=\"wp-image-15713\" srcset=\"https:\/\/i0.wp.com\/profesordefrancesenmadrid.com\/wp-content\/uploads\/2026\/02\/Bergers-le-film.jpg?w=1024&amp;ssl=1 1024w, https:\/\/i0.wp.com\/profesordefrancesenmadrid.com\/wp-content\/uploads\/2026\/02\/Bergers-le-film.jpg?resize=300%2C169&amp;ssl=1 300w, https:\/\/i0.wp.com\/profesordefrancesenmadrid.com\/wp-content\/uploads\/2026\/02\/Bergers-le-film.jpg?resize=768%2C432&amp;ssl=1 768w\" sizes=\"auto, (max-width: 790px) 100vw, 790px\" \/><\/a><\/figure>\n<\/div>\n\n\n<hr class=\"wp-block-separator has-alpha-channel-opacity\"\/>\n\n\n<p><a href=\"https:\/\/profesordefrancesenmadrid.com\/index.php\/2026\/02\/19\/amelie-et-la-metaphysique-des-tubes\/\" target=\"_blank\" rel=\"noopener\"><strong>\u2192 Sortie en Espagne du film d\u2019animation de l\u2019ann\u00e9e, \u201cAm\u00e9lie et la M\u00e9taphysique des tubes\u201d (\u201cLittle Am\u00e9lie\u201d) d\u2019apr\u00e8s un roman d\u2019Am\u00e9lie Nothomb<\/strong><\/a><\/p>\n\n<div class=\"wp-block-image\">\n<figure class=\"aligncenter size-full\"><a href=\"https:\/\/profesordefrancesenmadrid.com\/index.php\/2026\/02\/19\/amelie-et-la-metaphysique-des-tubes\/\" target=\"_blank\" rel=\" noreferrer noopener\"><img data-recalc-dims=\"1\" loading=\"lazy\" decoding=\"async\" width=\"790\" height=\"444\" src=\"https:\/\/i0.wp.com\/profesordefrancesenmadrid.com\/wp-content\/uploads\/2026\/02\/Amelie-et-la-Metaphysique-des-tubes.jpg?resize=790%2C444&#038;ssl=1\" alt=\"Sortie en Espagne du film d'animation de l'ann\u00e9e, &quot;Am\u00e9lie et la M\u00e9taphysique des tubes&quot; (&quot;Little Am\u00e9lie&quot;) d'apr\u00e8s un roman d'Am\u00e9lie Nothomb.\" class=\"wp-image-15756\" srcset=\"https:\/\/i0.wp.com\/profesordefrancesenmadrid.com\/wp-content\/uploads\/2026\/02\/Amelie-et-la-Metaphysique-des-tubes.jpg?w=1024&amp;ssl=1 1024w, https:\/\/i0.wp.com\/profesordefrancesenmadrid.com\/wp-content\/uploads\/2026\/02\/Amelie-et-la-Metaphysique-des-tubes.jpg?resize=300%2C169&amp;ssl=1 300w, https:\/\/i0.wp.com\/profesordefrancesenmadrid.com\/wp-content\/uploads\/2026\/02\/Amelie-et-la-Metaphysique-des-tubes.jpg?resize=768%2C432&amp;ssl=1 768w\" sizes=\"auto, (max-width: 790px) 100vw, 790px\" \/><\/a><\/figure>\n<\/div>\n\n\n<hr class=\"wp-block-separator has-alpha-channel-opacity\"\/>\n\n\n<p><a href=\"https:\/\/profesordefrancesenmadrid.com\/index.php\/2026\/02\/14\/arco-2\/\" target=\"_blank\" rel=\"noopener\"><strong>\u2192 &#8220;Arco&#8221; d\u2019Ugo Bienvenu : Cristal du long m\u00e9trage au Festival international du film d&#8217;animation d&#8217;Annecy 2025<\/strong><\/a><\/p>\n\n<div class=\"wp-block-image\">\n<figure class=\"aligncenter size-full\"><a href=\"https:\/\/profesordefrancesenmadrid.com\/index.php\/2026\/02\/14\/arco-2\/\" target=\"_blank\" rel=\" noreferrer noopener\"><img data-recalc-dims=\"1\" loading=\"lazy\" decoding=\"async\" width=\"790\" height=\"444\" src=\"https:\/\/i0.wp.com\/profesordefrancesenmadrid.com\/wp-content\/uploads\/2025\/11\/Arco.jpg?resize=790%2C444&#038;ssl=1\" alt=\"&quot;Arco&quot; d\u2019Ugo Bienvenu : Cristal du long m\u00e9trage au Festival international du film d'animation d'Annecy 2025.\" class=\"wp-image-15371\" srcset=\"https:\/\/i0.wp.com\/profesordefrancesenmadrid.com\/wp-content\/uploads\/2025\/11\/Arco.jpg?w=1024&amp;ssl=1 1024w, https:\/\/i0.wp.com\/profesordefrancesenmadrid.com\/wp-content\/uploads\/2025\/11\/Arco.jpg?resize=300%2C169&amp;ssl=1 300w, https:\/\/i0.wp.com\/profesordefrancesenmadrid.com\/wp-content\/uploads\/2025\/11\/Arco.jpg?resize=768%2C432&amp;ssl=1 768w\" sizes=\"auto, (max-width: 790px) 100vw, 790px\" \/><\/a><\/figure>\n<\/div>\n\n\n<hr class=\"wp-block-separator has-alpha-channel-opacity\"\/>\n\n\n<p><a href=\"https:\/\/profesordefrancesenmadrid.com\/index.php\/2026\/02\/20\/jean-valjean\/\" target=\"_blank\" rel=\"noopener\"><strong>\u2192 Nouvelle adaptation du classique \u201cLes Mis\u00e9rables\u201d de Victor Hugo : \u201cJean Valjean\u201d avec Gr\u00e9gory Gadebois, Isabelle Carr\u00e9, Alexandra Lamy et Bernard Campan<\/strong><\/a><\/p>\n\n<div class=\"wp-block-image\">\n<figure class=\"aligncenter size-full\"><a href=\"https:\/\/profesordefrancesenmadrid.com\/index.php\/2026\/02\/20\/jean-valjean\/\" target=\"_blank\" rel=\" noreferrer noopener\"><img data-recalc-dims=\"1\" loading=\"lazy\" decoding=\"async\" width=\"790\" height=\"444\" src=\"https:\/\/i0.wp.com\/profesordefrancesenmadrid.com\/wp-content\/uploads\/2026\/02\/Jean-Valjean-deric-Bernard.jpg?resize=790%2C444&#038;ssl=1\" alt=\"Nouvelle adaptation du classique &quot;Les Mis\u00e9rables&quot; de Victor Hugo : &quot;Jean Valjean&quot; avec Gr\u00e9gory Gadebois, Isabelle Carr\u00e9, Alexandra Lamy et Bernard Campan.\" class=\"wp-image-15763\" srcset=\"https:\/\/i0.wp.com\/profesordefrancesenmadrid.com\/wp-content\/uploads\/2026\/02\/Jean-Valjean-deric-Bernard.jpg?w=1024&amp;ssl=1 1024w, https:\/\/i0.wp.com\/profesordefrancesenmadrid.com\/wp-content\/uploads\/2026\/02\/Jean-Valjean-deric-Bernard.jpg?resize=300%2C169&amp;ssl=1 300w, https:\/\/i0.wp.com\/profesordefrancesenmadrid.com\/wp-content\/uploads\/2026\/02\/Jean-Valjean-deric-Bernard.jpg?resize=768%2C432&amp;ssl=1 768w\" sizes=\"auto, (max-width: 790px) 100vw, 790px\" \/><\/a><\/figure>\n<\/div>\n\n\n<hr class=\"wp-block-separator has-alpha-channel-opacity\"\/>\n\n\n<h3 style=\"text-align: center;\"><strong>Ramadan 2026 \u00e0 Madrid<\/strong><\/h3>\n<p><a href=\"https:\/\/profesordefrancesenmadrid.com\/index.php\/2026\/02\/13\/ramadan-a-madrid\/\" target=\"_blank\" rel=\"noopener\"><strong>\u2192 Pour le Ramadan 2026, nous vous proposons les adresses des mosqu\u00e9es sur Madrid ainsi que les heures de pri\u00e8res<\/strong><\/a><\/p>\n\n<div class=\"wp-block-image\">\n<figure class=\"aligncenter size-full\"><a href=\"https:\/\/profesordefrancesenmadrid.com\/index.php\/2026\/02\/13\/ramadan-a-madrid\/\" target=\"_blank\" rel=\" noreferrer noopener\"><img data-recalc-dims=\"1\" loading=\"lazy\" decoding=\"async\" width=\"790\" height=\"444\" src=\"https:\/\/i0.wp.com\/profesordefrancesenmadrid.com\/wp-content\/uploads\/2026\/02\/mosquee.jpg?resize=790%2C444&#038;ssl=1\" alt=\"Pour le Ramadan 2026, nous vous proposons les adresses des mosqu\u00e9es sur Madrid ainsi que les heures de pri\u00e8res.\" class=\"wp-image-15704\" srcset=\"https:\/\/i0.wp.com\/profesordefrancesenmadrid.com\/wp-content\/uploads\/2026\/02\/mosquee.jpg?w=1024&amp;ssl=1 1024w, https:\/\/i0.wp.com\/profesordefrancesenmadrid.com\/wp-content\/uploads\/2026\/02\/mosquee.jpg?resize=300%2C169&amp;ssl=1 300w, https:\/\/i0.wp.com\/profesordefrancesenmadrid.com\/wp-content\/uploads\/2026\/02\/mosquee.jpg?resize=768%2C432&amp;ssl=1 768w\" sizes=\"auto, (max-width: 790px) 100vw, 790px\" \/><\/a><\/figure>\n<\/div>\n\n\n<hr class=\"wp-block-separator has-alpha-channel-opacity\"\/>\n\n\n<h3 style=\"text-align: center;\"><a href=\"https:\/\/profesordefrancesenmadrid.com\/index.php\/cultura-francesa-en-madrid\/\" target=\"_blank\" rel=\"noopener\"><strong>+ de Cultura Francesa<\/strong><\/a><\/h3>\n\n\n<hr class=\"wp-block-separator has-alpha-channel-opacity\"\/>\n\n\n\n<p><\/p>\n","protected":false},"excerpt":{"rendered":"<p>\ud83c\udfaf Agenda de la culture fran\u00e7aise \u00e0 Madrid du lundi 9 mars au dimanche 15 mars 2026 avec le samedi 14 mars, le &#8220;Crunch&#8221; France-Angleterre !<\/p>\n","protected":false},"author":3,"featured_media":15855,"comment_status":"open","ping_status":"open","sticky":false,"template":"","format":"standard","meta":{"_jetpack_memberships_contains_paid_content":false,"footnotes":"","jetpack_publicize_message":"","jetpack_publicize_feature_enabled":true,"jetpack_social_post_already_shared":true,"jetpack_social_options":{"image_generator_settings":{"template":"highway","default_image_id":0,"font":"","enabled":false},"version":2}},"categories":[23],"tags":[1120,1077,821,137,476,1095,901,932,266,596,225,1146,1145,1008,1123,1141,1137,255,1093,1102],"class_list":["post-15854","post","type-post","status-publish","format-standard","has-post-thumbnail","hentry","category-cultura-francesa-en-madrid","tag-amelie-nothomb","tag-art-urbain","tag-banksy","tag-caixaforum","tag-chiquiteca","tag-cine-gratuit","tag-desenfocado-otra-vision-del-arte","tag-exposition-gratuite-a-madrid","tag-festival-de-cinema-francophone-a-madrid","tag-film-francais-en-espagne","tag-filmoteca-espanola","tag-france-angleterre-a-madrid","tag-frustation-le-groupe","tag-fundacion-canal","tag-jean-valjean-le-film","tag-juliette-armanet","tag-madrid-hyperrealiste","tag-monet","tag-no-do-el-mundo-de-ayer-imagen-y-propaganda-del-franquismo","tag-ramadan-madrid-2026"],"yoast_head":"<!-- This site is optimized with the Yoast SEO plugin v27.5 - https:\/\/yoast.com\/product\/yoast-seo-wordpress\/ -->\n<title>Culture fran\u00e7aise \u00e0 Madrid - Ludovic Pedrocchi - profesordefrancesenmadrid.com<\/title>\n<meta name=\"description\" content=\"\ud83c\udfaf Agenda de la culture fran\u00e7aise \u00e0 Madrid du lundi 9 mars au dimanche 15 mars 2026 avec le samedi 14 mars, le &quot;Crunch&quot; France-Angleterre !\" \/>\n<meta name=\"robots\" content=\"index, follow, max-snippet:-1, max-image-preview:large, max-video-preview:-1\" \/>\n<link rel=\"canonical\" href=\"https:\/\/profesordefrancesenmadrid.com\/index.php\/2026\/03\/06\/culture-francaise-a-madrid-24\/\" \/>\n<meta property=\"og:locale\" content=\"es_ES\" \/>\n<meta property=\"og:type\" content=\"article\" \/>\n<meta property=\"og:title\" content=\"Culture fran\u00e7aise \u00e0 Madrid\" \/>\n<meta property=\"og:description\" content=\"\ud83c\udfaf Agenda de la culture fran\u00e7aise \u00e0 Madrid du lundi 9 mars au dimanche 15 mars 2026 avec le samedi 14 mars, le &quot;Crunch&quot; France-Angleterre !\" \/>\n<meta property=\"og:url\" content=\"https:\/\/profesordefrancesenmadrid.com\/index.php\/2026\/03\/06\/culture-francaise-a-madrid-24\/\" \/>\n<meta property=\"og:site_name\" content=\"Ludovic Pedrocchi\" \/>\n<meta property=\"article:publisher\" content=\"https:\/\/www.facebook.com\/profesordefrancesenmadrid\" \/>\n<meta property=\"article:published_time\" content=\"2026-03-06T12:55:45+00:00\" \/>\n<meta property=\"article:modified_time\" content=\"2026-03-08T13:36:39+00:00\" \/>\n<meta property=\"og:image\" content=\"https:\/\/profesordefrancesenmadrid.com\/wp-content\/uploads\/2026\/03\/Agenda-43-couverture.jpg\" \/>\n\t<meta property=\"og:image:width\" content=\"1024\" \/>\n\t<meta property=\"og:image:height\" content=\"576\" \/>\n\t<meta property=\"og:image:type\" content=\"image\/jpeg\" \/>\n<meta name=\"author\" content=\"Ludovic Pedrocchi\" \/>\n<meta name=\"twitter:card\" content=\"summary_large_image\" \/>\n<meta name=\"twitter:title\" content=\"Culture fran\u00e7aise \u00e0 Madrid\" \/>\n<meta name=\"twitter:description\" content=\"\ud83c\udfaf Agenda de la culture fran\u00e7aise \u00e0 Madrid du lundi 9 mars au dimanche 15 mars 2026 avec le samedi 14 mars, le &quot;Crunch&quot; France-Angleterre !\" \/>\n<meta name=\"twitter:image\" content=\"https:\/\/i0.wp.com\/profesordefrancesenmadrid.com\/wp-content\/uploads\/2026\/03\/Agenda-43-couverture.jpg?fit=1024%2C576&ssl=1\" \/>\n<meta name=\"twitter:creator\" content=\"@ldpedrocchi\" \/>\n<meta name=\"twitter:site\" content=\"@ldpedrocchi\" \/>\n<meta name=\"twitter:label1\" content=\"Escrito por\" \/>\n\t<meta name=\"twitter:data1\" content=\"Ludovic Pedrocchi\" \/>\n\t<meta name=\"twitter:label2\" content=\"Tiempo de lectura\" \/>\n\t<meta name=\"twitter:data2\" content=\"7 minutos\" \/>\n<script type=\"application\/ld+json\" class=\"yoast-schema-graph\">{\"@context\":\"https:\\\/\\\/schema.org\",\"@graph\":[{\"@type\":\"Article\",\"@id\":\"https:\\\/\\\/profesordefrancesenmadrid.com\\\/index.php\\\/2026\\\/03\\\/06\\\/culture-francaise-a-madrid-24\\\/#article\",\"isPartOf\":{\"@id\":\"https:\\\/\\\/profesordefrancesenmadrid.com\\\/index.php\\\/2026\\\/03\\\/06\\\/culture-francaise-a-madrid-24\\\/\"},\"author\":{\"name\":\"Ludovic Pedrocchi\",\"@id\":\"https:\\\/\\\/profesordefrancesenmadrid.com\\\/#\\\/schema\\\/person\\\/0a1adb2c1b651c291c5cbaa79681b408\"},\"headline\":\"Culture fran\u00e7aise \u00e0 Madrid\",\"datePublished\":\"2026-03-06T12:55:45+00:00\",\"dateModified\":\"2026-03-08T13:36:39+00:00\",\"mainEntityOfPage\":{\"@id\":\"https:\\\/\\\/profesordefrancesenmadrid.com\\\/index.php\\\/2026\\\/03\\\/06\\\/culture-francaise-a-madrid-24\\\/\"},\"wordCount\":436,\"commentCount\":0,\"publisher\":{\"@id\":\"https:\\\/\\\/profesordefrancesenmadrid.com\\\/#organization\"},\"image\":{\"@id\":\"https:\\\/\\\/profesordefrancesenmadrid.com\\\/index.php\\\/2026\\\/03\\\/06\\\/culture-francaise-a-madrid-24\\\/#primaryimage\"},\"thumbnailUrl\":\"https:\\\/\\\/i0.wp.com\\\/profesordefrancesenmadrid.com\\\/wp-content\\\/uploads\\\/2026\\\/03\\\/Agenda-43-couverture.jpg?fit=1024%2C576&ssl=1\",\"keywords\":[\"Am\u00e9lie Nothomb\",\"Art urbain\",\"Banksy\",\"CaixaForum+\",\"Chiquiteca\",\"Cin\u00e9 gratuit\",\"Desenfocado. Otra visi\u00f3n del arte\",\"Exposition gratuite \u00e0 Madrid\",\"Festival de Cin\u00e9ma Francophone \u00e0 Madrid\",\"Film fran\u00e7ais en Espagne\",\"Filmoteca Espa\u00f1ola\",\"France - Angleterre \u00e0 Madrid\",\"Frustation le groupe\",\"Fundaci\u00f3n Canal\",\"Jean Valjean Le film\",\"Juliette Armanet\",\"Madrid hyperr\u00e9aliste\",\"Monet\",\"NO-DO - El mundo de ayer - Imagen y propaganda del franquismo\",\"Ramadan Madrid 2026\"],\"articleSection\":[\"Cultura Francesa\"],\"inLanguage\":\"es\",\"potentialAction\":[{\"@type\":\"CommentAction\",\"name\":\"Comment\",\"target\":[\"https:\\\/\\\/profesordefrancesenmadrid.com\\\/index.php\\\/2026\\\/03\\\/06\\\/culture-francaise-a-madrid-24\\\/#respond\"]}]},{\"@type\":\"WebPage\",\"@id\":\"https:\\\/\\\/profesordefrancesenmadrid.com\\\/index.php\\\/2026\\\/03\\\/06\\\/culture-francaise-a-madrid-24\\\/\",\"url\":\"https:\\\/\\\/profesordefrancesenmadrid.com\\\/index.php\\\/2026\\\/03\\\/06\\\/culture-francaise-a-madrid-24\\\/\",\"name\":\"Culture fran\u00e7aise \u00e0 Madrid - Ludovic Pedrocchi - profesordefrancesenmadrid.com\",\"isPartOf\":{\"@id\":\"https:\\\/\\\/profesordefrancesenmadrid.com\\\/#website\"},\"primaryImageOfPage\":{\"@id\":\"https:\\\/\\\/profesordefrancesenmadrid.com\\\/index.php\\\/2026\\\/03\\\/06\\\/culture-francaise-a-madrid-24\\\/#primaryimage\"},\"image\":{\"@id\":\"https:\\\/\\\/profesordefrancesenmadrid.com\\\/index.php\\\/2026\\\/03\\\/06\\\/culture-francaise-a-madrid-24\\\/#primaryimage\"},\"thumbnailUrl\":\"https:\\\/\\\/i0.wp.com\\\/profesordefrancesenmadrid.com\\\/wp-content\\\/uploads\\\/2026\\\/03\\\/Agenda-43-couverture.jpg?fit=1024%2C576&ssl=1\",\"datePublished\":\"2026-03-06T12:55:45+00:00\",\"dateModified\":\"2026-03-08T13:36:39+00:00\",\"description\":\"\ud83c\udfaf Agenda de la culture fran\u00e7aise \u00e0 Madrid du lundi 9 mars au dimanche 15 mars 2026 avec le samedi 14 mars, le \\\"Crunch\\\" France-Angleterre !\",\"breadcrumb\":{\"@id\":\"https:\\\/\\\/profesordefrancesenmadrid.com\\\/index.php\\\/2026\\\/03\\\/06\\\/culture-francaise-a-madrid-24\\\/#breadcrumb\"},\"inLanguage\":\"es\",\"potentialAction\":[{\"@type\":\"ReadAction\",\"target\":[\"https:\\\/\\\/profesordefrancesenmadrid.com\\\/index.php\\\/2026\\\/03\\\/06\\\/culture-francaise-a-madrid-24\\\/\"]}]},{\"@type\":\"ImageObject\",\"inLanguage\":\"es\",\"@id\":\"https:\\\/\\\/profesordefrancesenmadrid.com\\\/index.php\\\/2026\\\/03\\\/06\\\/culture-francaise-a-madrid-24\\\/#primaryimage\",\"url\":\"https:\\\/\\\/i0.wp.com\\\/profesordefrancesenmadrid.com\\\/wp-content\\\/uploads\\\/2026\\\/03\\\/Agenda-43-couverture.jpg?fit=1024%2C576&ssl=1\",\"contentUrl\":\"https:\\\/\\\/i0.wp.com\\\/profesordefrancesenmadrid.com\\\/wp-content\\\/uploads\\\/2026\\\/03\\\/Agenda-43-couverture.jpg?fit=1024%2C576&ssl=1\",\"width\":1024,\"height\":576,\"caption\":\"\ud83c\udfaf Agenda de la culture fran\u00e7aise \u00e0 Madrid du lundi 9 mars au dimanche 15 mars 2026 avec le samedi 14 mars, le \\\"Crunch\\\" France-Angleterre !\"},{\"@type\":\"BreadcrumbList\",\"@id\":\"https:\\\/\\\/profesordefrancesenmadrid.com\\\/index.php\\\/2026\\\/03\\\/06\\\/culture-francaise-a-madrid-24\\\/#breadcrumb\",\"itemListElement\":[{\"@type\":\"ListItem\",\"position\":1,\"name\":\"Accueil\",\"item\":\"https:\\\/\\\/profesordefrancesenmadrid.com\\\/\"},{\"@type\":\"ListItem\",\"position\":2,\"name\":\"Culture fran\u00e7aise \u00e0 Madrid\"}]},{\"@type\":\"WebSite\",\"@id\":\"https:\\\/\\\/profesordefrancesenmadrid.com\\\/#website\",\"url\":\"https:\\\/\\\/profesordefrancesenmadrid.com\\\/\",\"name\":\"Ludovic Pedrocchi\",\"description\":\"Profesor de franc\u00e9s en Madrid desde 2007\",\"publisher\":{\"@id\":\"https:\\\/\\\/profesordefrancesenmadrid.com\\\/#organization\"},\"potentialAction\":[{\"@type\":\"SearchAction\",\"target\":{\"@type\":\"EntryPoint\",\"urlTemplate\":\"https:\\\/\\\/profesordefrancesenmadrid.com\\\/?s={search_term_string}\"},\"query-input\":{\"@type\":\"PropertyValueSpecification\",\"valueRequired\":true,\"valueName\":\"search_term_string\"}}],\"inLanguage\":\"es\"},{\"@type\":\"Organization\",\"@id\":\"https:\\\/\\\/profesordefrancesenmadrid.com\\\/#organization\",\"name\":\"Profesor de franc\u00e9s en Madrid\",\"url\":\"https:\\\/\\\/profesordefrancesenmadrid.com\\\/\",\"logo\":{\"@type\":\"ImageObject\",\"inLanguage\":\"es\",\"@id\":\"https:\\\/\\\/profesordefrancesenmadrid.com\\\/#\\\/schema\\\/logo\\\/image\\\/\",\"url\":\"https:\\\/\\\/i0.wp.com\\\/profesordefrancesenmadrid.com\\\/wp-content\\\/uploads\\\/2019\\\/11\\\/logo-retina4.png?fit=531%2C64&ssl=1\",\"contentUrl\":\"https:\\\/\\\/i0.wp.com\\\/profesordefrancesenmadrid.com\\\/wp-content\\\/uploads\\\/2019\\\/11\\\/logo-retina4.png?fit=531%2C64&ssl=1\",\"width\":531,\"height\":64,\"caption\":\"Profesor de franc\u00e9s en Madrid\"},\"image\":{\"@id\":\"https:\\\/\\\/profesordefrancesenmadrid.com\\\/#\\\/schema\\\/logo\\\/image\\\/\"},\"sameAs\":[\"https:\\\/\\\/www.facebook.com\\\/profesordefrancesenmadrid\",\"https:\\\/\\\/x.com\\\/ldpedrocchi\",\"https:\\\/\\\/www.instagram.com\\\/ludovicpedrocchi\\\/\",\"https:\\\/\\\/www.linkedin.com\\\/company\\\/profesordefrancesenmadrid\\\/\",\"https:\\\/\\\/www.youtube.com\\\/channel\\\/UCDJoG_2eg4zNu5TEKKnWeOQ\"]},{\"@type\":\"Person\",\"@id\":\"https:\\\/\\\/profesordefrancesenmadrid.com\\\/#\\\/schema\\\/person\\\/0a1adb2c1b651c291c5cbaa79681b408\",\"name\":\"Ludovic Pedrocchi\",\"image\":{\"@type\":\"ImageObject\",\"inLanguage\":\"es\",\"@id\":\"https:\\\/\\\/secure.gravatar.com\\\/avatar\\\/a387eb8654fbe06abe0aaf65349da28f127b1ca3febe9d85747b79a97a1446c2?s=96&d=mm&r=g\",\"url\":\"https:\\\/\\\/secure.gravatar.com\\\/avatar\\\/a387eb8654fbe06abe0aaf65349da28f127b1ca3febe9d85747b79a97a1446c2?s=96&d=mm&r=g\",\"contentUrl\":\"https:\\\/\\\/secure.gravatar.com\\\/avatar\\\/a387eb8654fbe06abe0aaf65349da28f127b1ca3febe9d85747b79a97a1446c2?s=96&d=mm&r=g\",\"caption\":\"Ludovic Pedrocchi\"},\"sameAs\":[\"http:\\\/\\\/www.profesordefrancesenmadrid.com\"],\"url\":\"https:\\\/\\\/profesordefrancesenmadrid.com\\\/index.php\\\/author\\\/ludovicpedrocchi\\\/\"}]}<\/script>\n<!-- \/ Yoast SEO plugin. -->","yoast_head_json":{"title":"Culture fran\u00e7aise \u00e0 Madrid - Ludovic Pedrocchi - profesordefrancesenmadrid.com","description":"\ud83c\udfaf Agenda de la culture fran\u00e7aise \u00e0 Madrid du lundi 9 mars au dimanche 15 mars 2026 avec le samedi 14 mars, le \"Crunch\" France-Angleterre !","robots":{"index":"index","follow":"follow","max-snippet":"max-snippet:-1","max-image-preview":"max-image-preview:large","max-video-preview":"max-video-preview:-1"},"canonical":"https:\/\/profesordefrancesenmadrid.com\/index.php\/2026\/03\/06\/culture-francaise-a-madrid-24\/","og_locale":"es_ES","og_type":"article","og_title":"Culture fran\u00e7aise \u00e0 Madrid","og_description":"\ud83c\udfaf Agenda de la culture fran\u00e7aise \u00e0 Madrid du lundi 9 mars au dimanche 15 mars 2026 avec le samedi 14 mars, le \"Crunch\" France-Angleterre !","og_url":"https:\/\/profesordefrancesenmadrid.com\/index.php\/2026\/03\/06\/culture-francaise-a-madrid-24\/","og_site_name":"Ludovic Pedrocchi","article_publisher":"https:\/\/www.facebook.com\/profesordefrancesenmadrid","article_published_time":"2026-03-06T12:55:45+00:00","article_modified_time":"2026-03-08T13:36:39+00:00","og_image":[{"width":1024,"height":576,"url":"https:\/\/profesordefrancesenmadrid.com\/wp-content\/uploads\/2026\/03\/Agenda-43-couverture.jpg","type":"image\/jpeg"}],"author":"Ludovic Pedrocchi","twitter_card":"summary_large_image","twitter_title":"Culture fran\u00e7aise \u00e0 Madrid","twitter_description":"\ud83c\udfaf Agenda de la culture fran\u00e7aise \u00e0 Madrid du lundi 9 mars au dimanche 15 mars 2026 avec le samedi 14 mars, le \"Crunch\" France-Angleterre !","twitter_image":"https:\/\/i0.wp.com\/profesordefrancesenmadrid.com\/wp-content\/uploads\/2026\/03\/Agenda-43-couverture.jpg?fit=1024%2C576&ssl=1","twitter_creator":"@ldpedrocchi","twitter_site":"@ldpedrocchi","twitter_misc":{"Escrito por":"Ludovic Pedrocchi","Tiempo de lectura":"7 minutos"},"schema":{"@context":"https:\/\/schema.org","@graph":[{"@type":"Article","@id":"https:\/\/profesordefrancesenmadrid.com\/index.php\/2026\/03\/06\/culture-francaise-a-madrid-24\/#article","isPartOf":{"@id":"https:\/\/profesordefrancesenmadrid.com\/index.php\/2026\/03\/06\/culture-francaise-a-madrid-24\/"},"author":{"name":"Ludovic Pedrocchi","@id":"https:\/\/profesordefrancesenmadrid.com\/#\/schema\/person\/0a1adb2c1b651c291c5cbaa79681b408"},"headline":"Culture fran\u00e7aise \u00e0 Madrid","datePublished":"2026-03-06T12:55:45+00:00","dateModified":"2026-03-08T13:36:39+00:00","mainEntityOfPage":{"@id":"https:\/\/profesordefrancesenmadrid.com\/index.php\/2026\/03\/06\/culture-francaise-a-madrid-24\/"},"wordCount":436,"commentCount":0,"publisher":{"@id":"https:\/\/profesordefrancesenmadrid.com\/#organization"},"image":{"@id":"https:\/\/profesordefrancesenmadrid.com\/index.php\/2026\/03\/06\/culture-francaise-a-madrid-24\/#primaryimage"},"thumbnailUrl":"https:\/\/i0.wp.com\/profesordefrancesenmadrid.com\/wp-content\/uploads\/2026\/03\/Agenda-43-couverture.jpg?fit=1024%2C576&ssl=1","keywords":["Am\u00e9lie Nothomb","Art urbain","Banksy","CaixaForum+","Chiquiteca","Cin\u00e9 gratuit","Desenfocado. Otra visi\u00f3n del arte","Exposition gratuite \u00e0 Madrid","Festival de Cin\u00e9ma Francophone \u00e0 Madrid","Film fran\u00e7ais en Espagne","Filmoteca Espa\u00f1ola","France - Angleterre \u00e0 Madrid","Frustation le groupe","Fundaci\u00f3n Canal","Jean Valjean Le film","Juliette Armanet","Madrid hyperr\u00e9aliste","Monet","NO-DO - El mundo de ayer - Imagen y propaganda del franquismo","Ramadan Madrid 2026"],"articleSection":["Cultura Francesa"],"inLanguage":"es","potentialAction":[{"@type":"CommentAction","name":"Comment","target":["https:\/\/profesordefrancesenmadrid.com\/index.php\/2026\/03\/06\/culture-francaise-a-madrid-24\/#respond"]}]},{"@type":"WebPage","@id":"https:\/\/profesordefrancesenmadrid.com\/index.php\/2026\/03\/06\/culture-francaise-a-madrid-24\/","url":"https:\/\/profesordefrancesenmadrid.com\/index.php\/2026\/03\/06\/culture-francaise-a-madrid-24\/","name":"Culture fran\u00e7aise \u00e0 Madrid - Ludovic Pedrocchi - profesordefrancesenmadrid.com","isPartOf":{"@id":"https:\/\/profesordefrancesenmadrid.com\/#website"},"primaryImageOfPage":{"@id":"https:\/\/profesordefrancesenmadrid.com\/index.php\/2026\/03\/06\/culture-francaise-a-madrid-24\/#primaryimage"},"image":{"@id":"https:\/\/profesordefrancesenmadrid.com\/index.php\/2026\/03\/06\/culture-francaise-a-madrid-24\/#primaryimage"},"thumbnailUrl":"https:\/\/i0.wp.com\/profesordefrancesenmadrid.com\/wp-content\/uploads\/2026\/03\/Agenda-43-couverture.jpg?fit=1024%2C576&ssl=1","datePublished":"2026-03-06T12:55:45+00:00","dateModified":"2026-03-08T13:36:39+00:00","description":"\ud83c\udfaf Agenda de la culture fran\u00e7aise \u00e0 Madrid du lundi 9 mars au dimanche 15 mars 2026 avec le samedi 14 mars, le \"Crunch\" France-Angleterre !","breadcrumb":{"@id":"https:\/\/profesordefrancesenmadrid.com\/index.php\/2026\/03\/06\/culture-francaise-a-madrid-24\/#breadcrumb"},"inLanguage":"es","potentialAction":[{"@type":"ReadAction","target":["https:\/\/profesordefrancesenmadrid.com\/index.php\/2026\/03\/06\/culture-francaise-a-madrid-24\/"]}]},{"@type":"ImageObject","inLanguage":"es","@id":"https:\/\/profesordefrancesenmadrid.com\/index.php\/2026\/03\/06\/culture-francaise-a-madrid-24\/#primaryimage","url":"https:\/\/i0.wp.com\/profesordefrancesenmadrid.com\/wp-content\/uploads\/2026\/03\/Agenda-43-couverture.jpg?fit=1024%2C576&ssl=1","contentUrl":"https:\/\/i0.wp.com\/profesordefrancesenmadrid.com\/wp-content\/uploads\/2026\/03\/Agenda-43-couverture.jpg?fit=1024%2C576&ssl=1","width":1024,"height":576,"caption":"\ud83c\udfaf Agenda de la culture fran\u00e7aise \u00e0 Madrid du lundi 9 mars au dimanche 15 mars 2026 avec le samedi 14 mars, le \"Crunch\" France-Angleterre !"},{"@type":"BreadcrumbList","@id":"https:\/\/profesordefrancesenmadrid.com\/index.php\/2026\/03\/06\/culture-francaise-a-madrid-24\/#breadcrumb","itemListElement":[{"@type":"ListItem","position":1,"name":"Accueil","item":"https:\/\/profesordefrancesenmadrid.com\/"},{"@type":"ListItem","position":2,"name":"Culture fran\u00e7aise \u00e0 Madrid"}]},{"@type":"WebSite","@id":"https:\/\/profesordefrancesenmadrid.com\/#website","url":"https:\/\/profesordefrancesenmadrid.com\/","name":"Ludovic Pedrocchi","description":"Profesor de franc\u00e9s en Madrid desde 2007","publisher":{"@id":"https:\/\/profesordefrancesenmadrid.com\/#organization"},"potentialAction":[{"@type":"SearchAction","target":{"@type":"EntryPoint","urlTemplate":"https:\/\/profesordefrancesenmadrid.com\/?s={search_term_string}"},"query-input":{"@type":"PropertyValueSpecification","valueRequired":true,"valueName":"search_term_string"}}],"inLanguage":"es"},{"@type":"Organization","@id":"https:\/\/profesordefrancesenmadrid.com\/#organization","name":"Profesor de franc\u00e9s en Madrid","url":"https:\/\/profesordefrancesenmadrid.com\/","logo":{"@type":"ImageObject","inLanguage":"es","@id":"https:\/\/profesordefrancesenmadrid.com\/#\/schema\/logo\/image\/","url":"https:\/\/i0.wp.com\/profesordefrancesenmadrid.com\/wp-content\/uploads\/2019\/11\/logo-retina4.png?fit=531%2C64&ssl=1","contentUrl":"https:\/\/i0.wp.com\/profesordefrancesenmadrid.com\/wp-content\/uploads\/2019\/11\/logo-retina4.png?fit=531%2C64&ssl=1","width":531,"height":64,"caption":"Profesor de franc\u00e9s en Madrid"},"image":{"@id":"https:\/\/profesordefrancesenmadrid.com\/#\/schema\/logo\/image\/"},"sameAs":["https:\/\/www.facebook.com\/profesordefrancesenmadrid","https:\/\/x.com\/ldpedrocchi","https:\/\/www.instagram.com\/ludovicpedrocchi\/","https:\/\/www.linkedin.com\/company\/profesordefrancesenmadrid\/","https:\/\/www.youtube.com\/channel\/UCDJoG_2eg4zNu5TEKKnWeOQ"]},{"@type":"Person","@id":"https:\/\/profesordefrancesenmadrid.com\/#\/schema\/person\/0a1adb2c1b651c291c5cbaa79681b408","name":"Ludovic Pedrocchi","image":{"@type":"ImageObject","inLanguage":"es","@id":"https:\/\/secure.gravatar.com\/avatar\/a387eb8654fbe06abe0aaf65349da28f127b1ca3febe9d85747b79a97a1446c2?s=96&d=mm&r=g","url":"https:\/\/secure.gravatar.com\/avatar\/a387eb8654fbe06abe0aaf65349da28f127b1ca3febe9d85747b79a97a1446c2?s=96&d=mm&r=g","contentUrl":"https:\/\/secure.gravatar.com\/avatar\/a387eb8654fbe06abe0aaf65349da28f127b1ca3febe9d85747b79a97a1446c2?s=96&d=mm&r=g","caption":"Ludovic Pedrocchi"},"sameAs":["http:\/\/www.profesordefrancesenmadrid.com"],"url":"https:\/\/profesordefrancesenmadrid.com\/index.php\/author\/ludovicpedrocchi\/"}]}},"jetpack_publicize_connections":[],"jetpack_featured_media_url":"https:\/\/i0.wp.com\/profesordefrancesenmadrid.com\/wp-content\/uploads\/2026\/03\/Agenda-43-couverture.jpg?fit=1024%2C576&ssl=1","jetpack_sharing_enabled":true,"jetpack_likes_enabled":true,"jetpack-related-posts":[],"rttpg_featured_image_url":{"full":["https:\/\/i0.wp.com\/profesordefrancesenmadrid.com\/wp-content\/uploads\/2026\/03\/Agenda-43-couverture.jpg?fit=1024%2C576&ssl=1",1024,576,false],"landscape":["https:\/\/profesordefrancesenmadrid.com\/wp-content\/uploads\/2026\/03\/Agenda-43-couverture.jpg",1024,576,false],"portraits":["https:\/\/profesordefrancesenmadrid.com\/wp-content\/uploads\/2026\/03\/Agenda-43-couverture.jpg",1024,576,false],"thumbnail":["https:\/\/i0.wp.com\/profesordefrancesenmadrid.com\/wp-content\/uploads\/2026\/03\/Agenda-43-couverture.jpg?resize=150%2C150&ssl=1",150,150,true],"medium":["https:\/\/i0.wp.com\/profesordefrancesenmadrid.com\/wp-content\/uploads\/2026\/03\/Agenda-43-couverture.jpg?fit=300%2C169&ssl=1",300,169,true],"large":["https:\/\/i0.wp.com\/profesordefrancesenmadrid.com\/wp-content\/uploads\/2026\/03\/Agenda-43-couverture.jpg?fit=790%2C444&ssl=1",790,444,true],"1536x1536":["https:\/\/i0.wp.com\/profesordefrancesenmadrid.com\/wp-content\/uploads\/2026\/03\/Agenda-43-couverture.jpg?fit=1024%2C576&ssl=1",1024,576,true],"2048x2048":["https:\/\/i0.wp.com\/profesordefrancesenmadrid.com\/wp-content\/uploads\/2026\/03\/Agenda-43-couverture.jpg?fit=1024%2C576&ssl=1",1024,576,true],"screenr-blog-grid-small":["https:\/\/i0.wp.com\/profesordefrancesenmadrid.com\/wp-content\/uploads\/2026\/03\/Agenda-43-couverture.jpg?resize=350%2C200&ssl=1",350,200,true],"screenr-blog-grid":["https:\/\/i0.wp.com\/profesordefrancesenmadrid.com\/wp-content\/uploads\/2026\/03\/Agenda-43-couverture.jpg?resize=540%2C300&ssl=1",540,300,true],"screenr-blog-list":["https:\/\/i0.wp.com\/profesordefrancesenmadrid.com\/wp-content\/uploads\/2026\/03\/Agenda-43-couverture.jpg?resize=790%2C400&ssl=1",790,400,true],"screenr-service-small":["https:\/\/i0.wp.com\/profesordefrancesenmadrid.com\/wp-content\/uploads\/2026\/03\/Agenda-43-couverture.jpg?resize=538%2C280&ssl=1",538,280,true],"screenr-thumbnail-team":["https:\/\/i0.wp.com\/profesordefrancesenmadrid.com\/wp-content\/uploads\/2026\/03\/Agenda-43-couverture.jpg?resize=340%2C220&ssl=1",340,220,true]},"rttpg_author":{"display_name":"Ludovic Pedrocchi","author_link":"https:\/\/profesordefrancesenmadrid.com\/index.php\/author\/ludovicpedrocchi\/"},"rttpg_comment":0,"rttpg_category":"<a href=\"https:\/\/profesordefrancesenmadrid.com\/index.php\/category\/cultura-francesa-en-madrid\/\" rel=\"category tag\">Cultura Francesa<\/a>","rttpg_excerpt":"&eth;&#159;&#142;&macr; Agenda de la culture fran&ccedil;aise &agrave; Madrid du lundi 9 mars au dimanche 15 mars 2026 avec le samedi 14 mars, le \"Crunch\" France-Angleterre !","_links":{"self":[{"href":"https:\/\/profesordefrancesenmadrid.com\/index.php\/wp-json\/wp\/v2\/posts\/15854","targetHints":{"allow":["GET"]}}],"collection":[{"href":"https:\/\/profesordefrancesenmadrid.com\/index.php\/wp-json\/wp\/v2\/posts"}],"about":[{"href":"https:\/\/profesordefrancesenmadrid.com\/index.php\/wp-json\/wp\/v2\/types\/post"}],"author":[{"embeddable":true,"href":"https:\/\/profesordefrancesenmadrid.com\/index.php\/wp-json\/wp\/v2\/users\/3"}],"replies":[{"embeddable":true,"href":"https:\/\/profesordefrancesenmadrid.com\/index.php\/wp-json\/wp\/v2\/comments?post=15854"}],"version-history":[{"count":6,"href":"https:\/\/profesordefrancesenmadrid.com\/index.php\/wp-json\/wp\/v2\/posts\/15854\/revisions"}],"predecessor-version":[{"id":15873,"href":"https:\/\/profesordefrancesenmadrid.com\/index.php\/wp-json\/wp\/v2\/posts\/15854\/revisions\/15873"}],"wp:featuredmedia":[{"embeddable":true,"href":"https:\/\/profesordefrancesenmadrid.com\/index.php\/wp-json\/wp\/v2\/media\/15855"}],"wp:attachment":[{"href":"https:\/\/profesordefrancesenmadrid.com\/index.php\/wp-json\/wp\/v2\/media?parent=15854"}],"wp:term":[{"taxonomy":"category","embeddable":true,"href":"https:\/\/profesordefrancesenmadrid.com\/index.php\/wp-json\/wp\/v2\/categories?post=15854"},{"taxonomy":"post_tag","embeddable":true,"href":"https:\/\/profesordefrancesenmadrid.com\/index.php\/wp-json\/wp\/v2\/tags?post=15854"}],"curies":[{"name":"wp","href":"https:\/\/api.w.org\/{rel}","templated":true}]}}