{"id":14085,"date":"2025-05-03T11:23:21","date_gmt":"2025-05-03T09:23:21","guid":{"rendered":"https:\/\/profesordefrancesenmadrid.com\/?p=14085"},"modified":"2025-05-03T11:23:23","modified_gmt":"2025-05-03T09:23:23","slug":"projection-de-bernadette-de-lourdes-la-comedie-musicale","status":"publish","type":"post","link":"https:\/\/profesordefrancesenmadrid.com\/index.php\/2025\/05\/03\/projection-de-bernadette-de-lourdes-la-comedie-musicale\/","title":{"rendered":"Projection de &#8220;Bernadette de Lourdes, la com\u00e9die musicale&#8221;"},"content":{"rendered":"\n<p><strong>&#8220;Bernadette de Lourdes, la com\u00e9die musicale&#8221;. Bas\u00e9 sur la v\u00e9ritable histoire inspirante de Bernadette Soubirous, le spectacle a conquis plus de 400.000 spectateurs en France.<br>Pour la premi\u00e8re fois au th\u00e9\u00e2tre de l\u2019Institut fran\u00e7ais le 6 mai 2025.<\/strong><\/p>\n\n\n\n<hr class=\"wp-block-separator has-alpha-channel-opacity\"\/>\n\n\n<div class=\"wp-block-image\">\n<figure class=\"aligncenter size-large is-resized\"><img data-recalc-dims=\"1\" loading=\"lazy\" decoding=\"async\" width=\"724\" height=\"1024\" src=\"https:\/\/i0.wp.com\/profesordefrancesenmadrid.com\/wp-content\/uploads\/2025\/05\/bernadette-couve.jpg?resize=724%2C1024&#038;ssl=1\" alt=\"Le 6 mai 2025 et pour la premi\u00e8re fois au th\u00e9\u00e2tre de l\u2019Institut fran\u00e7ais, projection de &quot;Bernadette de Lourdes, la com\u00e9die musicale&quot;.\" class=\"wp-image-14086\" style=\"width:500px\" srcset=\"https:\/\/i0.wp.com\/profesordefrancesenmadrid.com\/wp-content\/uploads\/2025\/05\/bernadette-couve.jpg?resize=724%2C1024&amp;ssl=1 724w, https:\/\/i0.wp.com\/profesordefrancesenmadrid.com\/wp-content\/uploads\/2025\/05\/bernadette-couve.jpg?resize=212%2C300&amp;ssl=1 212w, https:\/\/i0.wp.com\/profesordefrancesenmadrid.com\/wp-content\/uploads\/2025\/05\/bernadette-couve.jpg?resize=768%2C1086&amp;ssl=1 768w, https:\/\/i0.wp.com\/profesordefrancesenmadrid.com\/wp-content\/uploads\/2025\/05\/bernadette-couve.jpg?resize=1086%2C1536&amp;ssl=1 1086w, https:\/\/i0.wp.com\/profesordefrancesenmadrid.com\/wp-content\/uploads\/2025\/05\/bernadette-couve.jpg?w=1100&amp;ssl=1 1100w\" sizes=\"auto, (max-width: 724px) 100vw, 724px\" \/><\/figure>\n<\/div>\n\n\n<hr class=\"wp-block-separator has-alpha-channel-opacity\"\/>\n\n\n\n<p><strong>Bernadette Soubirous<\/strong> \u00e9tait une jeune paysanne fran\u00e7aise de 14 ans qui devint mondialement c\u00e9l\u00e8bre apr\u00e8s avoir assist\u00e9 \u00e0 plusieurs apparitions de la <strong>Vierge Marie<\/strong> \u00e0 <strong>Lourdes<\/strong> en <strong>1858<\/strong>. Son histoire est un t\u00e9moignage d\u2019humilit\u00e9, de foi et de r\u00e9sistance au scepticisme et \u00e0 l\u2019adversit\u00e9. Ces exp\u00e9riences ont non seulement transform\u00e9 sa vie, mais ont fait de Lourdes un important centre de p\u00e8lerinage pour des millions de personnes dans le monde entier.<\/p>\n\n\n\n<hr class=\"wp-block-separator has-alpha-channel-opacity\"\/>\n\n\n\n<figure class=\"wp-block-embed aligncenter is-type-video is-provider-youtube wp-block-embed-youtube wp-embed-aspect-16-9 wp-has-aspect-ratio\"><div class=\"wp-block-embed__wrapper\">\n<span class=\"embed-youtube\" style=\"text-align:center; display: block;\"><iframe loading=\"lazy\" class=\"youtube-player\" width=\"790\" height=\"445\" src=\"https:\/\/www.youtube.com\/embed\/Xrce6Xc_xD4?version=3&#038;rel=1&#038;showsearch=0&#038;showinfo=1&#038;iv_load_policy=1&#038;fs=1&#038;hl=es-ES&#038;autohide=2&#038;wmode=transparent\" allowfullscreen=\"true\" style=\"border:0;\" sandbox=\"allow-scripts allow-same-origin allow-popups allow-presentation allow-popups-to-escape-sandbox\"><\/iframe><\/span>\n<\/div><\/figure>\n\n\n\n<hr class=\"wp-block-separator has-alpha-channel-opacity\"\/>\n\n\n\n<p><strong>&#8220;Bernadette de Lourdes, La com\u00e9die musicale&#8221;<br>Th\u00e9\u00e2tre de l\u2019institut fran\u00e7ais de Madrid<br>Mardi 6 mai 2025<br>20h<br>12\u20ac \/ 10\u20ac avec le IF Pass ou la Carte Jeune<\/strong><\/p>\n\n\n\n<p><strong><a href=\"https:\/\/madrid.extranet-aec.com\/events\/detail\/2198?_ga=2.262822092.1999277266.1746260816-1797344343.1700850869&amp;_gac=1.124380920.1743082502.CjwKCAjw7pO_BhAlEiwA4pMQvEwQ5xISJZdqspmmPThlR8uK8QuXpG3VH-CIGAXdVkUSjqm5Lo_6tRoCS-wQAvD_BwE&amp;_gl=1*l2vpze*_gcl_aw*R0NMLjE3NDMwODI1MDYuQ2p3S0NBanc3cE9fQmhBbEVpd0E0cE1RdkV3UTV4SVNKWmRxc3BtbVBUaGxSOHVLOFF1WHBHM1ZILUNJR0FYZFZrVVNqcW01TG9fNnRSb0NTLXdRQXZEX0J3RQ..*_gcl_au*NzA0NjUxOTA1LjE3NDYyNjA4MTY.*_ga*MTc5NzM0NDM0My4xNzAwODUwODY5*_ga_ZCRPPVRRZ5*MTc0NjI2MDgxNS4xOTMuMS4xNzQ2MjYyODkxLjI5LjAuMTc4NDMzNDA5Nw..#\/\" target=\"_blank\" rel=\"noreferrer noopener\">\u2192 R\u00e9servation<\/a><\/strong><\/p>\n\n\n\n<p><strong><a href=\"https:\/\/www.institutfrancais.es\/madrid\/evento\/proyeccion%ef%bd%9cbernadette-de-lourdes-el-musical\/\" target=\"_blank\" rel=\"noreferrer noopener\">\u2192 + D&#8217;informations<\/a><\/strong><\/p>\n\n\n\n<p><strong>Dur\u00e9e : 90 minutes<br>En fran\u00e7ais avec sous-titres en espagnol<\/strong><\/p>\n\n\n\n<hr class=\"wp-block-separator has-alpha-channel-opacity\"\/>\n\n\n<h3 style=\"text-align: center;\"><a href=\"https:\/\/profesordefrancesenmadrid.com\/index.php\/cultura-francesa-en-madrid\/\" target=\"_blank\" rel=\"noopener\"><strong>+ de Cultura Francesa<\/strong><\/a><\/h3>\n\n\n<hr class=\"wp-block-separator has-alpha-channel-opacity\"\/>\n","protected":false},"excerpt":{"rendered":"<p>Le 6 mai 2025 et pour la premi\u00e8re fois au th\u00e9\u00e2tre de l\u2019Institut fran\u00e7ais, projection de &#8220;Bernadette de Lourdes, la com\u00e9die musicale&#8221;.<\/p>\n","protected":false},"author":3,"featured_media":14087,"comment_status":"open","ping_status":"open","sticky":false,"template":"","format":"standard","meta":{"_jetpack_memberships_contains_paid_content":false,"footnotes":"","jetpack_publicize_message":"","jetpack_publicize_feature_enabled":true,"jetpack_social_post_already_shared":true,"jetpack_social_options":{"image_generator_settings":{"template":"highway","default_image_id":0,"font":"","enabled":false},"version":2}},"categories":[23],"tags":[574,573,160],"class_list":["post-14085","post","type-post","status-publish","format-standard","has-post-thumbnail","hentry","category-cultura-francesa-en-madrid","tag-bernadette-de-lourdes-2","tag-comedie-musicale","tag-institut-francais-de-madrid"],"yoast_head":"<!-- This site is optimized with the Yoast SEO plugin v27.5 - https:\/\/yoast.com\/product\/yoast-seo-wordpress\/ -->\n<title>Projection de &quot;Bernadette de Lourdes, la com\u00e9die musicale&quot; - Ludovic Pedrocchi - profesordefrancesenmadrid.com<\/title>\n<meta name=\"description\" content=\"Le 6 mai 2025 et pour la premi\u00e8re fois au th\u00e9\u00e2tre de l\u2019Institut fran\u00e7ais, projection de &quot;Bernadette de Lourdes, la com\u00e9die musicale&quot;.\" \/>\n<meta name=\"robots\" content=\"index, follow, max-snippet:-1, max-image-preview:large, max-video-preview:-1\" \/>\n<link rel=\"canonical\" href=\"https:\/\/profesordefrancesenmadrid.com\/index.php\/2025\/05\/03\/projection-de-bernadette-de-lourdes-la-comedie-musicale\/\" \/>\n<meta property=\"og:locale\" content=\"es_ES\" \/>\n<meta property=\"og:type\" content=\"article\" \/>\n<meta property=\"og:title\" content=\"&quot;Bernadette de Lourdes, la com\u00e9die musicale&quot;\" \/>\n<meta property=\"og:description\" content=\"Le 6 mai 2025 et pour la premi\u00e8re fois au th\u00e9\u00e2tre de l\u2019Institut fran\u00e7ais, projection de &quot;Bernadette de Lourdes, la com\u00e9die musicale&quot;.\" \/>\n<meta property=\"og:url\" content=\"https:\/\/profesordefrancesenmadrid.com\/index.php\/2025\/05\/03\/projection-de-bernadette-de-lourdes-la-comedie-musicale\/\" \/>\n<meta property=\"og:site_name\" content=\"Ludovic Pedrocchi\" \/>\n<meta property=\"article:publisher\" content=\"https:\/\/www.facebook.com\/profesordefrancesenmadrid\" \/>\n<meta property=\"article:published_time\" content=\"2025-05-03T09:23:21+00:00\" \/>\n<meta property=\"article:modified_time\" content=\"2025-05-03T09:23:23+00:00\" \/>\n<meta property=\"og:image\" content=\"https:\/\/profesordefrancesenmadrid.com\/wp-content\/uploads\/2025\/05\/bernadette.jpg\" \/>\n\t<meta property=\"og:image:width\" content=\"1024\" \/>\n\t<meta property=\"og:image:height\" content=\"576\" \/>\n\t<meta property=\"og:image:type\" content=\"image\/jpeg\" \/>\n<meta name=\"author\" content=\"Ludovic Pedrocchi\" \/>\n<meta name=\"twitter:card\" content=\"summary_large_image\" \/>\n<meta name=\"twitter:title\" content=\"&quot;Bernadette de Lourdes, la com\u00e9die musicale&quot;\" \/>\n<meta name=\"twitter:description\" content=\"Le 6 mai 2025 et pour la premi\u00e8re fois au th\u00e9\u00e2tre de l\u2019Institut fran\u00e7ais, projection de &quot;Bernadette de Lourdes, la com\u00e9die musicale&quot;.\" \/>\n<meta name=\"twitter:image\" content=\"https:\/\/i0.wp.com\/profesordefrancesenmadrid.com\/wp-content\/uploads\/2025\/05\/bernadette.jpg?fit=1024%2C576&ssl=1\" \/>\n<meta name=\"twitter:creator\" content=\"@ldpedrocchi\" \/>\n<meta name=\"twitter:site\" content=\"@ldpedrocchi\" \/>\n<meta name=\"twitter:label1\" content=\"Escrito por\" \/>\n\t<meta name=\"twitter:data1\" content=\"Ludovic Pedrocchi\" \/>\n\t<meta name=\"twitter:label2\" content=\"Tiempo de lectura\" \/>\n\t<meta name=\"twitter:data2\" content=\"2 minutos\" \/>\n<script type=\"application\/ld+json\" class=\"yoast-schema-graph\">{\"@context\":\"https:\\\/\\\/schema.org\",\"@graph\":[{\"@type\":\"Article\",\"@id\":\"https:\\\/\\\/profesordefrancesenmadrid.com\\\/index.php\\\/2025\\\/05\\\/03\\\/projection-de-bernadette-de-lourdes-la-comedie-musicale\\\/#article\",\"isPartOf\":{\"@id\":\"https:\\\/\\\/profesordefrancesenmadrid.com\\\/index.php\\\/2025\\\/05\\\/03\\\/projection-de-bernadette-de-lourdes-la-comedie-musicale\\\/\"},\"author\":{\"name\":\"Ludovic Pedrocchi\",\"@id\":\"https:\\\/\\\/profesordefrancesenmadrid.com\\\/#\\\/schema\\\/person\\\/0a1adb2c1b651c291c5cbaa79681b408\"},\"headline\":\"Projection de &#8220;Bernadette de Lourdes, la com\u00e9die musicale&#8221;\",\"datePublished\":\"2025-05-03T09:23:21+00:00\",\"dateModified\":\"2025-05-03T09:23:23+00:00\",\"mainEntityOfPage\":{\"@id\":\"https:\\\/\\\/profesordefrancesenmadrid.com\\\/index.php\\\/2025\\\/05\\\/03\\\/projection-de-bernadette-de-lourdes-la-comedie-musicale\\\/\"},\"wordCount\":177,\"commentCount\":0,\"publisher\":{\"@id\":\"https:\\\/\\\/profesordefrancesenmadrid.com\\\/#organization\"},\"image\":{\"@id\":\"https:\\\/\\\/profesordefrancesenmadrid.com\\\/index.php\\\/2025\\\/05\\\/03\\\/projection-de-bernadette-de-lourdes-la-comedie-musicale\\\/#primaryimage\"},\"thumbnailUrl\":\"https:\\\/\\\/i0.wp.com\\\/profesordefrancesenmadrid.com\\\/wp-content\\\/uploads\\\/2025\\\/05\\\/bernadette.jpg?fit=1024%2C576&ssl=1\",\"keywords\":[\"Bernadette de Lourdes\",\"Com\u00e9die musicale\",\"Institut fran\u00e7ais de Madrid\"],\"articleSection\":[\"Cultura Francesa\"],\"inLanguage\":\"es\",\"potentialAction\":[{\"@type\":\"CommentAction\",\"name\":\"Comment\",\"target\":[\"https:\\\/\\\/profesordefrancesenmadrid.com\\\/index.php\\\/2025\\\/05\\\/03\\\/projection-de-bernadette-de-lourdes-la-comedie-musicale\\\/#respond\"]}]},{\"@type\":\"WebPage\",\"@id\":\"https:\\\/\\\/profesordefrancesenmadrid.com\\\/index.php\\\/2025\\\/05\\\/03\\\/projection-de-bernadette-de-lourdes-la-comedie-musicale\\\/\",\"url\":\"https:\\\/\\\/profesordefrancesenmadrid.com\\\/index.php\\\/2025\\\/05\\\/03\\\/projection-de-bernadette-de-lourdes-la-comedie-musicale\\\/\",\"name\":\"Projection de \\\"Bernadette de Lourdes, la com\u00e9die musicale\\\" - Ludovic Pedrocchi - profesordefrancesenmadrid.com\",\"isPartOf\":{\"@id\":\"https:\\\/\\\/profesordefrancesenmadrid.com\\\/#website\"},\"primaryImageOfPage\":{\"@id\":\"https:\\\/\\\/profesordefrancesenmadrid.com\\\/index.php\\\/2025\\\/05\\\/03\\\/projection-de-bernadette-de-lourdes-la-comedie-musicale\\\/#primaryimage\"},\"image\":{\"@id\":\"https:\\\/\\\/profesordefrancesenmadrid.com\\\/index.php\\\/2025\\\/05\\\/03\\\/projection-de-bernadette-de-lourdes-la-comedie-musicale\\\/#primaryimage\"},\"thumbnailUrl\":\"https:\\\/\\\/i0.wp.com\\\/profesordefrancesenmadrid.com\\\/wp-content\\\/uploads\\\/2025\\\/05\\\/bernadette.jpg?fit=1024%2C576&ssl=1\",\"datePublished\":\"2025-05-03T09:23:21+00:00\",\"dateModified\":\"2025-05-03T09:23:23+00:00\",\"description\":\"Le 6 mai 2025 et pour la premi\u00e8re fois au th\u00e9\u00e2tre de l\u2019Institut fran\u00e7ais, projection de \\\"Bernadette de Lourdes, la com\u00e9die musicale\\\".\",\"breadcrumb\":{\"@id\":\"https:\\\/\\\/profesordefrancesenmadrid.com\\\/index.php\\\/2025\\\/05\\\/03\\\/projection-de-bernadette-de-lourdes-la-comedie-musicale\\\/#breadcrumb\"},\"inLanguage\":\"es\",\"potentialAction\":[{\"@type\":\"ReadAction\",\"target\":[\"https:\\\/\\\/profesordefrancesenmadrid.com\\\/index.php\\\/2025\\\/05\\\/03\\\/projection-de-bernadette-de-lourdes-la-comedie-musicale\\\/\"]}]},{\"@type\":\"ImageObject\",\"inLanguage\":\"es\",\"@id\":\"https:\\\/\\\/profesordefrancesenmadrid.com\\\/index.php\\\/2025\\\/05\\\/03\\\/projection-de-bernadette-de-lourdes-la-comedie-musicale\\\/#primaryimage\",\"url\":\"https:\\\/\\\/i0.wp.com\\\/profesordefrancesenmadrid.com\\\/wp-content\\\/uploads\\\/2025\\\/05\\\/bernadette.jpg?fit=1024%2C576&ssl=1\",\"contentUrl\":\"https:\\\/\\\/i0.wp.com\\\/profesordefrancesenmadrid.com\\\/wp-content\\\/uploads\\\/2025\\\/05\\\/bernadette.jpg?fit=1024%2C576&ssl=1\",\"width\":1024,\"height\":576,\"caption\":\"Le 6 mai 2025 et pour la premi\u00e8re fois au th\u00e9\u00e2tre de l\u2019Institut fran\u00e7ais, projection de \\\"Bernadette de Lourdes, la com\u00e9die musicale\\\".\"},{\"@type\":\"BreadcrumbList\",\"@id\":\"https:\\\/\\\/profesordefrancesenmadrid.com\\\/index.php\\\/2025\\\/05\\\/03\\\/projection-de-bernadette-de-lourdes-la-comedie-musicale\\\/#breadcrumb\",\"itemListElement\":[{\"@type\":\"ListItem\",\"position\":1,\"name\":\"Accueil\",\"item\":\"https:\\\/\\\/profesordefrancesenmadrid.com\\\/\"},{\"@type\":\"ListItem\",\"position\":2,\"name\":\"Projection de &#8220;Bernadette de Lourdes, la com\u00e9die musicale&#8221;\"}]},{\"@type\":\"WebSite\",\"@id\":\"https:\\\/\\\/profesordefrancesenmadrid.com\\\/#website\",\"url\":\"https:\\\/\\\/profesordefrancesenmadrid.com\\\/\",\"name\":\"Ludovic Pedrocchi\",\"description\":\"Profesor de franc\u00e9s en Madrid desde 2007\",\"publisher\":{\"@id\":\"https:\\\/\\\/profesordefrancesenmadrid.com\\\/#organization\"},\"potentialAction\":[{\"@type\":\"SearchAction\",\"target\":{\"@type\":\"EntryPoint\",\"urlTemplate\":\"https:\\\/\\\/profesordefrancesenmadrid.com\\\/?s={search_term_string}\"},\"query-input\":{\"@type\":\"PropertyValueSpecification\",\"valueRequired\":true,\"valueName\":\"search_term_string\"}}],\"inLanguage\":\"es\"},{\"@type\":\"Organization\",\"@id\":\"https:\\\/\\\/profesordefrancesenmadrid.com\\\/#organization\",\"name\":\"Profesor de franc\u00e9s en Madrid\",\"url\":\"https:\\\/\\\/profesordefrancesenmadrid.com\\\/\",\"logo\":{\"@type\":\"ImageObject\",\"inLanguage\":\"es\",\"@id\":\"https:\\\/\\\/profesordefrancesenmadrid.com\\\/#\\\/schema\\\/logo\\\/image\\\/\",\"url\":\"https:\\\/\\\/i0.wp.com\\\/profesordefrancesenmadrid.com\\\/wp-content\\\/uploads\\\/2019\\\/11\\\/logo-retina4.png?fit=531%2C64&ssl=1\",\"contentUrl\":\"https:\\\/\\\/i0.wp.com\\\/profesordefrancesenmadrid.com\\\/wp-content\\\/uploads\\\/2019\\\/11\\\/logo-retina4.png?fit=531%2C64&ssl=1\",\"width\":531,\"height\":64,\"caption\":\"Profesor de franc\u00e9s en Madrid\"},\"image\":{\"@id\":\"https:\\\/\\\/profesordefrancesenmadrid.com\\\/#\\\/schema\\\/logo\\\/image\\\/\"},\"sameAs\":[\"https:\\\/\\\/www.facebook.com\\\/profesordefrancesenmadrid\",\"https:\\\/\\\/x.com\\\/ldpedrocchi\",\"https:\\\/\\\/www.instagram.com\\\/ludovicpedrocchi\\\/\",\"https:\\\/\\\/www.linkedin.com\\\/company\\\/profesordefrancesenmadrid\\\/\",\"https:\\\/\\\/www.youtube.com\\\/channel\\\/UCDJoG_2eg4zNu5TEKKnWeOQ\"]},{\"@type\":\"Person\",\"@id\":\"https:\\\/\\\/profesordefrancesenmadrid.com\\\/#\\\/schema\\\/person\\\/0a1adb2c1b651c291c5cbaa79681b408\",\"name\":\"Ludovic Pedrocchi\",\"image\":{\"@type\":\"ImageObject\",\"inLanguage\":\"es\",\"@id\":\"https:\\\/\\\/secure.gravatar.com\\\/avatar\\\/a387eb8654fbe06abe0aaf65349da28f127b1ca3febe9d85747b79a97a1446c2?s=96&d=mm&r=g\",\"url\":\"https:\\\/\\\/secure.gravatar.com\\\/avatar\\\/a387eb8654fbe06abe0aaf65349da28f127b1ca3febe9d85747b79a97a1446c2?s=96&d=mm&r=g\",\"contentUrl\":\"https:\\\/\\\/secure.gravatar.com\\\/avatar\\\/a387eb8654fbe06abe0aaf65349da28f127b1ca3febe9d85747b79a97a1446c2?s=96&d=mm&r=g\",\"caption\":\"Ludovic Pedrocchi\"},\"sameAs\":[\"http:\\\/\\\/www.profesordefrancesenmadrid.com\"],\"url\":\"https:\\\/\\\/profesordefrancesenmadrid.com\\\/index.php\\\/author\\\/ludovicpedrocchi\\\/\"}]}<\/script>\n<!-- \/ Yoast SEO plugin. -->","yoast_head_json":{"title":"Projection de \"Bernadette de Lourdes, la com\u00e9die musicale\" - Ludovic Pedrocchi - profesordefrancesenmadrid.com","description":"Le 6 mai 2025 et pour la premi\u00e8re fois au th\u00e9\u00e2tre de l\u2019Institut fran\u00e7ais, projection de \"Bernadette de Lourdes, la com\u00e9die musicale\".","robots":{"index":"index","follow":"follow","max-snippet":"max-snippet:-1","max-image-preview":"max-image-preview:large","max-video-preview":"max-video-preview:-1"},"canonical":"https:\/\/profesordefrancesenmadrid.com\/index.php\/2025\/05\/03\/projection-de-bernadette-de-lourdes-la-comedie-musicale\/","og_locale":"es_ES","og_type":"article","og_title":"\"Bernadette de Lourdes, la com\u00e9die musicale\"","og_description":"Le 6 mai 2025 et pour la premi\u00e8re fois au th\u00e9\u00e2tre de l\u2019Institut fran\u00e7ais, projection de \"Bernadette de Lourdes, la com\u00e9die musicale\".","og_url":"https:\/\/profesordefrancesenmadrid.com\/index.php\/2025\/05\/03\/projection-de-bernadette-de-lourdes-la-comedie-musicale\/","og_site_name":"Ludovic Pedrocchi","article_publisher":"https:\/\/www.facebook.com\/profesordefrancesenmadrid","article_published_time":"2025-05-03T09:23:21+00:00","article_modified_time":"2025-05-03T09:23:23+00:00","og_image":[{"width":1024,"height":576,"url":"https:\/\/profesordefrancesenmadrid.com\/wp-content\/uploads\/2025\/05\/bernadette.jpg","type":"image\/jpeg"}],"author":"Ludovic Pedrocchi","twitter_card":"summary_large_image","twitter_title":"\"Bernadette de Lourdes, la com\u00e9die musicale\"","twitter_description":"Le 6 mai 2025 et pour la premi\u00e8re fois au th\u00e9\u00e2tre de l\u2019Institut fran\u00e7ais, projection de \"Bernadette de Lourdes, la com\u00e9die musicale\".","twitter_image":"https:\/\/i0.wp.com\/profesordefrancesenmadrid.com\/wp-content\/uploads\/2025\/05\/bernadette.jpg?fit=1024%2C576&ssl=1","twitter_creator":"@ldpedrocchi","twitter_site":"@ldpedrocchi","twitter_misc":{"Escrito por":"Ludovic Pedrocchi","Tiempo de lectura":"2 minutos"},"schema":{"@context":"https:\/\/schema.org","@graph":[{"@type":"Article","@id":"https:\/\/profesordefrancesenmadrid.com\/index.php\/2025\/05\/03\/projection-de-bernadette-de-lourdes-la-comedie-musicale\/#article","isPartOf":{"@id":"https:\/\/profesordefrancesenmadrid.com\/index.php\/2025\/05\/03\/projection-de-bernadette-de-lourdes-la-comedie-musicale\/"},"author":{"name":"Ludovic Pedrocchi","@id":"https:\/\/profesordefrancesenmadrid.com\/#\/schema\/person\/0a1adb2c1b651c291c5cbaa79681b408"},"headline":"Projection de &#8220;Bernadette de Lourdes, la com\u00e9die musicale&#8221;","datePublished":"2025-05-03T09:23:21+00:00","dateModified":"2025-05-03T09:23:23+00:00","mainEntityOfPage":{"@id":"https:\/\/profesordefrancesenmadrid.com\/index.php\/2025\/05\/03\/projection-de-bernadette-de-lourdes-la-comedie-musicale\/"},"wordCount":177,"commentCount":0,"publisher":{"@id":"https:\/\/profesordefrancesenmadrid.com\/#organization"},"image":{"@id":"https:\/\/profesordefrancesenmadrid.com\/index.php\/2025\/05\/03\/projection-de-bernadette-de-lourdes-la-comedie-musicale\/#primaryimage"},"thumbnailUrl":"https:\/\/i0.wp.com\/profesordefrancesenmadrid.com\/wp-content\/uploads\/2025\/05\/bernadette.jpg?fit=1024%2C576&ssl=1","keywords":["Bernadette de Lourdes","Com\u00e9die musicale","Institut fran\u00e7ais de Madrid"],"articleSection":["Cultura Francesa"],"inLanguage":"es","potentialAction":[{"@type":"CommentAction","name":"Comment","target":["https:\/\/profesordefrancesenmadrid.com\/index.php\/2025\/05\/03\/projection-de-bernadette-de-lourdes-la-comedie-musicale\/#respond"]}]},{"@type":"WebPage","@id":"https:\/\/profesordefrancesenmadrid.com\/index.php\/2025\/05\/03\/projection-de-bernadette-de-lourdes-la-comedie-musicale\/","url":"https:\/\/profesordefrancesenmadrid.com\/index.php\/2025\/05\/03\/projection-de-bernadette-de-lourdes-la-comedie-musicale\/","name":"Projection de \"Bernadette de Lourdes, la com\u00e9die musicale\" - Ludovic Pedrocchi - profesordefrancesenmadrid.com","isPartOf":{"@id":"https:\/\/profesordefrancesenmadrid.com\/#website"},"primaryImageOfPage":{"@id":"https:\/\/profesordefrancesenmadrid.com\/index.php\/2025\/05\/03\/projection-de-bernadette-de-lourdes-la-comedie-musicale\/#primaryimage"},"image":{"@id":"https:\/\/profesordefrancesenmadrid.com\/index.php\/2025\/05\/03\/projection-de-bernadette-de-lourdes-la-comedie-musicale\/#primaryimage"},"thumbnailUrl":"https:\/\/i0.wp.com\/profesordefrancesenmadrid.com\/wp-content\/uploads\/2025\/05\/bernadette.jpg?fit=1024%2C576&ssl=1","datePublished":"2025-05-03T09:23:21+00:00","dateModified":"2025-05-03T09:23:23+00:00","description":"Le 6 mai 2025 et pour la premi\u00e8re fois au th\u00e9\u00e2tre de l\u2019Institut fran\u00e7ais, projection de \"Bernadette de Lourdes, la com\u00e9die musicale\".","breadcrumb":{"@id":"https:\/\/profesordefrancesenmadrid.com\/index.php\/2025\/05\/03\/projection-de-bernadette-de-lourdes-la-comedie-musicale\/#breadcrumb"},"inLanguage":"es","potentialAction":[{"@type":"ReadAction","target":["https:\/\/profesordefrancesenmadrid.com\/index.php\/2025\/05\/03\/projection-de-bernadette-de-lourdes-la-comedie-musicale\/"]}]},{"@type":"ImageObject","inLanguage":"es","@id":"https:\/\/profesordefrancesenmadrid.com\/index.php\/2025\/05\/03\/projection-de-bernadette-de-lourdes-la-comedie-musicale\/#primaryimage","url":"https:\/\/i0.wp.com\/profesordefrancesenmadrid.com\/wp-content\/uploads\/2025\/05\/bernadette.jpg?fit=1024%2C576&ssl=1","contentUrl":"https:\/\/i0.wp.com\/profesordefrancesenmadrid.com\/wp-content\/uploads\/2025\/05\/bernadette.jpg?fit=1024%2C576&ssl=1","width":1024,"height":576,"caption":"Le 6 mai 2025 et pour la premi\u00e8re fois au th\u00e9\u00e2tre de l\u2019Institut fran\u00e7ais, projection de \"Bernadette de Lourdes, la com\u00e9die musicale\"."},{"@type":"BreadcrumbList","@id":"https:\/\/profesordefrancesenmadrid.com\/index.php\/2025\/05\/03\/projection-de-bernadette-de-lourdes-la-comedie-musicale\/#breadcrumb","itemListElement":[{"@type":"ListItem","position":1,"name":"Accueil","item":"https:\/\/profesordefrancesenmadrid.com\/"},{"@type":"ListItem","position":2,"name":"Projection de &#8220;Bernadette de Lourdes, la com\u00e9die musicale&#8221;"}]},{"@type":"WebSite","@id":"https:\/\/profesordefrancesenmadrid.com\/#website","url":"https:\/\/profesordefrancesenmadrid.com\/","name":"Ludovic Pedrocchi","description":"Profesor de franc\u00e9s en Madrid desde 2007","publisher":{"@id":"https:\/\/profesordefrancesenmadrid.com\/#organization"},"potentialAction":[{"@type":"SearchAction","target":{"@type":"EntryPoint","urlTemplate":"https:\/\/profesordefrancesenmadrid.com\/?s={search_term_string}"},"query-input":{"@type":"PropertyValueSpecification","valueRequired":true,"valueName":"search_term_string"}}],"inLanguage":"es"},{"@type":"Organization","@id":"https:\/\/profesordefrancesenmadrid.com\/#organization","name":"Profesor de franc\u00e9s en Madrid","url":"https:\/\/profesordefrancesenmadrid.com\/","logo":{"@type":"ImageObject","inLanguage":"es","@id":"https:\/\/profesordefrancesenmadrid.com\/#\/schema\/logo\/image\/","url":"https:\/\/i0.wp.com\/profesordefrancesenmadrid.com\/wp-content\/uploads\/2019\/11\/logo-retina4.png?fit=531%2C64&ssl=1","contentUrl":"https:\/\/i0.wp.com\/profesordefrancesenmadrid.com\/wp-content\/uploads\/2019\/11\/logo-retina4.png?fit=531%2C64&ssl=1","width":531,"height":64,"caption":"Profesor de franc\u00e9s en Madrid"},"image":{"@id":"https:\/\/profesordefrancesenmadrid.com\/#\/schema\/logo\/image\/"},"sameAs":["https:\/\/www.facebook.com\/profesordefrancesenmadrid","https:\/\/x.com\/ldpedrocchi","https:\/\/www.instagram.com\/ludovicpedrocchi\/","https:\/\/www.linkedin.com\/company\/profesordefrancesenmadrid\/","https:\/\/www.youtube.com\/channel\/UCDJoG_2eg4zNu5TEKKnWeOQ"]},{"@type":"Person","@id":"https:\/\/profesordefrancesenmadrid.com\/#\/schema\/person\/0a1adb2c1b651c291c5cbaa79681b408","name":"Ludovic Pedrocchi","image":{"@type":"ImageObject","inLanguage":"es","@id":"https:\/\/secure.gravatar.com\/avatar\/a387eb8654fbe06abe0aaf65349da28f127b1ca3febe9d85747b79a97a1446c2?s=96&d=mm&r=g","url":"https:\/\/secure.gravatar.com\/avatar\/a387eb8654fbe06abe0aaf65349da28f127b1ca3febe9d85747b79a97a1446c2?s=96&d=mm&r=g","contentUrl":"https:\/\/secure.gravatar.com\/avatar\/a387eb8654fbe06abe0aaf65349da28f127b1ca3febe9d85747b79a97a1446c2?s=96&d=mm&r=g","caption":"Ludovic Pedrocchi"},"sameAs":["http:\/\/www.profesordefrancesenmadrid.com"],"url":"https:\/\/profesordefrancesenmadrid.com\/index.php\/author\/ludovicpedrocchi\/"}]}},"jetpack_publicize_connections":[],"jetpack_featured_media_url":"https:\/\/i0.wp.com\/profesordefrancesenmadrid.com\/wp-content\/uploads\/2025\/05\/bernadette.jpg?fit=1024%2C576&ssl=1","jetpack_sharing_enabled":true,"jetpack_likes_enabled":true,"jetpack-related-posts":[],"rttpg_featured_image_url":{"full":["https:\/\/i0.wp.com\/profesordefrancesenmadrid.com\/wp-content\/uploads\/2025\/05\/bernadette.jpg?fit=1024%2C576&ssl=1",1024,576,false],"landscape":["https:\/\/profesordefrancesenmadrid.com\/wp-content\/uploads\/2025\/05\/bernadette.jpg",1024,576,false],"portraits":["https:\/\/profesordefrancesenmadrid.com\/wp-content\/uploads\/2025\/05\/bernadette.jpg",1024,576,false],"thumbnail":["https:\/\/i0.wp.com\/profesordefrancesenmadrid.com\/wp-content\/uploads\/2025\/05\/bernadette.jpg?resize=150%2C150&ssl=1",150,150,true],"medium":["https:\/\/i0.wp.com\/profesordefrancesenmadrid.com\/wp-content\/uploads\/2025\/05\/bernadette.jpg?fit=300%2C169&ssl=1",300,169,true],"large":["https:\/\/i0.wp.com\/profesordefrancesenmadrid.com\/wp-content\/uploads\/2025\/05\/bernadette.jpg?fit=790%2C444&ssl=1",790,444,true],"1536x1536":["https:\/\/i0.wp.com\/profesordefrancesenmadrid.com\/wp-content\/uploads\/2025\/05\/bernadette.jpg?fit=1024%2C576&ssl=1",1024,576,true],"2048x2048":["https:\/\/i0.wp.com\/profesordefrancesenmadrid.com\/wp-content\/uploads\/2025\/05\/bernadette.jpg?fit=1024%2C576&ssl=1",1024,576,true],"screenr-blog-grid-small":["https:\/\/i0.wp.com\/profesordefrancesenmadrid.com\/wp-content\/uploads\/2025\/05\/bernadette.jpg?resize=350%2C200&ssl=1",350,200,true],"screenr-blog-grid":["https:\/\/i0.wp.com\/profesordefrancesenmadrid.com\/wp-content\/uploads\/2025\/05\/bernadette.jpg?resize=540%2C300&ssl=1",540,300,true],"screenr-blog-list":["https:\/\/i0.wp.com\/profesordefrancesenmadrid.com\/wp-content\/uploads\/2025\/05\/bernadette.jpg?resize=790%2C400&ssl=1",790,400,true],"screenr-service-small":["https:\/\/i0.wp.com\/profesordefrancesenmadrid.com\/wp-content\/uploads\/2025\/05\/bernadette.jpg?resize=538%2C280&ssl=1",538,280,true],"screenr-thumbnail-team":["https:\/\/i0.wp.com\/profesordefrancesenmadrid.com\/wp-content\/uploads\/2025\/05\/bernadette.jpg?resize=340%2C220&ssl=1",340,220,true]},"rttpg_author":{"display_name":"Ludovic Pedrocchi","author_link":"https:\/\/profesordefrancesenmadrid.com\/index.php\/author\/ludovicpedrocchi\/"},"rttpg_comment":0,"rttpg_category":"<a href=\"https:\/\/profesordefrancesenmadrid.com\/index.php\/category\/cultura-francesa-en-madrid\/\" rel=\"category tag\">Cultura Francesa<\/a>","rttpg_excerpt":"Le 6 mai 2025 et pour la premi&egrave;re fois au th&eacute;&acirc;tre de l&rsquo;Institut fran&ccedil;ais, projection de \"Bernadette de Lourdes, la com&eacute;die musicale\".","_links":{"self":[{"href":"https:\/\/profesordefrancesenmadrid.com\/index.php\/wp-json\/wp\/v2\/posts\/14085","targetHints":{"allow":["GET"]}}],"collection":[{"href":"https:\/\/profesordefrancesenmadrid.com\/index.php\/wp-json\/wp\/v2\/posts"}],"about":[{"href":"https:\/\/profesordefrancesenmadrid.com\/index.php\/wp-json\/wp\/v2\/types\/post"}],"author":[{"embeddable":true,"href":"https:\/\/profesordefrancesenmadrid.com\/index.php\/wp-json\/wp\/v2\/users\/3"}],"replies":[{"embeddable":true,"href":"https:\/\/profesordefrancesenmadrid.com\/index.php\/wp-json\/wp\/v2\/comments?post=14085"}],"version-history":[{"count":1,"href":"https:\/\/profesordefrancesenmadrid.com\/index.php\/wp-json\/wp\/v2\/posts\/14085\/revisions"}],"predecessor-version":[{"id":14088,"href":"https:\/\/profesordefrancesenmadrid.com\/index.php\/wp-json\/wp\/v2\/posts\/14085\/revisions\/14088"}],"wp:featuredmedia":[{"embeddable":true,"href":"https:\/\/profesordefrancesenmadrid.com\/index.php\/wp-json\/wp\/v2\/media\/14087"}],"wp:attachment":[{"href":"https:\/\/profesordefrancesenmadrid.com\/index.php\/wp-json\/wp\/v2\/media?parent=14085"}],"wp:term":[{"taxonomy":"category","embeddable":true,"href":"https:\/\/profesordefrancesenmadrid.com\/index.php\/wp-json\/wp\/v2\/categories?post=14085"},{"taxonomy":"post_tag","embeddable":true,"href":"https:\/\/profesordefrancesenmadrid.com\/index.php\/wp-json\/wp\/v2\/tags?post=14085"}],"curies":[{"name":"wp","href":"https:\/\/api.w.org\/{rel}","templated":true}]}}