{"id":13254,"date":"2025-02-04T13:38:23","date_gmt":"2025-02-04T12:38:23","guid":{"rendered":"https:\/\/profesordefrancesenmadrid.com\/?p=13254"},"modified":"2025-02-04T13:50:55","modified_gmt":"2025-02-04T12:50:55","slug":"titane-de-julia-ducournaua-la-cineteca-de-madrid","status":"publish","type":"post","link":"https:\/\/profesordefrancesenmadrid.com\/index.php\/2025\/02\/04\/titane-de-julia-ducournaua-la-cineteca-de-madrid\/","title":{"rendered":"&#8220;Titane&#8221; de Julia Ducournau \u00e0 la Cineteca de Madrid"},"content":{"rendered":"<div class=\"wp-block-image\">\n<figure class=\"aligncenter size-large is-resized\"><img data-recalc-dims=\"1\" loading=\"lazy\" decoding=\"async\" width=\"790\" height=\"436\" src=\"https:\/\/i0.wp.com\/profesordefrancesenmadrid.com\/wp-content\/uploads\/2025\/02\/Titane-film.jpg?resize=790%2C436&#038;ssl=1\" alt=\"Projection sp\u00e9ciale du film &quot;Titane&quot;, un film de Julia Ducournau, qui a remport\u00e9 la Palme d'or au Festival de Cannes en 2021\" class=\"wp-image-13255\" style=\"width:695px;height:auto\" srcset=\"https:\/\/i0.wp.com\/profesordefrancesenmadrid.com\/wp-content\/uploads\/2025\/02\/Titane-film.jpg?resize=1024%2C565&amp;ssl=1 1024w, https:\/\/i0.wp.com\/profesordefrancesenmadrid.com\/wp-content\/uploads\/2025\/02\/Titane-film.jpg?resize=300%2C166&amp;ssl=1 300w, https:\/\/i0.wp.com\/profesordefrancesenmadrid.com\/wp-content\/uploads\/2025\/02\/Titane-film.jpg?resize=768%2C424&amp;ssl=1 768w, https:\/\/i0.wp.com\/profesordefrancesenmadrid.com\/wp-content\/uploads\/2025\/02\/Titane-film.jpg?w=1450&amp;ssl=1 1450w\" sizes=\"auto, (max-width: 790px) 100vw, 790px\" \/><\/figure>\n<\/div>\n\n\n<hr class=\"wp-block-separator has-alpha-channel-opacity\"\/>\n\n\n\n<p>Apr\u00e8s son premier long-m\u00e9trage &#8220;<strong>Grave<\/strong>&#8221; (<strong>2016<\/strong>), <strong>Julia Ducournau<\/strong> continue d&#8217;explorer les transformations du corps et les th\u00e9matiques li\u00e9es \u00e0 l&#8217;identit\u00e9 et \u00e0 la filiation.<\/p>\n\n\n\n<p>Le film met en sc\u00e8ne <strong>Alexia <\/strong>(<strong>Agathe Rousselle<\/strong>), une jeune femme marqu\u00e9e physiquement et psychologiquement apr\u00e8s un accident de voiture survenu dans son enfance. Son attirance pour le m\u00e9tal et les machines, ainsi que sa relation troublante avec le corps et la violence, sont au c\u0153ur de ce r\u00e9cit \u00e9trange et visc\u00e9ral.<\/p>\n\n\n\n<p>Avec son style sensoriel et radical, Titane m\u00eale body horror, drame et po\u00e9sie macabre, dans une mise en sc\u00e8ne qui \u00e9voque aussi bien <strong>David Cronenberg<\/strong> que le cin\u00e9ma de <strong>Lynch<\/strong>.<\/p>\n\n\n\n<p><strong>Projet\u00e9 dans le cadre de \u201cFoucault (Michel, pas Jean-Pierre) va al Cine<\/strong>&#8220;<strong> \u2013 Dimanche 9 f\u00e9vrier \u00e0 19h30<\/strong><\/p>\n\n\n\n<hr class=\"wp-block-separator has-alpha-channel-opacity\"\/>\n\n\n\n<figure class=\"wp-block-embed aligncenter is-type-video is-provider-youtube wp-block-embed-youtube wp-embed-aspect-16-9 wp-has-aspect-ratio\"><div class=\"wp-block-embed__wrapper\">\n<span class=\"embed-youtube\" style=\"text-align:center; display: block;\"><iframe loading=\"lazy\" class=\"youtube-player\" width=\"790\" height=\"445\" src=\"https:\/\/www.youtube.com\/embed\/wYoCQRuJ4v8?version=3&#038;rel=1&#038;showsearch=0&#038;showinfo=1&#038;iv_load_policy=1&#038;fs=1&#038;hl=es-ES&#038;autohide=2&#038;wmode=transparent\" allowfullscreen=\"true\" style=\"border:0;\" sandbox=\"allow-scripts allow-same-origin allow-popups allow-presentation allow-popups-to-escape-sandbox\"><\/iframe><\/span>\n<\/div><\/figure>\n\n\n\n<hr class=\"wp-block-separator has-alpha-channel-opacity\"\/>\n\n\n\n<p><strong>\u201cTitane\u201d<br>R\u00e9alisation : Julia Ducournau<br>Avec : Agathe Rousselle, Vincent Lindon<br>Genre : Drame<br>Dur\u00e9e : 108 minutes<br>Sortie : 2021<\/strong><\/p>\n\n\n\n<p><strong>Cineteca<br>Pl de Legazpi, 8<br>Dimanche 9 f\u00e9vrier \u00e0 19h30<br>V.O.S.E.<br><a href=\"https:\/\/www.cinetecamadrid.com\/programacion\/titane\" target=\"_blank\" rel=\"noreferrer noopener\">\u2192 R\u00e9server<\/a><\/strong><\/p>\n\n\n<div class=\"wp-block-image\">\n<figure class=\"aligncenter size-large\"><img data-recalc-dims=\"1\" loading=\"lazy\" decoding=\"async\" width=\"790\" height=\"249\" src=\"https:\/\/i0.wp.com\/profesordefrancesenmadrid.com\/wp-content\/uploads\/2025\/01\/Cineteca-Madrid-plan.jpg?resize=790%2C249&#038;ssl=1\" alt=\"Projection sp\u00e9ciale du film &quot;Titane&quot;, un film de Julia Ducournau, qui a remport\u00e9 la Palme d'or au Festival de Cannes en 2021\" class=\"wp-image-13156\" srcset=\"https:\/\/i0.wp.com\/profesordefrancesenmadrid.com\/wp-content\/uploads\/2025\/01\/Cineteca-Madrid-plan.jpg?resize=1024%2C323&amp;ssl=1 1024w, https:\/\/i0.wp.com\/profesordefrancesenmadrid.com\/wp-content\/uploads\/2025\/01\/Cineteca-Madrid-plan.jpg?resize=300%2C95&amp;ssl=1 300w, https:\/\/i0.wp.com\/profesordefrancesenmadrid.com\/wp-content\/uploads\/2025\/01\/Cineteca-Madrid-plan.jpg?resize=768%2C242&amp;ssl=1 768w, https:\/\/i0.wp.com\/profesordefrancesenmadrid.com\/wp-content\/uploads\/2025\/01\/Cineteca-Madrid-plan.jpg?resize=1536%2C484&amp;ssl=1 1536w, https:\/\/i0.wp.com\/profesordefrancesenmadrid.com\/wp-content\/uploads\/2025\/01\/Cineteca-Madrid-plan.jpg?w=1749&amp;ssl=1 1749w\" sizes=\"auto, (max-width: 790px) 100vw, 790px\" \/><\/figure>\n<\/div>\n\n\n<hr class=\"wp-block-separator has-alpha-channel-opacity\"\/>\n\n\n<h3 style=\"text-align: center;\"><a href=\"https:\/\/profesordefrancesenmadrid.com\/index.php\/cultura-francesa-en-madrid\/\" target=\"_blank\" rel=\"noopener\"><strong>+ de Cultura francesa<\/strong><\/a><\/h3>\n\n\n<hr class=\"wp-block-separator has-alpha-channel-opacity\"\/>\n","protected":false},"excerpt":{"rendered":"<p>Projection sp\u00e9ciale du film &#8220;Titane&#8221;, un film de Julia Ducournau, qui a remport\u00e9 la Palme d&#8217;or au Festival de Cannes en 2021<\/p>\n","protected":false},"author":3,"featured_media":13256,"comment_status":"open","ping_status":"open","sticky":false,"template":"","format":"standard","meta":{"_jetpack_memberships_contains_paid_content":false,"footnotes":"","jetpack_publicize_message":"","jetpack_publicize_feature_enabled":true,"jetpack_social_post_already_shared":true,"jetpack_social_options":{"image_generator_settings":{"template":"highway","default_image_id":0,"font":"","enabled":false},"version":2}},"categories":[67,23],"tags":[407,406],"class_list":["post-13254","post","type-post","status-publish","format-standard","has-post-thumbnail","hentry","category-cine","category-cultura-francesa-en-madrid","tag-julia-ducournau","tag-titane"],"yoast_head":"<!-- This site is optimized with the Yoast SEO plugin v27.5 - https:\/\/yoast.com\/product\/yoast-seo-wordpress\/ -->\n<title>&quot;Titane&quot; de Julia Ducournau \u00e0 la Cineteca de Madrid - Ludovic Pedrocchi - profesordefrancesenmadrid.com<\/title>\n<meta name=\"description\" content=\"Projection sp\u00e9ciale du film &quot;Titane&quot;, un film de Julia Ducournau, qui a remport\u00e9 la Palme d&#039;or au Festival de Cannes en 2021\" \/>\n<meta name=\"robots\" content=\"index, follow, max-snippet:-1, max-image-preview:large, max-video-preview:-1\" \/>\n<link rel=\"canonical\" href=\"https:\/\/profesordefrancesenmadrid.com\/index.php\/2025\/02\/04\/titane-de-julia-ducournaua-la-cineteca-de-madrid\/\" \/>\n<meta property=\"og:locale\" content=\"es_ES\" \/>\n<meta property=\"og:type\" content=\"article\" \/>\n<meta property=\"og:title\" content=\"&quot;Titane&quot; de Julia Ducournau\u00e0 la Cineteca de Madrid\" \/>\n<meta property=\"og:description\" content=\"Projection sp\u00e9ciale du film &quot;Titane&quot;, un film de Julia Ducournau, qui a remport\u00e9 la Palme d&#039;or au Festival de Cannes en 2021\" \/>\n<meta property=\"og:url\" content=\"https:\/\/profesordefrancesenmadrid.com\/index.php\/2025\/02\/04\/titane-de-julia-ducournaua-la-cineteca-de-madrid\/\" \/>\n<meta property=\"og:site_name\" content=\"Ludovic Pedrocchi\" \/>\n<meta property=\"article:publisher\" content=\"https:\/\/www.facebook.com\/profesordefrancesenmadrid\" \/>\n<meta property=\"article:published_time\" content=\"2025-02-04T12:38:23+00:00\" \/>\n<meta property=\"article:modified_time\" content=\"2025-02-04T12:50:55+00:00\" \/>\n<meta property=\"og:image\" content=\"https:\/\/profesordefrancesenmadrid.com\/wp-content\/uploads\/2025\/02\/Titane-couve.jpg\" \/>\n\t<meta property=\"og:image:width\" content=\"1024\" \/>\n\t<meta property=\"og:image:height\" content=\"576\" \/>\n\t<meta property=\"og:image:type\" content=\"image\/jpeg\" \/>\n<meta name=\"author\" content=\"Ludovic Pedrocchi\" \/>\n<meta name=\"twitter:card\" content=\"summary_large_image\" \/>\n<meta name=\"twitter:title\" content=\"&quot;Titane&quot; de Julia Ducournau\u00e0 la Cineteca de Madrid\" \/>\n<meta name=\"twitter:description\" content=\"Projection sp\u00e9ciale du film &quot;Titane&quot;, un film de Julia Ducournau, qui a remport\u00e9 la Palme d&#039;or au Festival de Cannes en 2021\" \/>\n<meta name=\"twitter:image\" content=\"https:\/\/i0.wp.com\/profesordefrancesenmadrid.com\/wp-content\/uploads\/2025\/02\/Titane-couve.jpg?fit=1024%2C576&ssl=1\" \/>\n<meta name=\"twitter:creator\" content=\"@ldpedrocchi\" \/>\n<meta name=\"twitter:site\" content=\"@ldpedrocchi\" \/>\n<meta name=\"twitter:label1\" content=\"Escrito por\" \/>\n\t<meta name=\"twitter:data1\" content=\"Ludovic Pedrocchi\" \/>\n\t<meta name=\"twitter:label2\" content=\"Tiempo de lectura\" \/>\n\t<meta name=\"twitter:data2\" content=\"2 minutos\" \/>\n<script type=\"application\/ld+json\" class=\"yoast-schema-graph\">{\"@context\":\"https:\\\/\\\/schema.org\",\"@graph\":[{\"@type\":\"Article\",\"@id\":\"https:\\\/\\\/profesordefrancesenmadrid.com\\\/index.php\\\/2025\\\/02\\\/04\\\/titane-de-julia-ducournaua-la-cineteca-de-madrid\\\/#article\",\"isPartOf\":{\"@id\":\"https:\\\/\\\/profesordefrancesenmadrid.com\\\/index.php\\\/2025\\\/02\\\/04\\\/titane-de-julia-ducournaua-la-cineteca-de-madrid\\\/\"},\"author\":{\"name\":\"Ludovic Pedrocchi\",\"@id\":\"https:\\\/\\\/profesordefrancesenmadrid.com\\\/#\\\/schema\\\/person\\\/0a1adb2c1b651c291c5cbaa79681b408\"},\"headline\":\"&#8220;Titane&#8221; de Julia Ducournau \u00e0 la Cineteca de Madrid\",\"datePublished\":\"2025-02-04T12:38:23+00:00\",\"dateModified\":\"2025-02-04T12:50:55+00:00\",\"mainEntityOfPage\":{\"@id\":\"https:\\\/\\\/profesordefrancesenmadrid.com\\\/index.php\\\/2025\\\/02\\\/04\\\/titane-de-julia-ducournaua-la-cineteca-de-madrid\\\/\"},\"wordCount\":178,\"commentCount\":0,\"publisher\":{\"@id\":\"https:\\\/\\\/profesordefrancesenmadrid.com\\\/#organization\"},\"image\":{\"@id\":\"https:\\\/\\\/profesordefrancesenmadrid.com\\\/index.php\\\/2025\\\/02\\\/04\\\/titane-de-julia-ducournaua-la-cineteca-de-madrid\\\/#primaryimage\"},\"thumbnailUrl\":\"https:\\\/\\\/i0.wp.com\\\/profesordefrancesenmadrid.com\\\/wp-content\\\/uploads\\\/2025\\\/02\\\/Titane-couve.jpg?fit=1024%2C576&ssl=1\",\"keywords\":[\"Julia Ducournau\",\"Titane\"],\"articleSection\":[\"Cin\u00e9\",\"Cultura Francesa\"],\"inLanguage\":\"es\",\"potentialAction\":[{\"@type\":\"CommentAction\",\"name\":\"Comment\",\"target\":[\"https:\\\/\\\/profesordefrancesenmadrid.com\\\/index.php\\\/2025\\\/02\\\/04\\\/titane-de-julia-ducournaua-la-cineteca-de-madrid\\\/#respond\"]}]},{\"@type\":\"WebPage\",\"@id\":\"https:\\\/\\\/profesordefrancesenmadrid.com\\\/index.php\\\/2025\\\/02\\\/04\\\/titane-de-julia-ducournaua-la-cineteca-de-madrid\\\/\",\"url\":\"https:\\\/\\\/profesordefrancesenmadrid.com\\\/index.php\\\/2025\\\/02\\\/04\\\/titane-de-julia-ducournaua-la-cineteca-de-madrid\\\/\",\"name\":\"\\\"Titane\\\" de Julia Ducournau \u00e0 la Cineteca de Madrid - Ludovic Pedrocchi - profesordefrancesenmadrid.com\",\"isPartOf\":{\"@id\":\"https:\\\/\\\/profesordefrancesenmadrid.com\\\/#website\"},\"primaryImageOfPage\":{\"@id\":\"https:\\\/\\\/profesordefrancesenmadrid.com\\\/index.php\\\/2025\\\/02\\\/04\\\/titane-de-julia-ducournaua-la-cineteca-de-madrid\\\/#primaryimage\"},\"image\":{\"@id\":\"https:\\\/\\\/profesordefrancesenmadrid.com\\\/index.php\\\/2025\\\/02\\\/04\\\/titane-de-julia-ducournaua-la-cineteca-de-madrid\\\/#primaryimage\"},\"thumbnailUrl\":\"https:\\\/\\\/i0.wp.com\\\/profesordefrancesenmadrid.com\\\/wp-content\\\/uploads\\\/2025\\\/02\\\/Titane-couve.jpg?fit=1024%2C576&ssl=1\",\"datePublished\":\"2025-02-04T12:38:23+00:00\",\"dateModified\":\"2025-02-04T12:50:55+00:00\",\"description\":\"Projection sp\u00e9ciale du film \\\"Titane\\\", un film de Julia Ducournau, qui a remport\u00e9 la Palme d'or au Festival de Cannes en 2021\",\"breadcrumb\":{\"@id\":\"https:\\\/\\\/profesordefrancesenmadrid.com\\\/index.php\\\/2025\\\/02\\\/04\\\/titane-de-julia-ducournaua-la-cineteca-de-madrid\\\/#breadcrumb\"},\"inLanguage\":\"es\",\"potentialAction\":[{\"@type\":\"ReadAction\",\"target\":[\"https:\\\/\\\/profesordefrancesenmadrid.com\\\/index.php\\\/2025\\\/02\\\/04\\\/titane-de-julia-ducournaua-la-cineteca-de-madrid\\\/\"]}]},{\"@type\":\"ImageObject\",\"inLanguage\":\"es\",\"@id\":\"https:\\\/\\\/profesordefrancesenmadrid.com\\\/index.php\\\/2025\\\/02\\\/04\\\/titane-de-julia-ducournaua-la-cineteca-de-madrid\\\/#primaryimage\",\"url\":\"https:\\\/\\\/i0.wp.com\\\/profesordefrancesenmadrid.com\\\/wp-content\\\/uploads\\\/2025\\\/02\\\/Titane-couve.jpg?fit=1024%2C576&ssl=1\",\"contentUrl\":\"https:\\\/\\\/i0.wp.com\\\/profesordefrancesenmadrid.com\\\/wp-content\\\/uploads\\\/2025\\\/02\\\/Titane-couve.jpg?fit=1024%2C576&ssl=1\",\"width\":1024,\"height\":576,\"caption\":\"Projection sp\u00e9ciale du film \\\"Titane\\\", un film de Julia Ducournau, qui a remport\u00e9 la Palme d'or au Festival de Cannes en 2021\"},{\"@type\":\"BreadcrumbList\",\"@id\":\"https:\\\/\\\/profesordefrancesenmadrid.com\\\/index.php\\\/2025\\\/02\\\/04\\\/titane-de-julia-ducournaua-la-cineteca-de-madrid\\\/#breadcrumb\",\"itemListElement\":[{\"@type\":\"ListItem\",\"position\":1,\"name\":\"Accueil\",\"item\":\"https:\\\/\\\/profesordefrancesenmadrid.com\\\/\"},{\"@type\":\"ListItem\",\"position\":2,\"name\":\"&#8220;Titane&#8221; de Julia Ducournau \u00e0 la Cineteca de Madrid\"}]},{\"@type\":\"WebSite\",\"@id\":\"https:\\\/\\\/profesordefrancesenmadrid.com\\\/#website\",\"url\":\"https:\\\/\\\/profesordefrancesenmadrid.com\\\/\",\"name\":\"Ludovic Pedrocchi\",\"description\":\"Profesor de franc\u00e9s en Madrid desde 2007\",\"publisher\":{\"@id\":\"https:\\\/\\\/profesordefrancesenmadrid.com\\\/#organization\"},\"potentialAction\":[{\"@type\":\"SearchAction\",\"target\":{\"@type\":\"EntryPoint\",\"urlTemplate\":\"https:\\\/\\\/profesordefrancesenmadrid.com\\\/?s={search_term_string}\"},\"query-input\":{\"@type\":\"PropertyValueSpecification\",\"valueRequired\":true,\"valueName\":\"search_term_string\"}}],\"inLanguage\":\"es\"},{\"@type\":\"Organization\",\"@id\":\"https:\\\/\\\/profesordefrancesenmadrid.com\\\/#organization\",\"name\":\"Profesor de franc\u00e9s en Madrid\",\"url\":\"https:\\\/\\\/profesordefrancesenmadrid.com\\\/\",\"logo\":{\"@type\":\"ImageObject\",\"inLanguage\":\"es\",\"@id\":\"https:\\\/\\\/profesordefrancesenmadrid.com\\\/#\\\/schema\\\/logo\\\/image\\\/\",\"url\":\"https:\\\/\\\/i0.wp.com\\\/profesordefrancesenmadrid.com\\\/wp-content\\\/uploads\\\/2019\\\/11\\\/logo-retina4.png?fit=531%2C64&ssl=1\",\"contentUrl\":\"https:\\\/\\\/i0.wp.com\\\/profesordefrancesenmadrid.com\\\/wp-content\\\/uploads\\\/2019\\\/11\\\/logo-retina4.png?fit=531%2C64&ssl=1\",\"width\":531,\"height\":64,\"caption\":\"Profesor de franc\u00e9s en Madrid\"},\"image\":{\"@id\":\"https:\\\/\\\/profesordefrancesenmadrid.com\\\/#\\\/schema\\\/logo\\\/image\\\/\"},\"sameAs\":[\"https:\\\/\\\/www.facebook.com\\\/profesordefrancesenmadrid\",\"https:\\\/\\\/x.com\\\/ldpedrocchi\",\"https:\\\/\\\/www.instagram.com\\\/ludovicpedrocchi\\\/\",\"https:\\\/\\\/www.linkedin.com\\\/company\\\/profesordefrancesenmadrid\\\/\",\"https:\\\/\\\/www.youtube.com\\\/channel\\\/UCDJoG_2eg4zNu5TEKKnWeOQ\"]},{\"@type\":\"Person\",\"@id\":\"https:\\\/\\\/profesordefrancesenmadrid.com\\\/#\\\/schema\\\/person\\\/0a1adb2c1b651c291c5cbaa79681b408\",\"name\":\"Ludovic Pedrocchi\",\"image\":{\"@type\":\"ImageObject\",\"inLanguage\":\"es\",\"@id\":\"https:\\\/\\\/secure.gravatar.com\\\/avatar\\\/a387eb8654fbe06abe0aaf65349da28f127b1ca3febe9d85747b79a97a1446c2?s=96&d=mm&r=g\",\"url\":\"https:\\\/\\\/secure.gravatar.com\\\/avatar\\\/a387eb8654fbe06abe0aaf65349da28f127b1ca3febe9d85747b79a97a1446c2?s=96&d=mm&r=g\",\"contentUrl\":\"https:\\\/\\\/secure.gravatar.com\\\/avatar\\\/a387eb8654fbe06abe0aaf65349da28f127b1ca3febe9d85747b79a97a1446c2?s=96&d=mm&r=g\",\"caption\":\"Ludovic Pedrocchi\"},\"sameAs\":[\"http:\\\/\\\/www.profesordefrancesenmadrid.com\"],\"url\":\"https:\\\/\\\/profesordefrancesenmadrid.com\\\/index.php\\\/author\\\/ludovicpedrocchi\\\/\"}]}<\/script>\n<!-- \/ Yoast SEO plugin. -->","yoast_head_json":{"title":"\"Titane\" de Julia Ducournau \u00e0 la Cineteca de Madrid - Ludovic Pedrocchi - profesordefrancesenmadrid.com","description":"Projection sp\u00e9ciale du film \"Titane\", un film de Julia Ducournau, qui a remport\u00e9 la Palme d'or au Festival de Cannes en 2021","robots":{"index":"index","follow":"follow","max-snippet":"max-snippet:-1","max-image-preview":"max-image-preview:large","max-video-preview":"max-video-preview:-1"},"canonical":"https:\/\/profesordefrancesenmadrid.com\/index.php\/2025\/02\/04\/titane-de-julia-ducournaua-la-cineteca-de-madrid\/","og_locale":"es_ES","og_type":"article","og_title":"\"Titane\" de Julia Ducournau\u00e0 la Cineteca de Madrid","og_description":"Projection sp\u00e9ciale du film \"Titane\", un film de Julia Ducournau, qui a remport\u00e9 la Palme d'or au Festival de Cannes en 2021","og_url":"https:\/\/profesordefrancesenmadrid.com\/index.php\/2025\/02\/04\/titane-de-julia-ducournaua-la-cineteca-de-madrid\/","og_site_name":"Ludovic Pedrocchi","article_publisher":"https:\/\/www.facebook.com\/profesordefrancesenmadrid","article_published_time":"2025-02-04T12:38:23+00:00","article_modified_time":"2025-02-04T12:50:55+00:00","og_image":[{"width":1024,"height":576,"url":"https:\/\/profesordefrancesenmadrid.com\/wp-content\/uploads\/2025\/02\/Titane-couve.jpg","type":"image\/jpeg"}],"author":"Ludovic Pedrocchi","twitter_card":"summary_large_image","twitter_title":"\"Titane\" de Julia Ducournau\u00e0 la Cineteca de Madrid","twitter_description":"Projection sp\u00e9ciale du film \"Titane\", un film de Julia Ducournau, qui a remport\u00e9 la Palme d'or au Festival de Cannes en 2021","twitter_image":"https:\/\/i0.wp.com\/profesordefrancesenmadrid.com\/wp-content\/uploads\/2025\/02\/Titane-couve.jpg?fit=1024%2C576&ssl=1","twitter_creator":"@ldpedrocchi","twitter_site":"@ldpedrocchi","twitter_misc":{"Escrito por":"Ludovic Pedrocchi","Tiempo de lectura":"2 minutos"},"schema":{"@context":"https:\/\/schema.org","@graph":[{"@type":"Article","@id":"https:\/\/profesordefrancesenmadrid.com\/index.php\/2025\/02\/04\/titane-de-julia-ducournaua-la-cineteca-de-madrid\/#article","isPartOf":{"@id":"https:\/\/profesordefrancesenmadrid.com\/index.php\/2025\/02\/04\/titane-de-julia-ducournaua-la-cineteca-de-madrid\/"},"author":{"name":"Ludovic Pedrocchi","@id":"https:\/\/profesordefrancesenmadrid.com\/#\/schema\/person\/0a1adb2c1b651c291c5cbaa79681b408"},"headline":"&#8220;Titane&#8221; de Julia Ducournau \u00e0 la Cineteca de Madrid","datePublished":"2025-02-04T12:38:23+00:00","dateModified":"2025-02-04T12:50:55+00:00","mainEntityOfPage":{"@id":"https:\/\/profesordefrancesenmadrid.com\/index.php\/2025\/02\/04\/titane-de-julia-ducournaua-la-cineteca-de-madrid\/"},"wordCount":178,"commentCount":0,"publisher":{"@id":"https:\/\/profesordefrancesenmadrid.com\/#organization"},"image":{"@id":"https:\/\/profesordefrancesenmadrid.com\/index.php\/2025\/02\/04\/titane-de-julia-ducournaua-la-cineteca-de-madrid\/#primaryimage"},"thumbnailUrl":"https:\/\/i0.wp.com\/profesordefrancesenmadrid.com\/wp-content\/uploads\/2025\/02\/Titane-couve.jpg?fit=1024%2C576&ssl=1","keywords":["Julia Ducournau","Titane"],"articleSection":["Cin\u00e9","Cultura Francesa"],"inLanguage":"es","potentialAction":[{"@type":"CommentAction","name":"Comment","target":["https:\/\/profesordefrancesenmadrid.com\/index.php\/2025\/02\/04\/titane-de-julia-ducournaua-la-cineteca-de-madrid\/#respond"]}]},{"@type":"WebPage","@id":"https:\/\/profesordefrancesenmadrid.com\/index.php\/2025\/02\/04\/titane-de-julia-ducournaua-la-cineteca-de-madrid\/","url":"https:\/\/profesordefrancesenmadrid.com\/index.php\/2025\/02\/04\/titane-de-julia-ducournaua-la-cineteca-de-madrid\/","name":"\"Titane\" de Julia Ducournau \u00e0 la Cineteca de Madrid - Ludovic Pedrocchi - profesordefrancesenmadrid.com","isPartOf":{"@id":"https:\/\/profesordefrancesenmadrid.com\/#website"},"primaryImageOfPage":{"@id":"https:\/\/profesordefrancesenmadrid.com\/index.php\/2025\/02\/04\/titane-de-julia-ducournaua-la-cineteca-de-madrid\/#primaryimage"},"image":{"@id":"https:\/\/profesordefrancesenmadrid.com\/index.php\/2025\/02\/04\/titane-de-julia-ducournaua-la-cineteca-de-madrid\/#primaryimage"},"thumbnailUrl":"https:\/\/i0.wp.com\/profesordefrancesenmadrid.com\/wp-content\/uploads\/2025\/02\/Titane-couve.jpg?fit=1024%2C576&ssl=1","datePublished":"2025-02-04T12:38:23+00:00","dateModified":"2025-02-04T12:50:55+00:00","description":"Projection sp\u00e9ciale du film \"Titane\", un film de Julia Ducournau, qui a remport\u00e9 la Palme d'or au Festival de Cannes en 2021","breadcrumb":{"@id":"https:\/\/profesordefrancesenmadrid.com\/index.php\/2025\/02\/04\/titane-de-julia-ducournaua-la-cineteca-de-madrid\/#breadcrumb"},"inLanguage":"es","potentialAction":[{"@type":"ReadAction","target":["https:\/\/profesordefrancesenmadrid.com\/index.php\/2025\/02\/04\/titane-de-julia-ducournaua-la-cineteca-de-madrid\/"]}]},{"@type":"ImageObject","inLanguage":"es","@id":"https:\/\/profesordefrancesenmadrid.com\/index.php\/2025\/02\/04\/titane-de-julia-ducournaua-la-cineteca-de-madrid\/#primaryimage","url":"https:\/\/i0.wp.com\/profesordefrancesenmadrid.com\/wp-content\/uploads\/2025\/02\/Titane-couve.jpg?fit=1024%2C576&ssl=1","contentUrl":"https:\/\/i0.wp.com\/profesordefrancesenmadrid.com\/wp-content\/uploads\/2025\/02\/Titane-couve.jpg?fit=1024%2C576&ssl=1","width":1024,"height":576,"caption":"Projection sp\u00e9ciale du film \"Titane\", un film de Julia Ducournau, qui a remport\u00e9 la Palme d'or au Festival de Cannes en 2021"},{"@type":"BreadcrumbList","@id":"https:\/\/profesordefrancesenmadrid.com\/index.php\/2025\/02\/04\/titane-de-julia-ducournaua-la-cineteca-de-madrid\/#breadcrumb","itemListElement":[{"@type":"ListItem","position":1,"name":"Accueil","item":"https:\/\/profesordefrancesenmadrid.com\/"},{"@type":"ListItem","position":2,"name":"&#8220;Titane&#8221; de Julia Ducournau \u00e0 la Cineteca de Madrid"}]},{"@type":"WebSite","@id":"https:\/\/profesordefrancesenmadrid.com\/#website","url":"https:\/\/profesordefrancesenmadrid.com\/","name":"Ludovic Pedrocchi","description":"Profesor de franc\u00e9s en Madrid desde 2007","publisher":{"@id":"https:\/\/profesordefrancesenmadrid.com\/#organization"},"potentialAction":[{"@type":"SearchAction","target":{"@type":"EntryPoint","urlTemplate":"https:\/\/profesordefrancesenmadrid.com\/?s={search_term_string}"},"query-input":{"@type":"PropertyValueSpecification","valueRequired":true,"valueName":"search_term_string"}}],"inLanguage":"es"},{"@type":"Organization","@id":"https:\/\/profesordefrancesenmadrid.com\/#organization","name":"Profesor de franc\u00e9s en Madrid","url":"https:\/\/profesordefrancesenmadrid.com\/","logo":{"@type":"ImageObject","inLanguage":"es","@id":"https:\/\/profesordefrancesenmadrid.com\/#\/schema\/logo\/image\/","url":"https:\/\/i0.wp.com\/profesordefrancesenmadrid.com\/wp-content\/uploads\/2019\/11\/logo-retina4.png?fit=531%2C64&ssl=1","contentUrl":"https:\/\/i0.wp.com\/profesordefrancesenmadrid.com\/wp-content\/uploads\/2019\/11\/logo-retina4.png?fit=531%2C64&ssl=1","width":531,"height":64,"caption":"Profesor de franc\u00e9s en Madrid"},"image":{"@id":"https:\/\/profesordefrancesenmadrid.com\/#\/schema\/logo\/image\/"},"sameAs":["https:\/\/www.facebook.com\/profesordefrancesenmadrid","https:\/\/x.com\/ldpedrocchi","https:\/\/www.instagram.com\/ludovicpedrocchi\/","https:\/\/www.linkedin.com\/company\/profesordefrancesenmadrid\/","https:\/\/www.youtube.com\/channel\/UCDJoG_2eg4zNu5TEKKnWeOQ"]},{"@type":"Person","@id":"https:\/\/profesordefrancesenmadrid.com\/#\/schema\/person\/0a1adb2c1b651c291c5cbaa79681b408","name":"Ludovic Pedrocchi","image":{"@type":"ImageObject","inLanguage":"es","@id":"https:\/\/secure.gravatar.com\/avatar\/a387eb8654fbe06abe0aaf65349da28f127b1ca3febe9d85747b79a97a1446c2?s=96&d=mm&r=g","url":"https:\/\/secure.gravatar.com\/avatar\/a387eb8654fbe06abe0aaf65349da28f127b1ca3febe9d85747b79a97a1446c2?s=96&d=mm&r=g","contentUrl":"https:\/\/secure.gravatar.com\/avatar\/a387eb8654fbe06abe0aaf65349da28f127b1ca3febe9d85747b79a97a1446c2?s=96&d=mm&r=g","caption":"Ludovic Pedrocchi"},"sameAs":["http:\/\/www.profesordefrancesenmadrid.com"],"url":"https:\/\/profesordefrancesenmadrid.com\/index.php\/author\/ludovicpedrocchi\/"}]}},"jetpack_publicize_connections":[],"jetpack_featured_media_url":"https:\/\/i0.wp.com\/profesordefrancesenmadrid.com\/wp-content\/uploads\/2025\/02\/Titane-couve.jpg?fit=1024%2C576&ssl=1","jetpack_sharing_enabled":true,"jetpack_likes_enabled":true,"jetpack-related-posts":[],"rttpg_featured_image_url":{"full":["https:\/\/i0.wp.com\/profesordefrancesenmadrid.com\/wp-content\/uploads\/2025\/02\/Titane-couve.jpg?fit=1024%2C576&ssl=1",1024,576,false],"landscape":["https:\/\/profesordefrancesenmadrid.com\/wp-content\/uploads\/2025\/02\/Titane-couve.jpg",1024,576,false],"portraits":["https:\/\/profesordefrancesenmadrid.com\/wp-content\/uploads\/2025\/02\/Titane-couve.jpg",1024,576,false],"thumbnail":["https:\/\/i0.wp.com\/profesordefrancesenmadrid.com\/wp-content\/uploads\/2025\/02\/Titane-couve.jpg?resize=150%2C150&ssl=1",150,150,true],"medium":["https:\/\/i0.wp.com\/profesordefrancesenmadrid.com\/wp-content\/uploads\/2025\/02\/Titane-couve.jpg?fit=300%2C169&ssl=1",300,169,true],"large":["https:\/\/i0.wp.com\/profesordefrancesenmadrid.com\/wp-content\/uploads\/2025\/02\/Titane-couve.jpg?fit=790%2C444&ssl=1",790,444,true],"1536x1536":["https:\/\/i0.wp.com\/profesordefrancesenmadrid.com\/wp-content\/uploads\/2025\/02\/Titane-couve.jpg?fit=1024%2C576&ssl=1",1024,576,true],"2048x2048":["https:\/\/i0.wp.com\/profesordefrancesenmadrid.com\/wp-content\/uploads\/2025\/02\/Titane-couve.jpg?fit=1024%2C576&ssl=1",1024,576,true],"screenr-blog-grid-small":["https:\/\/i0.wp.com\/profesordefrancesenmadrid.com\/wp-content\/uploads\/2025\/02\/Titane-couve.jpg?resize=350%2C200&ssl=1",350,200,true],"screenr-blog-grid":["https:\/\/i0.wp.com\/profesordefrancesenmadrid.com\/wp-content\/uploads\/2025\/02\/Titane-couve.jpg?resize=540%2C300&ssl=1",540,300,true],"screenr-blog-list":["https:\/\/i0.wp.com\/profesordefrancesenmadrid.com\/wp-content\/uploads\/2025\/02\/Titane-couve.jpg?resize=790%2C400&ssl=1",790,400,true],"screenr-service-small":["https:\/\/i0.wp.com\/profesordefrancesenmadrid.com\/wp-content\/uploads\/2025\/02\/Titane-couve.jpg?resize=538%2C280&ssl=1",538,280,true],"screenr-thumbnail-team":["https:\/\/i0.wp.com\/profesordefrancesenmadrid.com\/wp-content\/uploads\/2025\/02\/Titane-couve.jpg?resize=340%2C220&ssl=1",340,220,true]},"rttpg_author":{"display_name":"Ludovic Pedrocchi","author_link":"https:\/\/profesordefrancesenmadrid.com\/index.php\/author\/ludovicpedrocchi\/"},"rttpg_comment":0,"rttpg_category":"<a href=\"https:\/\/profesordefrancesenmadrid.com\/index.php\/category\/cultura-francesa-en-madrid\/cine\/\" rel=\"category tag\">Cin\u00e9<\/a> <a href=\"https:\/\/profesordefrancesenmadrid.com\/index.php\/category\/cultura-francesa-en-madrid\/\" rel=\"category tag\">Cultura Francesa<\/a>","rttpg_excerpt":"Projection sp&eacute;ciale du film \"Titane\", un film de Julia Ducournau, qui a remport&eacute; la Palme d'or au Festival de Cannes en 2021","_links":{"self":[{"href":"https:\/\/profesordefrancesenmadrid.com\/index.php\/wp-json\/wp\/v2\/posts\/13254","targetHints":{"allow":["GET"]}}],"collection":[{"href":"https:\/\/profesordefrancesenmadrid.com\/index.php\/wp-json\/wp\/v2\/posts"}],"about":[{"href":"https:\/\/profesordefrancesenmadrid.com\/index.php\/wp-json\/wp\/v2\/types\/post"}],"author":[{"embeddable":true,"href":"https:\/\/profesordefrancesenmadrid.com\/index.php\/wp-json\/wp\/v2\/users\/3"}],"replies":[{"embeddable":true,"href":"https:\/\/profesordefrancesenmadrid.com\/index.php\/wp-json\/wp\/v2\/comments?post=13254"}],"version-history":[{"count":4,"href":"https:\/\/profesordefrancesenmadrid.com\/index.php\/wp-json\/wp\/v2\/posts\/13254\/revisions"}],"predecessor-version":[{"id":13263,"href":"https:\/\/profesordefrancesenmadrid.com\/index.php\/wp-json\/wp\/v2\/posts\/13254\/revisions\/13263"}],"wp:featuredmedia":[{"embeddable":true,"href":"https:\/\/profesordefrancesenmadrid.com\/index.php\/wp-json\/wp\/v2\/media\/13256"}],"wp:attachment":[{"href":"https:\/\/profesordefrancesenmadrid.com\/index.php\/wp-json\/wp\/v2\/media?parent=13254"}],"wp:term":[{"taxonomy":"category","embeddable":true,"href":"https:\/\/profesordefrancesenmadrid.com\/index.php\/wp-json\/wp\/v2\/categories?post=13254"},{"taxonomy":"post_tag","embeddable":true,"href":"https:\/\/profesordefrancesenmadrid.com\/index.php\/wp-json\/wp\/v2\/tags?post=13254"}],"curies":[{"name":"wp","href":"https:\/\/api.w.org\/{rel}","templated":true}]}}