{"id":12028,"date":"2024-03-10T18:05:11","date_gmt":"2024-03-10T17:05:11","guid":{"rendered":"https:\/\/profesordefrancesenmadrid.com\/?p=12028"},"modified":"2024-03-10T18:05:14","modified_gmt":"2024-03-10T17:05:14","slug":"festival-ellas-crean-madame-curie-de-marjane-satrapi","status":"publish","type":"post","link":"https:\/\/profesordefrancesenmadrid.com\/index.php\/2024\/03\/10\/festival-ellas-crean-madame-curie-de-marjane-satrapi\/","title":{"rendered":"Festival &#8220;Ellas Crean&#8221; \u2013 &#8220;Madame Curie&#8221; de Marjane Satrapi"},"content":{"rendered":"<p>L\u2019<strong>Institut fran\u00e7ais de Madrid<\/strong> se joint au festival &#8220;<strong>Ellas Crean<\/strong>&#8221; et \u00e0 l\u2019<strong>Institut Polonais de la Culture<\/strong>, pour rendre hommage \u00e0 la figure embl\u00e9matique de <strong>Marie Curie<\/strong> \u00e0 travers de projections de films de r\u00e9alisatrices fran\u00e7aises bas\u00e9es sur la vie de la scientifique.<\/p>\n<p><strong>Ce lundi 11 mars 2024 \u00e0 20h, projection de &#8220;Marie Curie&#8221; de Marjane Satrapi<\/strong><\/p>\n\n\n<hr class=\"wp-block-separator has-alpha-channel-opacity\"\/>\n\n\n\n<figure class=\"wp-block-embed aligncenter is-type-video is-provider-youtube wp-block-embed-youtube wp-embed-aspect-16-9 wp-has-aspect-ratio\"><div class=\"wp-block-embed__wrapper\">\n<span class=\"embed-youtube\" style=\"text-align:center; display: block;\"><iframe loading=\"lazy\" class=\"youtube-player\" width=\"790\" height=\"445\" src=\"https:\/\/www.youtube.com\/embed\/fRRGlCIfr5E?version=3&#038;rel=1&#038;showsearch=0&#038;showinfo=1&#038;iv_load_policy=1&#038;fs=1&#038;hl=es-ES&#038;autohide=2&#038;wmode=transparent\" allowfullscreen=\"true\" style=\"border:0;\" sandbox=\"allow-scripts allow-same-origin allow-popups allow-presentation allow-popups-to-escape-sandbox\"><\/iframe><\/span>\n<\/div><\/figure>\n\n\n\n<hr class=\"wp-block-separator has-alpha-channel-opacity\"\/>\n\n\n<div class=\"wp-block-image\">\n<figure class=\"aligncenter size-full is-resized\"><img data-recalc-dims=\"1\" loading=\"lazy\" decoding=\"async\" width=\"385\" height=\"634\" src=\"https:\/\/i0.wp.com\/profesordefrancesenmadrid.com\/wp-content\/uploads\/2024\/03\/ellas-crean.jpg?resize=385%2C634&#038;ssl=1\" alt=\"\" class=\"wp-image-12029\" style=\"width:311px;height:auto\" srcset=\"https:\/\/i0.wp.com\/profesordefrancesenmadrid.com\/wp-content\/uploads\/2024\/03\/ellas-crean.jpg?w=385&amp;ssl=1 385w, https:\/\/i0.wp.com\/profesordefrancesenmadrid.com\/wp-content\/uploads\/2024\/03\/ellas-crean.jpg?resize=182%2C300&amp;ssl=1 182w\" sizes=\"auto, (max-width: 385px) 100vw, 385px\" \/><\/figure>\n<\/div>\n\n<p><strong>Madrid<\/strong> accueille une nouvelle \u00e9dition du festival de cr\u00e9ation f\u00e9minine &#8220;<strong>Ellas Crean<\/strong>&#8220;. Cet \u00e9v\u00e9nement culturel pr\u00e9sente un vaste programme de musique, de th\u00e9\u00e2tre et de danse, comprenant des premi\u00e8res, des d\u00e9bats, de la po\u00e9sie et des performances.<\/p>\n<p><a href=\"https:\/\/ellascrean.com\/\" target=\"_blank\" rel=\"noopener\"><strong>\u2192 Le programme<\/strong><\/a><\/p>\n\n\n<hr class=\"wp-block-separator has-alpha-channel-opacity\"\/>\n\n\n<p><strong>\u201cMarie Curie\u201d<\/strong><br \/><strong>R\u00e9alisation : Marjane Satrapi<\/strong><br \/><strong>Avec : Rosamund Pike<\/strong><br \/><strong>2019<\/strong><br \/><strong>109 minutes<\/strong><br \/><strong>Version originale (anglais) sous-titr\u00e9e en espagnol<\/strong><\/p>\n<p><a href=\"https:\/\/www.google.com\/maps\/place\/Calle+del+Marqu%C3%A9s+de+la+Ensenada+10%2C+28004+Madrid%2C+Espa%C3%B1a\" target=\"_blank\" rel=\"noopener\"><strong>\u2192 Th\u00e9\u00e2tre de l\u2019Institut fran\u00e7ais de Madrid<\/strong><\/a><br \/><strong>Calle del Marqu\u00e9s de la Ensenada, 10<\/strong><br \/><strong>Jeudi 14 d\u00e9cembre 2023<\/strong><br \/><strong>20h<\/strong><br \/><strong>4 euros online<\/strong><br \/><strong>5 euros sur place (CB)<\/strong><\/p>\n<p><a href=\"https:\/\/www.institutfrancais.es\/madrid\/evento\/cine-festival-ellas-crean-madame-curie-por-marjane-satrapi\/\" target=\"_blank\" rel=\"noopener\"><strong>\u2192 + d\u2019infos<\/strong><\/a><br \/><a href=\"https:\/\/madrid.extranet-aec.com\/events\/detail\/1833?_ga=2.96693719.938525936.1710003158-1797344343.1700850869&amp;_gac=1.146775238.1710013998.Cj0KCQiArrCvBhCNARIsAOkAGcUBDdJWWShs5QfpKw-WFRWAticdl9Cj1ub5HQeko3U4Xdxs45Ubgn0aAusMEALw_wcB&amp;_gl=1*96rw17*_ga*MTc5NzM0NDM0My4xNzAwODUwODY5*_ga_ZCRPPVRRZ5*MTcxMDA4ODE0OC4yNy4xLjE3MTAwODgxODcuMjEuMC4w#\/\" target=\"_blank\" rel=\"noopener\"><strong>\u2192 R\u00e9servation<\/strong><\/a><\/p>\n\n\n<hr class=\"wp-block-separator has-alpha-channel-opacity\"\/>\n\n\n<h3 style=\"text-align: center;\"><a href=\"https:\/\/profesordefrancesenmadrid.com\/index.php\/cultura-francesa-en-madrid\/\" target=\"_blank\" rel=\"noopener\"><strong>+ de Cultura francesa<\/strong><\/a><\/h3>\n\n\n<hr class=\"wp-block-separator has-alpha-channel-opacity\"\/>\n","protected":false},"excerpt":{"rendered":"<p>L\u2019Institut fran\u00e7ais de Madrid se joint au festival &#8220;Ellas Crean&#8221; et \u00e0 l\u2019Institut Polonais de la Culture, pour rendre hommage \u00e0 la figure embl\u00e9matique de Marie Curie \u00e0 travers de projections de films de r\u00e9alisatrices fran\u00e7aises bas\u00e9es sur la vie de la scientifique.<\/p>\n","protected":false},"author":3,"featured_media":12030,"comment_status":"open","ping_status":"open","sticky":false,"template":"","format":"standard","meta":{"_jetpack_memberships_contains_paid_content":false,"footnotes":"","jetpack_publicize_message":"","jetpack_publicize_feature_enabled":true,"jetpack_social_post_already_shared":true,"jetpack_social_options":{"image_generator_settings":{"template":"highway","default_image_id":0,"font":"","enabled":false},"version":2}},"categories":[67,23],"tags":[272,160,270,258,271],"class_list":["post-12028","post","type-post","status-publish","format-standard","has-post-thumbnail","hentry","category-cine","category-cultura-francesa-en-madrid","tag-festival-ellas-crean","tag-institut-francais-de-madrid","tag-madame-curie","tag-marie-curie","tag-marjane-satrapi"],"yoast_head":"<!-- This site is optimized with the Yoast SEO plugin v27.5 - https:\/\/yoast.com\/product\/yoast-seo-wordpress\/ -->\n<title>Festival &quot;Ellas Crean&quot; \u2013 &quot;Madame Curie&quot; de Marjane Satrapi - Ludovic Pedrocchi - profesordefrancesenmadrid.com<\/title>\n<meta name=\"description\" content=\"L\u2019Institut fran\u00e7ais de Madrid et l\u2019Institut Polonais de la Culture rendent hommage \u00e0 la figure embl\u00e9matique de Marie Curie.\" \/>\n<meta name=\"robots\" content=\"index, follow, max-snippet:-1, max-image-preview:large, max-video-preview:-1\" \/>\n<link rel=\"canonical\" href=\"https:\/\/profesordefrancesenmadrid.com\/index.php\/2024\/03\/10\/festival-ellas-crean-madame-curie-de-marjane-satrapi\/\" \/>\n<meta property=\"og:locale\" content=\"es_ES\" \/>\n<meta property=\"og:type\" content=\"article\" \/>\n<meta property=\"og:title\" content=\"&quot;Marie Curie&quot; de Marjane Satrapi\" \/>\n<meta property=\"og:description\" content=\"L\u2019Institut fran\u00e7ais de Madrid et l\u2019Institut Polonais de la Culture rendent hommage \u00e0 la figure embl\u00e9matique de Marie Curie.\" \/>\n<meta property=\"og:url\" content=\"https:\/\/profesordefrancesenmadrid.com\/index.php\/2024\/03\/10\/festival-ellas-crean-madame-curie-de-marjane-satrapi\/\" \/>\n<meta property=\"og:site_name\" content=\"Ludovic Pedrocchi\" \/>\n<meta property=\"article:publisher\" content=\"https:\/\/www.facebook.com\/profesordefrancesenmadrid\" \/>\n<meta property=\"article:published_time\" content=\"2024-03-10T17:05:11+00:00\" \/>\n<meta property=\"article:modified_time\" content=\"2024-03-10T17:05:14+00:00\" \/>\n<meta property=\"og:image\" content=\"https:\/\/profesordefrancesenmadrid.com\/wp-content\/uploads\/2024\/03\/Marie-Curie.jpg\" \/>\n\t<meta property=\"og:image:width\" content=\"1024\" \/>\n\t<meta property=\"og:image:height\" content=\"576\" \/>\n\t<meta property=\"og:image:type\" content=\"image\/jpeg\" \/>\n<meta name=\"author\" content=\"Ludovic Pedrocchi\" \/>\n<meta name=\"twitter:card\" content=\"summary_large_image\" \/>\n<meta name=\"twitter:creator\" content=\"@ldpedrocchi\" \/>\n<meta name=\"twitter:site\" content=\"@ldpedrocchi\" \/>\n<meta name=\"twitter:label1\" content=\"Escrito por\" \/>\n\t<meta name=\"twitter:data1\" content=\"Ludovic Pedrocchi\" \/>\n\t<meta name=\"twitter:label2\" content=\"Tiempo de lectura\" \/>\n\t<meta name=\"twitter:data2\" content=\"2 minutos\" \/>\n<script type=\"application\/ld+json\" class=\"yoast-schema-graph\">{\"@context\":\"https:\\\/\\\/schema.org\",\"@graph\":[{\"@type\":\"Article\",\"@id\":\"https:\\\/\\\/profesordefrancesenmadrid.com\\\/index.php\\\/2024\\\/03\\\/10\\\/festival-ellas-crean-madame-curie-de-marjane-satrapi\\\/#article\",\"isPartOf\":{\"@id\":\"https:\\\/\\\/profesordefrancesenmadrid.com\\\/index.php\\\/2024\\\/03\\\/10\\\/festival-ellas-crean-madame-curie-de-marjane-satrapi\\\/\"},\"author\":{\"name\":\"Ludovic Pedrocchi\",\"@id\":\"https:\\\/\\\/profesordefrancesenmadrid.com\\\/#\\\/schema\\\/person\\\/0a1adb2c1b651c291c5cbaa79681b408\"},\"headline\":\"Festival &#8220;Ellas Crean&#8221; \u2013 &#8220;Madame Curie&#8221; de Marjane Satrapi\",\"datePublished\":\"2024-03-10T17:05:11+00:00\",\"dateModified\":\"2024-03-10T17:05:14+00:00\",\"mainEntityOfPage\":{\"@id\":\"https:\\\/\\\/profesordefrancesenmadrid.com\\\/index.php\\\/2024\\\/03\\\/10\\\/festival-ellas-crean-madame-curie-de-marjane-satrapi\\\/\"},\"wordCount\":171,\"commentCount\":0,\"publisher\":{\"@id\":\"https:\\\/\\\/profesordefrancesenmadrid.com\\\/#organization\"},\"image\":{\"@id\":\"https:\\\/\\\/profesordefrancesenmadrid.com\\\/index.php\\\/2024\\\/03\\\/10\\\/festival-ellas-crean-madame-curie-de-marjane-satrapi\\\/#primaryimage\"},\"thumbnailUrl\":\"https:\\\/\\\/i0.wp.com\\\/profesordefrancesenmadrid.com\\\/wp-content\\\/uploads\\\/2024\\\/03\\\/Marie-Curie.jpg?fit=1024%2C576&ssl=1\",\"keywords\":[\"Festival Ellas Crean\",\"Institut fran\u00e7ais de Madrid\",\"Madame Curie\",\"Marie Curie\",\"Marjane Satrapi\"],\"articleSection\":[\"Cin\u00e9\",\"Cultura Francesa\"],\"inLanguage\":\"es\",\"potentialAction\":[{\"@type\":\"CommentAction\",\"name\":\"Comment\",\"target\":[\"https:\\\/\\\/profesordefrancesenmadrid.com\\\/index.php\\\/2024\\\/03\\\/10\\\/festival-ellas-crean-madame-curie-de-marjane-satrapi\\\/#respond\"]}]},{\"@type\":\"WebPage\",\"@id\":\"https:\\\/\\\/profesordefrancesenmadrid.com\\\/index.php\\\/2024\\\/03\\\/10\\\/festival-ellas-crean-madame-curie-de-marjane-satrapi\\\/\",\"url\":\"https:\\\/\\\/profesordefrancesenmadrid.com\\\/index.php\\\/2024\\\/03\\\/10\\\/festival-ellas-crean-madame-curie-de-marjane-satrapi\\\/\",\"name\":\"Festival \\\"Ellas Crean\\\" \u2013 \\\"Madame Curie\\\" de Marjane Satrapi - Ludovic Pedrocchi - profesordefrancesenmadrid.com\",\"isPartOf\":{\"@id\":\"https:\\\/\\\/profesordefrancesenmadrid.com\\\/#website\"},\"primaryImageOfPage\":{\"@id\":\"https:\\\/\\\/profesordefrancesenmadrid.com\\\/index.php\\\/2024\\\/03\\\/10\\\/festival-ellas-crean-madame-curie-de-marjane-satrapi\\\/#primaryimage\"},\"image\":{\"@id\":\"https:\\\/\\\/profesordefrancesenmadrid.com\\\/index.php\\\/2024\\\/03\\\/10\\\/festival-ellas-crean-madame-curie-de-marjane-satrapi\\\/#primaryimage\"},\"thumbnailUrl\":\"https:\\\/\\\/i0.wp.com\\\/profesordefrancesenmadrid.com\\\/wp-content\\\/uploads\\\/2024\\\/03\\\/Marie-Curie.jpg?fit=1024%2C576&ssl=1\",\"datePublished\":\"2024-03-10T17:05:11+00:00\",\"dateModified\":\"2024-03-10T17:05:14+00:00\",\"description\":\"L\u2019Institut fran\u00e7ais de Madrid et l\u2019Institut Polonais de la Culture rendent hommage \u00e0 la figure embl\u00e9matique de Marie Curie.\",\"breadcrumb\":{\"@id\":\"https:\\\/\\\/profesordefrancesenmadrid.com\\\/index.php\\\/2024\\\/03\\\/10\\\/festival-ellas-crean-madame-curie-de-marjane-satrapi\\\/#breadcrumb\"},\"inLanguage\":\"es\",\"potentialAction\":[{\"@type\":\"ReadAction\",\"target\":[\"https:\\\/\\\/profesordefrancesenmadrid.com\\\/index.php\\\/2024\\\/03\\\/10\\\/festival-ellas-crean-madame-curie-de-marjane-satrapi\\\/\"]}]},{\"@type\":\"ImageObject\",\"inLanguage\":\"es\",\"@id\":\"https:\\\/\\\/profesordefrancesenmadrid.com\\\/index.php\\\/2024\\\/03\\\/10\\\/festival-ellas-crean-madame-curie-de-marjane-satrapi\\\/#primaryimage\",\"url\":\"https:\\\/\\\/i0.wp.com\\\/profesordefrancesenmadrid.com\\\/wp-content\\\/uploads\\\/2024\\\/03\\\/Marie-Curie.jpg?fit=1024%2C576&ssl=1\",\"contentUrl\":\"https:\\\/\\\/i0.wp.com\\\/profesordefrancesenmadrid.com\\\/wp-content\\\/uploads\\\/2024\\\/03\\\/Marie-Curie.jpg?fit=1024%2C576&ssl=1\",\"width\":1024,\"height\":576,\"caption\":\"L\u2019Institut fran\u00e7ais de Madrid se joint au festival \\\"Ellas Crean\\\" et \u00e0 l\u2019Institut Polonais de la Culture, pour rendre hommage \u00e0 la figure embl\u00e9matique de Marie Curie \u00e0 travers de projections de films de r\u00e9alisatrices fran\u00e7aises bas\u00e9es sur la vie de la scientifique.\"},{\"@type\":\"BreadcrumbList\",\"@id\":\"https:\\\/\\\/profesordefrancesenmadrid.com\\\/index.php\\\/2024\\\/03\\\/10\\\/festival-ellas-crean-madame-curie-de-marjane-satrapi\\\/#breadcrumb\",\"itemListElement\":[{\"@type\":\"ListItem\",\"position\":1,\"name\":\"Accueil\",\"item\":\"https:\\\/\\\/profesordefrancesenmadrid.com\\\/\"},{\"@type\":\"ListItem\",\"position\":2,\"name\":\"Festival &#8220;Ellas Crean&#8221; \u2013 &#8220;Madame Curie&#8221; de Marjane Satrapi\"}]},{\"@type\":\"WebSite\",\"@id\":\"https:\\\/\\\/profesordefrancesenmadrid.com\\\/#website\",\"url\":\"https:\\\/\\\/profesordefrancesenmadrid.com\\\/\",\"name\":\"Ludovic Pedrocchi\",\"description\":\"Profesor de franc\u00e9s en Madrid desde 2007\",\"publisher\":{\"@id\":\"https:\\\/\\\/profesordefrancesenmadrid.com\\\/#organization\"},\"potentialAction\":[{\"@type\":\"SearchAction\",\"target\":{\"@type\":\"EntryPoint\",\"urlTemplate\":\"https:\\\/\\\/profesordefrancesenmadrid.com\\\/?s={search_term_string}\"},\"query-input\":{\"@type\":\"PropertyValueSpecification\",\"valueRequired\":true,\"valueName\":\"search_term_string\"}}],\"inLanguage\":\"es\"},{\"@type\":\"Organization\",\"@id\":\"https:\\\/\\\/profesordefrancesenmadrid.com\\\/#organization\",\"name\":\"Profesor de franc\u00e9s en Madrid\",\"url\":\"https:\\\/\\\/profesordefrancesenmadrid.com\\\/\",\"logo\":{\"@type\":\"ImageObject\",\"inLanguage\":\"es\",\"@id\":\"https:\\\/\\\/profesordefrancesenmadrid.com\\\/#\\\/schema\\\/logo\\\/image\\\/\",\"url\":\"https:\\\/\\\/i0.wp.com\\\/profesordefrancesenmadrid.com\\\/wp-content\\\/uploads\\\/2019\\\/11\\\/logo-retina4.png?fit=531%2C64&ssl=1\",\"contentUrl\":\"https:\\\/\\\/i0.wp.com\\\/profesordefrancesenmadrid.com\\\/wp-content\\\/uploads\\\/2019\\\/11\\\/logo-retina4.png?fit=531%2C64&ssl=1\",\"width\":531,\"height\":64,\"caption\":\"Profesor de franc\u00e9s en Madrid\"},\"image\":{\"@id\":\"https:\\\/\\\/profesordefrancesenmadrid.com\\\/#\\\/schema\\\/logo\\\/image\\\/\"},\"sameAs\":[\"https:\\\/\\\/www.facebook.com\\\/profesordefrancesenmadrid\",\"https:\\\/\\\/x.com\\\/ldpedrocchi\",\"https:\\\/\\\/www.instagram.com\\\/ludovicpedrocchi\\\/\",\"https:\\\/\\\/www.linkedin.com\\\/company\\\/profesordefrancesenmadrid\\\/\",\"https:\\\/\\\/www.youtube.com\\\/channel\\\/UCDJoG_2eg4zNu5TEKKnWeOQ\"]},{\"@type\":\"Person\",\"@id\":\"https:\\\/\\\/profesordefrancesenmadrid.com\\\/#\\\/schema\\\/person\\\/0a1adb2c1b651c291c5cbaa79681b408\",\"name\":\"Ludovic Pedrocchi\",\"image\":{\"@type\":\"ImageObject\",\"inLanguage\":\"es\",\"@id\":\"https:\\\/\\\/secure.gravatar.com\\\/avatar\\\/a387eb8654fbe06abe0aaf65349da28f127b1ca3febe9d85747b79a97a1446c2?s=96&d=mm&r=g\",\"url\":\"https:\\\/\\\/secure.gravatar.com\\\/avatar\\\/a387eb8654fbe06abe0aaf65349da28f127b1ca3febe9d85747b79a97a1446c2?s=96&d=mm&r=g\",\"contentUrl\":\"https:\\\/\\\/secure.gravatar.com\\\/avatar\\\/a387eb8654fbe06abe0aaf65349da28f127b1ca3febe9d85747b79a97a1446c2?s=96&d=mm&r=g\",\"caption\":\"Ludovic Pedrocchi\"},\"sameAs\":[\"http:\\\/\\\/www.profesordefrancesenmadrid.com\"],\"url\":\"https:\\\/\\\/profesordefrancesenmadrid.com\\\/index.php\\\/author\\\/ludovicpedrocchi\\\/\"}]}<\/script>\n<!-- \/ Yoast SEO plugin. -->","yoast_head_json":{"title":"Festival \"Ellas Crean\" \u2013 \"Madame Curie\" de Marjane Satrapi - Ludovic Pedrocchi - profesordefrancesenmadrid.com","description":"L\u2019Institut fran\u00e7ais de Madrid et l\u2019Institut Polonais de la Culture rendent hommage \u00e0 la figure embl\u00e9matique de Marie Curie.","robots":{"index":"index","follow":"follow","max-snippet":"max-snippet:-1","max-image-preview":"max-image-preview:large","max-video-preview":"max-video-preview:-1"},"canonical":"https:\/\/profesordefrancesenmadrid.com\/index.php\/2024\/03\/10\/festival-ellas-crean-madame-curie-de-marjane-satrapi\/","og_locale":"es_ES","og_type":"article","og_title":"\"Marie Curie\" de Marjane Satrapi","og_description":"L\u2019Institut fran\u00e7ais de Madrid et l\u2019Institut Polonais de la Culture rendent hommage \u00e0 la figure embl\u00e9matique de Marie Curie.","og_url":"https:\/\/profesordefrancesenmadrid.com\/index.php\/2024\/03\/10\/festival-ellas-crean-madame-curie-de-marjane-satrapi\/","og_site_name":"Ludovic Pedrocchi","article_publisher":"https:\/\/www.facebook.com\/profesordefrancesenmadrid","article_published_time":"2024-03-10T17:05:11+00:00","article_modified_time":"2024-03-10T17:05:14+00:00","og_image":[{"width":1024,"height":576,"url":"https:\/\/profesordefrancesenmadrid.com\/wp-content\/uploads\/2024\/03\/Marie-Curie.jpg","type":"image\/jpeg"}],"author":"Ludovic Pedrocchi","twitter_card":"summary_large_image","twitter_creator":"@ldpedrocchi","twitter_site":"@ldpedrocchi","twitter_misc":{"Escrito por":"Ludovic Pedrocchi","Tiempo de lectura":"2 minutos"},"schema":{"@context":"https:\/\/schema.org","@graph":[{"@type":"Article","@id":"https:\/\/profesordefrancesenmadrid.com\/index.php\/2024\/03\/10\/festival-ellas-crean-madame-curie-de-marjane-satrapi\/#article","isPartOf":{"@id":"https:\/\/profesordefrancesenmadrid.com\/index.php\/2024\/03\/10\/festival-ellas-crean-madame-curie-de-marjane-satrapi\/"},"author":{"name":"Ludovic Pedrocchi","@id":"https:\/\/profesordefrancesenmadrid.com\/#\/schema\/person\/0a1adb2c1b651c291c5cbaa79681b408"},"headline":"Festival &#8220;Ellas Crean&#8221; \u2013 &#8220;Madame Curie&#8221; de Marjane Satrapi","datePublished":"2024-03-10T17:05:11+00:00","dateModified":"2024-03-10T17:05:14+00:00","mainEntityOfPage":{"@id":"https:\/\/profesordefrancesenmadrid.com\/index.php\/2024\/03\/10\/festival-ellas-crean-madame-curie-de-marjane-satrapi\/"},"wordCount":171,"commentCount":0,"publisher":{"@id":"https:\/\/profesordefrancesenmadrid.com\/#organization"},"image":{"@id":"https:\/\/profesordefrancesenmadrid.com\/index.php\/2024\/03\/10\/festival-ellas-crean-madame-curie-de-marjane-satrapi\/#primaryimage"},"thumbnailUrl":"https:\/\/i0.wp.com\/profesordefrancesenmadrid.com\/wp-content\/uploads\/2024\/03\/Marie-Curie.jpg?fit=1024%2C576&ssl=1","keywords":["Festival Ellas Crean","Institut fran\u00e7ais de Madrid","Madame Curie","Marie Curie","Marjane Satrapi"],"articleSection":["Cin\u00e9","Cultura Francesa"],"inLanguage":"es","potentialAction":[{"@type":"CommentAction","name":"Comment","target":["https:\/\/profesordefrancesenmadrid.com\/index.php\/2024\/03\/10\/festival-ellas-crean-madame-curie-de-marjane-satrapi\/#respond"]}]},{"@type":"WebPage","@id":"https:\/\/profesordefrancesenmadrid.com\/index.php\/2024\/03\/10\/festival-ellas-crean-madame-curie-de-marjane-satrapi\/","url":"https:\/\/profesordefrancesenmadrid.com\/index.php\/2024\/03\/10\/festival-ellas-crean-madame-curie-de-marjane-satrapi\/","name":"Festival \"Ellas Crean\" \u2013 \"Madame Curie\" de Marjane Satrapi - Ludovic Pedrocchi - profesordefrancesenmadrid.com","isPartOf":{"@id":"https:\/\/profesordefrancesenmadrid.com\/#website"},"primaryImageOfPage":{"@id":"https:\/\/profesordefrancesenmadrid.com\/index.php\/2024\/03\/10\/festival-ellas-crean-madame-curie-de-marjane-satrapi\/#primaryimage"},"image":{"@id":"https:\/\/profesordefrancesenmadrid.com\/index.php\/2024\/03\/10\/festival-ellas-crean-madame-curie-de-marjane-satrapi\/#primaryimage"},"thumbnailUrl":"https:\/\/i0.wp.com\/profesordefrancesenmadrid.com\/wp-content\/uploads\/2024\/03\/Marie-Curie.jpg?fit=1024%2C576&ssl=1","datePublished":"2024-03-10T17:05:11+00:00","dateModified":"2024-03-10T17:05:14+00:00","description":"L\u2019Institut fran\u00e7ais de Madrid et l\u2019Institut Polonais de la Culture rendent hommage \u00e0 la figure embl\u00e9matique de Marie Curie.","breadcrumb":{"@id":"https:\/\/profesordefrancesenmadrid.com\/index.php\/2024\/03\/10\/festival-ellas-crean-madame-curie-de-marjane-satrapi\/#breadcrumb"},"inLanguage":"es","potentialAction":[{"@type":"ReadAction","target":["https:\/\/profesordefrancesenmadrid.com\/index.php\/2024\/03\/10\/festival-ellas-crean-madame-curie-de-marjane-satrapi\/"]}]},{"@type":"ImageObject","inLanguage":"es","@id":"https:\/\/profesordefrancesenmadrid.com\/index.php\/2024\/03\/10\/festival-ellas-crean-madame-curie-de-marjane-satrapi\/#primaryimage","url":"https:\/\/i0.wp.com\/profesordefrancesenmadrid.com\/wp-content\/uploads\/2024\/03\/Marie-Curie.jpg?fit=1024%2C576&ssl=1","contentUrl":"https:\/\/i0.wp.com\/profesordefrancesenmadrid.com\/wp-content\/uploads\/2024\/03\/Marie-Curie.jpg?fit=1024%2C576&ssl=1","width":1024,"height":576,"caption":"L\u2019Institut fran\u00e7ais de Madrid se joint au festival \"Ellas Crean\" et \u00e0 l\u2019Institut Polonais de la Culture, pour rendre hommage \u00e0 la figure embl\u00e9matique de Marie Curie \u00e0 travers de projections de films de r\u00e9alisatrices fran\u00e7aises bas\u00e9es sur la vie de la scientifique."},{"@type":"BreadcrumbList","@id":"https:\/\/profesordefrancesenmadrid.com\/index.php\/2024\/03\/10\/festival-ellas-crean-madame-curie-de-marjane-satrapi\/#breadcrumb","itemListElement":[{"@type":"ListItem","position":1,"name":"Accueil","item":"https:\/\/profesordefrancesenmadrid.com\/"},{"@type":"ListItem","position":2,"name":"Festival &#8220;Ellas Crean&#8221; \u2013 &#8220;Madame Curie&#8221; de Marjane Satrapi"}]},{"@type":"WebSite","@id":"https:\/\/profesordefrancesenmadrid.com\/#website","url":"https:\/\/profesordefrancesenmadrid.com\/","name":"Ludovic Pedrocchi","description":"Profesor de franc\u00e9s en Madrid desde 2007","publisher":{"@id":"https:\/\/profesordefrancesenmadrid.com\/#organization"},"potentialAction":[{"@type":"SearchAction","target":{"@type":"EntryPoint","urlTemplate":"https:\/\/profesordefrancesenmadrid.com\/?s={search_term_string}"},"query-input":{"@type":"PropertyValueSpecification","valueRequired":true,"valueName":"search_term_string"}}],"inLanguage":"es"},{"@type":"Organization","@id":"https:\/\/profesordefrancesenmadrid.com\/#organization","name":"Profesor de franc\u00e9s en Madrid","url":"https:\/\/profesordefrancesenmadrid.com\/","logo":{"@type":"ImageObject","inLanguage":"es","@id":"https:\/\/profesordefrancesenmadrid.com\/#\/schema\/logo\/image\/","url":"https:\/\/i0.wp.com\/profesordefrancesenmadrid.com\/wp-content\/uploads\/2019\/11\/logo-retina4.png?fit=531%2C64&ssl=1","contentUrl":"https:\/\/i0.wp.com\/profesordefrancesenmadrid.com\/wp-content\/uploads\/2019\/11\/logo-retina4.png?fit=531%2C64&ssl=1","width":531,"height":64,"caption":"Profesor de franc\u00e9s en Madrid"},"image":{"@id":"https:\/\/profesordefrancesenmadrid.com\/#\/schema\/logo\/image\/"},"sameAs":["https:\/\/www.facebook.com\/profesordefrancesenmadrid","https:\/\/x.com\/ldpedrocchi","https:\/\/www.instagram.com\/ludovicpedrocchi\/","https:\/\/www.linkedin.com\/company\/profesordefrancesenmadrid\/","https:\/\/www.youtube.com\/channel\/UCDJoG_2eg4zNu5TEKKnWeOQ"]},{"@type":"Person","@id":"https:\/\/profesordefrancesenmadrid.com\/#\/schema\/person\/0a1adb2c1b651c291c5cbaa79681b408","name":"Ludovic Pedrocchi","image":{"@type":"ImageObject","inLanguage":"es","@id":"https:\/\/secure.gravatar.com\/avatar\/a387eb8654fbe06abe0aaf65349da28f127b1ca3febe9d85747b79a97a1446c2?s=96&d=mm&r=g","url":"https:\/\/secure.gravatar.com\/avatar\/a387eb8654fbe06abe0aaf65349da28f127b1ca3febe9d85747b79a97a1446c2?s=96&d=mm&r=g","contentUrl":"https:\/\/secure.gravatar.com\/avatar\/a387eb8654fbe06abe0aaf65349da28f127b1ca3febe9d85747b79a97a1446c2?s=96&d=mm&r=g","caption":"Ludovic Pedrocchi"},"sameAs":["http:\/\/www.profesordefrancesenmadrid.com"],"url":"https:\/\/profesordefrancesenmadrid.com\/index.php\/author\/ludovicpedrocchi\/"}]}},"jetpack_publicize_connections":[],"jetpack_featured_media_url":"https:\/\/i0.wp.com\/profesordefrancesenmadrid.com\/wp-content\/uploads\/2024\/03\/Marie-Curie.jpg?fit=1024%2C576&ssl=1","jetpack_sharing_enabled":true,"jetpack_likes_enabled":true,"jetpack-related-posts":[],"rttpg_featured_image_url":{"full":["https:\/\/i0.wp.com\/profesordefrancesenmadrid.com\/wp-content\/uploads\/2024\/03\/Marie-Curie.jpg?fit=1024%2C576&ssl=1",1024,576,false],"landscape":["https:\/\/profesordefrancesenmadrid.com\/wp-content\/uploads\/2024\/03\/Marie-Curie.jpg",1024,576,false],"portraits":["https:\/\/profesordefrancesenmadrid.com\/wp-content\/uploads\/2024\/03\/Marie-Curie.jpg",1024,576,false],"thumbnail":["https:\/\/i0.wp.com\/profesordefrancesenmadrid.com\/wp-content\/uploads\/2024\/03\/Marie-Curie.jpg?resize=150%2C150&ssl=1",150,150,true],"medium":["https:\/\/i0.wp.com\/profesordefrancesenmadrid.com\/wp-content\/uploads\/2024\/03\/Marie-Curie.jpg?fit=300%2C169&ssl=1",300,169,true],"large":["https:\/\/i0.wp.com\/profesordefrancesenmadrid.com\/wp-content\/uploads\/2024\/03\/Marie-Curie.jpg?fit=790%2C444&ssl=1",790,444,true],"1536x1536":["https:\/\/i0.wp.com\/profesordefrancesenmadrid.com\/wp-content\/uploads\/2024\/03\/Marie-Curie.jpg?fit=1024%2C576&ssl=1",1024,576,true],"2048x2048":["https:\/\/i0.wp.com\/profesordefrancesenmadrid.com\/wp-content\/uploads\/2024\/03\/Marie-Curie.jpg?fit=1024%2C576&ssl=1",1024,576,true],"screenr-blog-grid-small":["https:\/\/i0.wp.com\/profesordefrancesenmadrid.com\/wp-content\/uploads\/2024\/03\/Marie-Curie.jpg?resize=350%2C200&ssl=1",350,200,true],"screenr-blog-grid":["https:\/\/i0.wp.com\/profesordefrancesenmadrid.com\/wp-content\/uploads\/2024\/03\/Marie-Curie.jpg?resize=540%2C300&ssl=1",540,300,true],"screenr-blog-list":["https:\/\/i0.wp.com\/profesordefrancesenmadrid.com\/wp-content\/uploads\/2024\/03\/Marie-Curie.jpg?resize=790%2C400&ssl=1",790,400,true],"screenr-service-small":["https:\/\/i0.wp.com\/profesordefrancesenmadrid.com\/wp-content\/uploads\/2024\/03\/Marie-Curie.jpg?resize=538%2C280&ssl=1",538,280,true],"screenr-thumbnail-team":["https:\/\/i0.wp.com\/profesordefrancesenmadrid.com\/wp-content\/uploads\/2024\/03\/Marie-Curie.jpg?resize=340%2C220&ssl=1",340,220,true]},"rttpg_author":{"display_name":"Ludovic Pedrocchi","author_link":"https:\/\/profesordefrancesenmadrid.com\/index.php\/author\/ludovicpedrocchi\/"},"rttpg_comment":0,"rttpg_category":"<a href=\"https:\/\/profesordefrancesenmadrid.com\/index.php\/category\/cultura-francesa-en-madrid\/cine\/\" rel=\"category tag\">Cin\u00e9<\/a> <a href=\"https:\/\/profesordefrancesenmadrid.com\/index.php\/category\/cultura-francesa-en-madrid\/\" rel=\"category tag\">Cultura Francesa<\/a>","rttpg_excerpt":"L&rsquo;Institut fran&ccedil;ais de Madrid se joint au festival \"Ellas Crean\" et &agrave; l&rsquo;Institut Polonais de la Culture, pour rendre hommage &agrave; la figure embl&eacute;matique de Marie Curie &agrave; travers de projections de films de r&eacute;alisatrices fran&ccedil;aises bas&eacute;es sur la vie de la scientifique.","_links":{"self":[{"href":"https:\/\/profesordefrancesenmadrid.com\/index.php\/wp-json\/wp\/v2\/posts\/12028","targetHints":{"allow":["GET"]}}],"collection":[{"href":"https:\/\/profesordefrancesenmadrid.com\/index.php\/wp-json\/wp\/v2\/posts"}],"about":[{"href":"https:\/\/profesordefrancesenmadrid.com\/index.php\/wp-json\/wp\/v2\/types\/post"}],"author":[{"embeddable":true,"href":"https:\/\/profesordefrancesenmadrid.com\/index.php\/wp-json\/wp\/v2\/users\/3"}],"replies":[{"embeddable":true,"href":"https:\/\/profesordefrancesenmadrid.com\/index.php\/wp-json\/wp\/v2\/comments?post=12028"}],"version-history":[{"count":1,"href":"https:\/\/profesordefrancesenmadrid.com\/index.php\/wp-json\/wp\/v2\/posts\/12028\/revisions"}],"predecessor-version":[{"id":12031,"href":"https:\/\/profesordefrancesenmadrid.com\/index.php\/wp-json\/wp\/v2\/posts\/12028\/revisions\/12031"}],"wp:featuredmedia":[{"embeddable":true,"href":"https:\/\/profesordefrancesenmadrid.com\/index.php\/wp-json\/wp\/v2\/media\/12030"}],"wp:attachment":[{"href":"https:\/\/profesordefrancesenmadrid.com\/index.php\/wp-json\/wp\/v2\/media?parent=12028"}],"wp:term":[{"taxonomy":"category","embeddable":true,"href":"https:\/\/profesordefrancesenmadrid.com\/index.php\/wp-json\/wp\/v2\/categories?post=12028"},{"taxonomy":"post_tag","embeddable":true,"href":"https:\/\/profesordefrancesenmadrid.com\/index.php\/wp-json\/wp\/v2\/tags?post=12028"}],"curies":[{"name":"wp","href":"https:\/\/api.w.org\/{rel}","templated":true}]}}