{"id":11565,"date":"2023-10-28T15:47:46","date_gmt":"2023-10-28T13:47:46","guid":{"rendered":"https:\/\/profesordefrancesenmadrid.com\/?p=11565"},"modified":"2023-10-28T16:04:45","modified_gmt":"2023-10-28T14:04:45","slug":"poesie-loraison-du-soir-de-arthur-rimbaud-par-serge-gainsbourg","status":"publish","type":"post","link":"https:\/\/profesordefrancesenmadrid.com\/index.php\/2023\/10\/28\/poesie-loraison-du-soir-de-arthur-rimbaud-par-serge-gainsbourg\/","title":{"rendered":"Po\u00e9sie &#8211; &#8220;L&#8217;oraison du soir&#8221; de Arthur Rimbaud par Serge Gainsbourg"},"content":{"rendered":"<p><strong>Activit\u00e9 Fle (C1\/C2) : Retrouvez les mots manquants du po\u00e8me &#8220;L&#8217;oraison du soir&#8221; de Arthur Rimbaud par Serge Gainsbourg.<\/strong><\/p>\n<p>Quand deux po\u00eates se rencontrent&#8230;<\/p>\n<p><strong>Serge Gainsbourg<\/strong> parle de son admiration pour <strong>Arthur Rimbaud<\/strong> et lit &#8220;<strong>L&#8217;oraison du soir<\/strong>&#8220;, nous sommes en <strong>1979<\/strong> et \u00e7a clope s\u00e9v\u00e8re&#8230;<\/p>\n\n\n<hr class=\"wp-block-separator has-alpha-channel-opacity\"\/>\n\n\n\n<figure class=\"wp-block-embed aligncenter is-type-video is-provider-youtube wp-block-embed-youtube wp-embed-aspect-16-9 wp-has-aspect-ratio\"><div class=\"wp-block-embed__wrapper\">\n<span class=\"embed-youtube\" style=\"text-align:center; display: block;\"><iframe loading=\"lazy\" class=\"youtube-player\" width=\"790\" height=\"445\" src=\"https:\/\/www.youtube.com\/embed\/GPT0ANyWka8?version=3&#038;rel=1&#038;showsearch=0&#038;showinfo=1&#038;iv_load_policy=1&#038;fs=1&#038;hl=es-ES&#038;autohide=2&#038;wmode=transparent\" allowfullscreen=\"true\" style=\"border:0;\" sandbox=\"allow-scripts allow-same-origin allow-popups allow-presentation allow-popups-to-escape-sandbox\"><\/iframe><\/span>\n<\/div><\/figure>\n\n\n\n<hr class=\"wp-block-separator has-alpha-channel-opacity\"\/>\n\n\n<p>Attention le po\u00e8me commence \u00e0 <strong>0&#8217;21<\/strong>, et <strong>Gainsbourg<\/strong> ne lit pas la deuxi\u00e8me strophe.<\/p>\n\n\n<hr class=\"wp-block-separator has-alpha-channel-opacity\"\/>\n\n\n<div class=\"h5p-iframe-wrapper\"><iframe id=\"h5p-iframe-91\" class=\"h5p-iframe\" data-content-id=\"91\" style=\"height:1px\" src=\"about:blank\" frameBorder=\"0\" scrolling=\"no\" title=\"Po\u00e9sie - &quot;L&#039;oraison du soir&quot; de Arthur Rimbaud par Serge Gainsbourg\"><\/iframe><\/div>\n\n\n\n<hr class=\"wp-block-separator has-alpha-channel-opacity\"\/>\n\n\n<p><strong>Vocabulaire :<\/strong><\/p>\n<p><strong>Ange<\/strong><br \/>Dans un sens religieux, cr\u00e9ature spirituelle, sous les traits d&#8217;un enfant, entre les hommes et Dieu, au sens figur\u00e9 personne dot\u00e9e de toutes les qualit\u00e9s. Un ange aux mains d&#8217;un barbier se dit d&#8217;un enfant sage qui ne dit rien, ne bouge pas chez le coiffeur. \u00c0 cette \u00e9poque Rimbaud se laisse pousser les cheveux.<\/p>\n<p><strong>Cannelures<\/strong><br \/>Rainure, sillon longitudinal ornant certains objets, les chopes de bi\u00e8re ici.<\/p>\n<p><strong>Cambr\u00e9<\/strong><br \/>Courb\u00e9 l\u00e9g\u00e8rement<\/p>\n<p><strong>Barbier<\/strong><br \/>Personne dont la profession est de tailler ou de raser la barbe. Le rasoir est un outil tr\u00e8s coupant, il ne fallait pas bouger.<\/p>\n<p><strong>Hypogastre<\/strong><br \/>(du grec, hupo en dessous et gastro, estomac). \u00c9tymologiquement c&#8217;est la partie de l&#8217;abdomen sous l&#8217;estomac correspondant au nombril.<br \/>C&#8217;est le bas du ventre<\/p>\n<p><strong>Gambier<\/strong><br \/>Une Gambier est une pipe de qualit\u00e9 m\u00e9diocre, bon march\u00e9.<\/p>\n<p><strong>Colombier<\/strong><br \/>Synonyme de pigeonnier, petite construction destin\u00e9e \u00e0 abriter les pigeons et \u00e0 recueillir les fientes comme engrais.<\/p>\n<p><strong>Aubier<\/strong><br \/>Partie tendre et blanch\u00e2tre sous l&#8217;\u00e9corce des arbres. Ce sont les couches r\u00e9cemment form\u00e9es.<\/p>\n<p><strong>Coulures<\/strong><br \/>Train\u00e9e laiss\u00e9e par ce qui a coul\u00e9<\/p>\n<p><strong>Chopes<\/strong><br \/>Verre \u00e0 bi\u00e8re \u00e0 paroi \u00e9paisse muni d&#8217;une anse.<\/p>\n<p><strong>\u00c2cre besoin<\/strong><br \/>Urine.<\/p>\n<p><strong>Hysope<\/strong><br \/>Plante des r\u00e9gions arides dont les fleurs et les feuilles sont utilis\u00e9es en infusion pour leurs vertus stimulantes, l&#8217;hysope sert \u00e0 la fabrication du Pastis et de la Chartreuse. Son nom vient du grec &#8220;azob&#8221;, qui veut dire &#8220;herbe sainte&#8221;, elle est souvent cit\u00e9e dans la Bible.<\/p>\n<p><strong>C\u00e8dre<\/strong><br \/>Grand conif\u00e8re, \u00e0 bois assez dur et odorant. Utilis\u00e9 dans les parfum d&#8217;ambiance.<\/p>\n<p><strong>H\u00e9liotropes<\/strong><br \/>\u00c9tymologiquement qui suit le soleil, les h\u00e9liotropes apparaissent souvent chez Rimbaud, ce sont des idiots qui suivent la m\u00eame direction, un meneur, qui disent oui \u00e0 tout.<\/p>\n\n\n<hr class=\"wp-block-separator has-alpha-channel-opacity\"\/>\n\n\n<div class=\"wp-block-image\">\n<figure class=\"aligncenter size-full\"><img data-recalc-dims=\"1\" loading=\"lazy\" decoding=\"async\" width=\"258\" height=\"195\" src=\"https:\/\/i0.wp.com\/profesordefrancesenmadrid.com\/wp-content\/uploads\/2023\/10\/Rimbaud.jpg?resize=258%2C195&#038;ssl=1\" alt=\"Activit\u00e9 Fle (C1\/C2) : Retrouvez les mots manquants du po\u00e8me &quot;L'oraison du soir&quot; de Arthur Rimbaud par Serge Gainsbourg.\" class=\"wp-image-11568\"\/><\/figure>\n<\/div>\n\n<p>\u00a0<\/p>\n<p><strong>Arthur Rimbaud<\/strong> est un po\u00e8te fran\u00e7ais, n\u00e9 le <strong>20 octobre 1854<\/strong> \u00e0 <strong>Charleville<\/strong> et mort le <strong>10 novembre 1891<\/strong> \u00e0 <strong>Marseille<\/strong>. Bien que br\u00e8ve, son \u0153uvre po\u00e9tique est caract\u00e9ris\u00e9e par une prodigieuse densit\u00e9 th\u00e9matique et stylistique, faisant de lui une des figures majeures de la litt\u00e9rature fran\u00e7aise.<\/p>\n\n\n<hr class=\"wp-block-separator has-alpha-channel-opacity\"\/>\n\n\n<div class=\"wp-block-image\">\n<figure class=\"aligncenter size-full is-resized\"><img data-recalc-dims=\"1\" loading=\"lazy\" decoding=\"async\" width=\"768\" height=\"492\" src=\"https:\/\/i0.wp.com\/profesordefrancesenmadrid.com\/wp-content\/uploads\/2023\/10\/Gainsbourg.jpg?resize=768%2C492&#038;ssl=1\" alt=\"Activit\u00e9 Fle (C1\/C2) : Retrouvez les mots manquants du po\u00e8me &quot;L'oraison du soir&quot; de Arthur Rimbaud par Serge Gainsbourg.\" class=\"wp-image-11569\" style=\"aspect-ratio:1.5609756097560976;width:357px;height:auto\" srcset=\"https:\/\/i0.wp.com\/profesordefrancesenmadrid.com\/wp-content\/uploads\/2023\/10\/Gainsbourg.jpg?w=768&amp;ssl=1 768w, https:\/\/i0.wp.com\/profesordefrancesenmadrid.com\/wp-content\/uploads\/2023\/10\/Gainsbourg.jpg?resize=300%2C192&amp;ssl=1 300w\" sizes=\"auto, (max-width: 768px) 100vw, 768px\" \/><\/figure>\n<\/div>\n\n<p>\u00a0<\/p>\n<p><strong>Lucien Ginsburg<\/strong>, dit <strong>Serge Gainsbourg<\/strong>, n\u00e9 le <strong>2 avril 1928<\/strong> \u00e0 Paris et mort le <strong>2 mars 1991<\/strong> dans la m\u00eame ville, est un auteur-compositeur-interpr\u00e8te fran\u00e7ais, \u00e9galement artiste peintre, sc\u00e9nariste, metteur en sc\u00e8ne, \u00e9crivain, acteur et cin\u00e9aste.<\/p>\n\n\n<hr class=\"wp-block-separator has-alpha-channel-opacity\"\/>\n\n\n<h3 style=\"text-align: center;\"><a href=\"https:\/\/profesordefrancesenmadrid.com\/index.php\/chansons-a-trous\/\" target=\"_blank\" rel=\"noopener\"><strong>+ de Poesie<\/strong><\/a><\/h3>\n\n\n<hr class=\"wp-block-separator has-alpha-channel-opacity\"\/>\n\n\n<h3 style=\"text-align: center;\"><a href=\"https:\/\/profesordefrancesenmadrid.com\/index.php\/cultura-francesa-en-madrid\/\" target=\"_blank\" rel=\"noopener\"><strong>+ de Cultura francesa<\/strong><\/a><\/h3>\n\n\n<hr class=\"wp-block-separator has-alpha-channel-opacity\"\/>\n","protected":false},"excerpt":{"rendered":"<p>Activit\u00e9 Fle (C1\/C2) : Retrouvez les mots manquants du po\u00e8me &#8220;L&#8217;oraison du soir&#8221; de Arthur Rimbaud par Serge Gainsbourg.<\/p>\n","protected":false},"author":3,"featured_media":11570,"comment_status":"open","ping_status":"open","sticky":false,"template":"","format":"standard","meta":{"_jetpack_memberships_contains_paid_content":false,"footnotes":"","jetpack_publicize_message":"","jetpack_publicize_feature_enabled":true,"jetpack_social_post_already_shared":true,"jetpack_social_options":{"image_generator_settings":{"template":"highway","default_image_id":0,"font":"","enabled":false},"version":2}},"categories":[73,23,68,65],"tags":[153,154],"class_list":["post-11565","post","type-post","status-publish","format-standard","has-post-thumbnail","hentry","category-aprender","category-cultura-francesa-en-madrid","category-litterature","category-vocabulaire","tag-rimbaud","tag-serge-gainsbourg"],"yoast_head":"<!-- This site is optimized with the Yoast SEO plugin v27.5 - https:\/\/yoast.com\/product\/yoast-seo-wordpress\/ -->\n<title>Po\u00e9sie - &quot;L&#039;oraison du soir&quot; de Arthur Rimbaud par Serge Gainsbourg - Ludovic Pedrocchi - profesordefrancesenmadrid.com<\/title>\n<meta name=\"description\" content=\"Activit\u00e9 Fle (C1\/C2) : Retrouvez les mots manquants du po\u00e8me &quot;L&#039;oraison du soir&quot; de Arthur Rimbaud par Serge Gainsbourg.\" \/>\n<meta name=\"robots\" content=\"index, follow, max-snippet:-1, max-image-preview:large, max-video-preview:-1\" \/>\n<link rel=\"canonical\" href=\"https:\/\/profesordefrancesenmadrid.com\/index.php\/2023\/10\/28\/poesie-loraison-du-soir-de-arthur-rimbaud-par-serge-gainsbourg\/\" \/>\n<meta property=\"og:locale\" content=\"es_ES\" \/>\n<meta property=\"og:type\" content=\"article\" \/>\n<meta property=\"og:title\" content=\"Gainsbourg lit Rimbaud\" \/>\n<meta property=\"og:description\" content=\"Activit\u00e9 Fle (C1\/C2) : Retrouvez les mots manquants du po\u00e8me &quot;L&#039;oraison du soir&quot; de Arthur Rimbaud par Serge Gainsbourg.\" \/>\n<meta property=\"og:url\" content=\"https:\/\/profesordefrancesenmadrid.com\/index.php\/2023\/10\/28\/poesie-loraison-du-soir-de-arthur-rimbaud-par-serge-gainsbourg\/\" \/>\n<meta property=\"og:site_name\" content=\"Ludovic Pedrocchi\" \/>\n<meta property=\"article:publisher\" content=\"https:\/\/www.facebook.com\/profesordefrancesenmadrid\" \/>\n<meta property=\"article:published_time\" content=\"2023-10-28T13:47:46+00:00\" \/>\n<meta property=\"article:modified_time\" content=\"2023-10-28T14:04:45+00:00\" \/>\n<meta property=\"og:image\" content=\"https:\/\/profesordefrancesenmadrid.com\/wp-content\/uploads\/2023\/10\/gainsbourg-rimbaud.jpg\" \/>\n\t<meta property=\"og:image:width\" content=\"1080\" \/>\n\t<meta property=\"og:image:height\" content=\"576\" \/>\n\t<meta property=\"og:image:type\" content=\"image\/jpeg\" \/>\n<meta name=\"author\" content=\"Ludovic Pedrocchi\" \/>\n<meta name=\"twitter:card\" content=\"summary_large_image\" \/>\n<meta name=\"twitter:creator\" content=\"@ldpedrocchi\" \/>\n<meta name=\"twitter:site\" content=\"@ldpedrocchi\" \/>\n<meta name=\"twitter:label1\" content=\"Escrito por\" \/>\n\t<meta name=\"twitter:data1\" content=\"Ludovic Pedrocchi\" \/>\n\t<meta name=\"twitter:label2\" content=\"Tiempo de lectura\" \/>\n\t<meta name=\"twitter:data2\" content=\"3 minutos\" \/>\n<script type=\"application\/ld+json\" class=\"yoast-schema-graph\">{\"@context\":\"https:\\\/\\\/schema.org\",\"@graph\":[{\"@type\":\"Article\",\"@id\":\"https:\\\/\\\/profesordefrancesenmadrid.com\\\/index.php\\\/2023\\\/10\\\/28\\\/poesie-loraison-du-soir-de-arthur-rimbaud-par-serge-gainsbourg\\\/#article\",\"isPartOf\":{\"@id\":\"https:\\\/\\\/profesordefrancesenmadrid.com\\\/index.php\\\/2023\\\/10\\\/28\\\/poesie-loraison-du-soir-de-arthur-rimbaud-par-serge-gainsbourg\\\/\"},\"author\":{\"name\":\"Ludovic Pedrocchi\",\"@id\":\"https:\\\/\\\/profesordefrancesenmadrid.com\\\/#\\\/schema\\\/person\\\/0a1adb2c1b651c291c5cbaa79681b408\"},\"headline\":\"Po\u00e9sie &#8211; &#8220;L&#8217;oraison du soir&#8221; de Arthur Rimbaud par Serge Gainsbourg\",\"datePublished\":\"2023-10-28T13:47:46+00:00\",\"dateModified\":\"2023-10-28T14:04:45+00:00\",\"mainEntityOfPage\":{\"@id\":\"https:\\\/\\\/profesordefrancesenmadrid.com\\\/index.php\\\/2023\\\/10\\\/28\\\/poesie-loraison-du-soir-de-arthur-rimbaud-par-serge-gainsbourg\\\/\"},\"wordCount\":473,\"commentCount\":0,\"publisher\":{\"@id\":\"https:\\\/\\\/profesordefrancesenmadrid.com\\\/#organization\"},\"image\":{\"@id\":\"https:\\\/\\\/profesordefrancesenmadrid.com\\\/index.php\\\/2023\\\/10\\\/28\\\/poesie-loraison-du-soir-de-arthur-rimbaud-par-serge-gainsbourg\\\/#primaryimage\"},\"thumbnailUrl\":\"https:\\\/\\\/i0.wp.com\\\/profesordefrancesenmadrid.com\\\/wp-content\\\/uploads\\\/2023\\\/10\\\/gainsbourg-rimbaud.jpg?fit=1080%2C576&ssl=1\",\"keywords\":[\"Rimbaud\",\"Serge Gainsbourg\"],\"articleSection\":[\"Aprender\",\"Cultura Francesa\",\"Litt\u00e9rature\",\"Vocabulaire\"],\"inLanguage\":\"es\",\"potentialAction\":[{\"@type\":\"CommentAction\",\"name\":\"Comment\",\"target\":[\"https:\\\/\\\/profesordefrancesenmadrid.com\\\/index.php\\\/2023\\\/10\\\/28\\\/poesie-loraison-du-soir-de-arthur-rimbaud-par-serge-gainsbourg\\\/#respond\"]}]},{\"@type\":\"WebPage\",\"@id\":\"https:\\\/\\\/profesordefrancesenmadrid.com\\\/index.php\\\/2023\\\/10\\\/28\\\/poesie-loraison-du-soir-de-arthur-rimbaud-par-serge-gainsbourg\\\/\",\"url\":\"https:\\\/\\\/profesordefrancesenmadrid.com\\\/index.php\\\/2023\\\/10\\\/28\\\/poesie-loraison-du-soir-de-arthur-rimbaud-par-serge-gainsbourg\\\/\",\"name\":\"Po\u00e9sie - \\\"L'oraison du soir\\\" de Arthur Rimbaud par Serge Gainsbourg - Ludovic Pedrocchi - profesordefrancesenmadrid.com\",\"isPartOf\":{\"@id\":\"https:\\\/\\\/profesordefrancesenmadrid.com\\\/#website\"},\"primaryImageOfPage\":{\"@id\":\"https:\\\/\\\/profesordefrancesenmadrid.com\\\/index.php\\\/2023\\\/10\\\/28\\\/poesie-loraison-du-soir-de-arthur-rimbaud-par-serge-gainsbourg\\\/#primaryimage\"},\"image\":{\"@id\":\"https:\\\/\\\/profesordefrancesenmadrid.com\\\/index.php\\\/2023\\\/10\\\/28\\\/poesie-loraison-du-soir-de-arthur-rimbaud-par-serge-gainsbourg\\\/#primaryimage\"},\"thumbnailUrl\":\"https:\\\/\\\/i0.wp.com\\\/profesordefrancesenmadrid.com\\\/wp-content\\\/uploads\\\/2023\\\/10\\\/gainsbourg-rimbaud.jpg?fit=1080%2C576&ssl=1\",\"datePublished\":\"2023-10-28T13:47:46+00:00\",\"dateModified\":\"2023-10-28T14:04:45+00:00\",\"description\":\"Activit\u00e9 Fle (C1\\\/C2) : Retrouvez les mots manquants du po\u00e8me \\\"L'oraison du soir\\\" de Arthur Rimbaud par Serge Gainsbourg.\",\"breadcrumb\":{\"@id\":\"https:\\\/\\\/profesordefrancesenmadrid.com\\\/index.php\\\/2023\\\/10\\\/28\\\/poesie-loraison-du-soir-de-arthur-rimbaud-par-serge-gainsbourg\\\/#breadcrumb\"},\"inLanguage\":\"es\",\"potentialAction\":[{\"@type\":\"ReadAction\",\"target\":[\"https:\\\/\\\/profesordefrancesenmadrid.com\\\/index.php\\\/2023\\\/10\\\/28\\\/poesie-loraison-du-soir-de-arthur-rimbaud-par-serge-gainsbourg\\\/\"]}]},{\"@type\":\"ImageObject\",\"inLanguage\":\"es\",\"@id\":\"https:\\\/\\\/profesordefrancesenmadrid.com\\\/index.php\\\/2023\\\/10\\\/28\\\/poesie-loraison-du-soir-de-arthur-rimbaud-par-serge-gainsbourg\\\/#primaryimage\",\"url\":\"https:\\\/\\\/i0.wp.com\\\/profesordefrancesenmadrid.com\\\/wp-content\\\/uploads\\\/2023\\\/10\\\/gainsbourg-rimbaud.jpg?fit=1080%2C576&ssl=1\",\"contentUrl\":\"https:\\\/\\\/i0.wp.com\\\/profesordefrancesenmadrid.com\\\/wp-content\\\/uploads\\\/2023\\\/10\\\/gainsbourg-rimbaud.jpg?fit=1080%2C576&ssl=1\",\"width\":1080,\"height\":576,\"caption\":\"Activit\u00e9 Fle (C1\\\/C2) : Retrouvez les mots manquants du po\u00e8me \\\"L'oraison du soir\\\" de Arthur Rimbaud par Serge Gainsbourg.\"},{\"@type\":\"BreadcrumbList\",\"@id\":\"https:\\\/\\\/profesordefrancesenmadrid.com\\\/index.php\\\/2023\\\/10\\\/28\\\/poesie-loraison-du-soir-de-arthur-rimbaud-par-serge-gainsbourg\\\/#breadcrumb\",\"itemListElement\":[{\"@type\":\"ListItem\",\"position\":1,\"name\":\"Accueil\",\"item\":\"https:\\\/\\\/profesordefrancesenmadrid.com\\\/\"},{\"@type\":\"ListItem\",\"position\":2,\"name\":\"Po\u00e9sie &#8211; &#8220;L&#8217;oraison du soir&#8221; de Arthur Rimbaud par Serge Gainsbourg\"}]},{\"@type\":\"WebSite\",\"@id\":\"https:\\\/\\\/profesordefrancesenmadrid.com\\\/#website\",\"url\":\"https:\\\/\\\/profesordefrancesenmadrid.com\\\/\",\"name\":\"Ludovic Pedrocchi\",\"description\":\"Profesor de franc\u00e9s en Madrid desde 2007\",\"publisher\":{\"@id\":\"https:\\\/\\\/profesordefrancesenmadrid.com\\\/#organization\"},\"potentialAction\":[{\"@type\":\"SearchAction\",\"target\":{\"@type\":\"EntryPoint\",\"urlTemplate\":\"https:\\\/\\\/profesordefrancesenmadrid.com\\\/?s={search_term_string}\"},\"query-input\":{\"@type\":\"PropertyValueSpecification\",\"valueRequired\":true,\"valueName\":\"search_term_string\"}}],\"inLanguage\":\"es\"},{\"@type\":\"Organization\",\"@id\":\"https:\\\/\\\/profesordefrancesenmadrid.com\\\/#organization\",\"name\":\"Profesor de franc\u00e9s en Madrid\",\"url\":\"https:\\\/\\\/profesordefrancesenmadrid.com\\\/\",\"logo\":{\"@type\":\"ImageObject\",\"inLanguage\":\"es\",\"@id\":\"https:\\\/\\\/profesordefrancesenmadrid.com\\\/#\\\/schema\\\/logo\\\/image\\\/\",\"url\":\"https:\\\/\\\/i0.wp.com\\\/profesordefrancesenmadrid.com\\\/wp-content\\\/uploads\\\/2019\\\/11\\\/logo-retina4.png?fit=531%2C64&ssl=1\",\"contentUrl\":\"https:\\\/\\\/i0.wp.com\\\/profesordefrancesenmadrid.com\\\/wp-content\\\/uploads\\\/2019\\\/11\\\/logo-retina4.png?fit=531%2C64&ssl=1\",\"width\":531,\"height\":64,\"caption\":\"Profesor de franc\u00e9s en Madrid\"},\"image\":{\"@id\":\"https:\\\/\\\/profesordefrancesenmadrid.com\\\/#\\\/schema\\\/logo\\\/image\\\/\"},\"sameAs\":[\"https:\\\/\\\/www.facebook.com\\\/profesordefrancesenmadrid\",\"https:\\\/\\\/x.com\\\/ldpedrocchi\",\"https:\\\/\\\/www.instagram.com\\\/ludovicpedrocchi\\\/\",\"https:\\\/\\\/www.linkedin.com\\\/company\\\/profesordefrancesenmadrid\\\/\",\"https:\\\/\\\/www.youtube.com\\\/channel\\\/UCDJoG_2eg4zNu5TEKKnWeOQ\"]},{\"@type\":\"Person\",\"@id\":\"https:\\\/\\\/profesordefrancesenmadrid.com\\\/#\\\/schema\\\/person\\\/0a1adb2c1b651c291c5cbaa79681b408\",\"name\":\"Ludovic Pedrocchi\",\"image\":{\"@type\":\"ImageObject\",\"inLanguage\":\"es\",\"@id\":\"https:\\\/\\\/secure.gravatar.com\\\/avatar\\\/a387eb8654fbe06abe0aaf65349da28f127b1ca3febe9d85747b79a97a1446c2?s=96&d=mm&r=g\",\"url\":\"https:\\\/\\\/secure.gravatar.com\\\/avatar\\\/a387eb8654fbe06abe0aaf65349da28f127b1ca3febe9d85747b79a97a1446c2?s=96&d=mm&r=g\",\"contentUrl\":\"https:\\\/\\\/secure.gravatar.com\\\/avatar\\\/a387eb8654fbe06abe0aaf65349da28f127b1ca3febe9d85747b79a97a1446c2?s=96&d=mm&r=g\",\"caption\":\"Ludovic Pedrocchi\"},\"sameAs\":[\"http:\\\/\\\/www.profesordefrancesenmadrid.com\"],\"url\":\"https:\\\/\\\/profesordefrancesenmadrid.com\\\/index.php\\\/author\\\/ludovicpedrocchi\\\/\"}]}<\/script>\n<!-- \/ Yoast SEO plugin. -->","yoast_head_json":{"title":"Po\u00e9sie - \"L'oraison du soir\" de Arthur Rimbaud par Serge Gainsbourg - Ludovic Pedrocchi - profesordefrancesenmadrid.com","description":"Activit\u00e9 Fle (C1\/C2) : Retrouvez les mots manquants du po\u00e8me \"L'oraison du soir\" de Arthur Rimbaud par Serge Gainsbourg.","robots":{"index":"index","follow":"follow","max-snippet":"max-snippet:-1","max-image-preview":"max-image-preview:large","max-video-preview":"max-video-preview:-1"},"canonical":"https:\/\/profesordefrancesenmadrid.com\/index.php\/2023\/10\/28\/poesie-loraison-du-soir-de-arthur-rimbaud-par-serge-gainsbourg\/","og_locale":"es_ES","og_type":"article","og_title":"Gainsbourg lit Rimbaud","og_description":"Activit\u00e9 Fle (C1\/C2) : Retrouvez les mots manquants du po\u00e8me \"L'oraison du soir\" de Arthur Rimbaud par Serge Gainsbourg.","og_url":"https:\/\/profesordefrancesenmadrid.com\/index.php\/2023\/10\/28\/poesie-loraison-du-soir-de-arthur-rimbaud-par-serge-gainsbourg\/","og_site_name":"Ludovic Pedrocchi","article_publisher":"https:\/\/www.facebook.com\/profesordefrancesenmadrid","article_published_time":"2023-10-28T13:47:46+00:00","article_modified_time":"2023-10-28T14:04:45+00:00","og_image":[{"width":1080,"height":576,"url":"https:\/\/profesordefrancesenmadrid.com\/wp-content\/uploads\/2023\/10\/gainsbourg-rimbaud.jpg","type":"image\/jpeg"}],"author":"Ludovic Pedrocchi","twitter_card":"summary_large_image","twitter_creator":"@ldpedrocchi","twitter_site":"@ldpedrocchi","twitter_misc":{"Escrito por":"Ludovic Pedrocchi","Tiempo de lectura":"3 minutos"},"schema":{"@context":"https:\/\/schema.org","@graph":[{"@type":"Article","@id":"https:\/\/profesordefrancesenmadrid.com\/index.php\/2023\/10\/28\/poesie-loraison-du-soir-de-arthur-rimbaud-par-serge-gainsbourg\/#article","isPartOf":{"@id":"https:\/\/profesordefrancesenmadrid.com\/index.php\/2023\/10\/28\/poesie-loraison-du-soir-de-arthur-rimbaud-par-serge-gainsbourg\/"},"author":{"name":"Ludovic Pedrocchi","@id":"https:\/\/profesordefrancesenmadrid.com\/#\/schema\/person\/0a1adb2c1b651c291c5cbaa79681b408"},"headline":"Po\u00e9sie &#8211; &#8220;L&#8217;oraison du soir&#8221; de Arthur Rimbaud par Serge Gainsbourg","datePublished":"2023-10-28T13:47:46+00:00","dateModified":"2023-10-28T14:04:45+00:00","mainEntityOfPage":{"@id":"https:\/\/profesordefrancesenmadrid.com\/index.php\/2023\/10\/28\/poesie-loraison-du-soir-de-arthur-rimbaud-par-serge-gainsbourg\/"},"wordCount":473,"commentCount":0,"publisher":{"@id":"https:\/\/profesordefrancesenmadrid.com\/#organization"},"image":{"@id":"https:\/\/profesordefrancesenmadrid.com\/index.php\/2023\/10\/28\/poesie-loraison-du-soir-de-arthur-rimbaud-par-serge-gainsbourg\/#primaryimage"},"thumbnailUrl":"https:\/\/i0.wp.com\/profesordefrancesenmadrid.com\/wp-content\/uploads\/2023\/10\/gainsbourg-rimbaud.jpg?fit=1080%2C576&ssl=1","keywords":["Rimbaud","Serge Gainsbourg"],"articleSection":["Aprender","Cultura Francesa","Litt\u00e9rature","Vocabulaire"],"inLanguage":"es","potentialAction":[{"@type":"CommentAction","name":"Comment","target":["https:\/\/profesordefrancesenmadrid.com\/index.php\/2023\/10\/28\/poesie-loraison-du-soir-de-arthur-rimbaud-par-serge-gainsbourg\/#respond"]}]},{"@type":"WebPage","@id":"https:\/\/profesordefrancesenmadrid.com\/index.php\/2023\/10\/28\/poesie-loraison-du-soir-de-arthur-rimbaud-par-serge-gainsbourg\/","url":"https:\/\/profesordefrancesenmadrid.com\/index.php\/2023\/10\/28\/poesie-loraison-du-soir-de-arthur-rimbaud-par-serge-gainsbourg\/","name":"Po\u00e9sie - \"L'oraison du soir\" de Arthur Rimbaud par Serge Gainsbourg - Ludovic Pedrocchi - profesordefrancesenmadrid.com","isPartOf":{"@id":"https:\/\/profesordefrancesenmadrid.com\/#website"},"primaryImageOfPage":{"@id":"https:\/\/profesordefrancesenmadrid.com\/index.php\/2023\/10\/28\/poesie-loraison-du-soir-de-arthur-rimbaud-par-serge-gainsbourg\/#primaryimage"},"image":{"@id":"https:\/\/profesordefrancesenmadrid.com\/index.php\/2023\/10\/28\/poesie-loraison-du-soir-de-arthur-rimbaud-par-serge-gainsbourg\/#primaryimage"},"thumbnailUrl":"https:\/\/i0.wp.com\/profesordefrancesenmadrid.com\/wp-content\/uploads\/2023\/10\/gainsbourg-rimbaud.jpg?fit=1080%2C576&ssl=1","datePublished":"2023-10-28T13:47:46+00:00","dateModified":"2023-10-28T14:04:45+00:00","description":"Activit\u00e9 Fle (C1\/C2) : Retrouvez les mots manquants du po\u00e8me \"L'oraison du soir\" de Arthur Rimbaud par Serge Gainsbourg.","breadcrumb":{"@id":"https:\/\/profesordefrancesenmadrid.com\/index.php\/2023\/10\/28\/poesie-loraison-du-soir-de-arthur-rimbaud-par-serge-gainsbourg\/#breadcrumb"},"inLanguage":"es","potentialAction":[{"@type":"ReadAction","target":["https:\/\/profesordefrancesenmadrid.com\/index.php\/2023\/10\/28\/poesie-loraison-du-soir-de-arthur-rimbaud-par-serge-gainsbourg\/"]}]},{"@type":"ImageObject","inLanguage":"es","@id":"https:\/\/profesordefrancesenmadrid.com\/index.php\/2023\/10\/28\/poesie-loraison-du-soir-de-arthur-rimbaud-par-serge-gainsbourg\/#primaryimage","url":"https:\/\/i0.wp.com\/profesordefrancesenmadrid.com\/wp-content\/uploads\/2023\/10\/gainsbourg-rimbaud.jpg?fit=1080%2C576&ssl=1","contentUrl":"https:\/\/i0.wp.com\/profesordefrancesenmadrid.com\/wp-content\/uploads\/2023\/10\/gainsbourg-rimbaud.jpg?fit=1080%2C576&ssl=1","width":1080,"height":576,"caption":"Activit\u00e9 Fle (C1\/C2) : Retrouvez les mots manquants du po\u00e8me \"L'oraison du soir\" de Arthur Rimbaud par Serge Gainsbourg."},{"@type":"BreadcrumbList","@id":"https:\/\/profesordefrancesenmadrid.com\/index.php\/2023\/10\/28\/poesie-loraison-du-soir-de-arthur-rimbaud-par-serge-gainsbourg\/#breadcrumb","itemListElement":[{"@type":"ListItem","position":1,"name":"Accueil","item":"https:\/\/profesordefrancesenmadrid.com\/"},{"@type":"ListItem","position":2,"name":"Po\u00e9sie &#8211; &#8220;L&#8217;oraison du soir&#8221; de Arthur Rimbaud par Serge Gainsbourg"}]},{"@type":"WebSite","@id":"https:\/\/profesordefrancesenmadrid.com\/#website","url":"https:\/\/profesordefrancesenmadrid.com\/","name":"Ludovic Pedrocchi","description":"Profesor de franc\u00e9s en Madrid desde 2007","publisher":{"@id":"https:\/\/profesordefrancesenmadrid.com\/#organization"},"potentialAction":[{"@type":"SearchAction","target":{"@type":"EntryPoint","urlTemplate":"https:\/\/profesordefrancesenmadrid.com\/?s={search_term_string}"},"query-input":{"@type":"PropertyValueSpecification","valueRequired":true,"valueName":"search_term_string"}}],"inLanguage":"es"},{"@type":"Organization","@id":"https:\/\/profesordefrancesenmadrid.com\/#organization","name":"Profesor de franc\u00e9s en Madrid","url":"https:\/\/profesordefrancesenmadrid.com\/","logo":{"@type":"ImageObject","inLanguage":"es","@id":"https:\/\/profesordefrancesenmadrid.com\/#\/schema\/logo\/image\/","url":"https:\/\/i0.wp.com\/profesordefrancesenmadrid.com\/wp-content\/uploads\/2019\/11\/logo-retina4.png?fit=531%2C64&ssl=1","contentUrl":"https:\/\/i0.wp.com\/profesordefrancesenmadrid.com\/wp-content\/uploads\/2019\/11\/logo-retina4.png?fit=531%2C64&ssl=1","width":531,"height":64,"caption":"Profesor de franc\u00e9s en Madrid"},"image":{"@id":"https:\/\/profesordefrancesenmadrid.com\/#\/schema\/logo\/image\/"},"sameAs":["https:\/\/www.facebook.com\/profesordefrancesenmadrid","https:\/\/x.com\/ldpedrocchi","https:\/\/www.instagram.com\/ludovicpedrocchi\/","https:\/\/www.linkedin.com\/company\/profesordefrancesenmadrid\/","https:\/\/www.youtube.com\/channel\/UCDJoG_2eg4zNu5TEKKnWeOQ"]},{"@type":"Person","@id":"https:\/\/profesordefrancesenmadrid.com\/#\/schema\/person\/0a1adb2c1b651c291c5cbaa79681b408","name":"Ludovic Pedrocchi","image":{"@type":"ImageObject","inLanguage":"es","@id":"https:\/\/secure.gravatar.com\/avatar\/a387eb8654fbe06abe0aaf65349da28f127b1ca3febe9d85747b79a97a1446c2?s=96&d=mm&r=g","url":"https:\/\/secure.gravatar.com\/avatar\/a387eb8654fbe06abe0aaf65349da28f127b1ca3febe9d85747b79a97a1446c2?s=96&d=mm&r=g","contentUrl":"https:\/\/secure.gravatar.com\/avatar\/a387eb8654fbe06abe0aaf65349da28f127b1ca3febe9d85747b79a97a1446c2?s=96&d=mm&r=g","caption":"Ludovic Pedrocchi"},"sameAs":["http:\/\/www.profesordefrancesenmadrid.com"],"url":"https:\/\/profesordefrancesenmadrid.com\/index.php\/author\/ludovicpedrocchi\/"}]}},"jetpack_publicize_connections":[],"jetpack_featured_media_url":"https:\/\/i0.wp.com\/profesordefrancesenmadrid.com\/wp-content\/uploads\/2023\/10\/gainsbourg-rimbaud.jpg?fit=1080%2C576&ssl=1","jetpack_sharing_enabled":true,"jetpack_likes_enabled":true,"jetpack-related-posts":[],"rttpg_featured_image_url":{"full":["https:\/\/i0.wp.com\/profesordefrancesenmadrid.com\/wp-content\/uploads\/2023\/10\/gainsbourg-rimbaud.jpg?fit=1080%2C576&ssl=1",1080,576,false],"landscape":["https:\/\/profesordefrancesenmadrid.com\/wp-content\/uploads\/2023\/10\/gainsbourg-rimbaud.jpg",1080,576,false],"portraits":["https:\/\/profesordefrancesenmadrid.com\/wp-content\/uploads\/2023\/10\/gainsbourg-rimbaud.jpg",1080,576,false],"thumbnail":["https:\/\/i0.wp.com\/profesordefrancesenmadrid.com\/wp-content\/uploads\/2023\/10\/gainsbourg-rimbaud.jpg?resize=150%2C150&ssl=1",150,150,true],"medium":["https:\/\/i0.wp.com\/profesordefrancesenmadrid.com\/wp-content\/uploads\/2023\/10\/gainsbourg-rimbaud.jpg?fit=300%2C160&ssl=1",300,160,true],"large":["https:\/\/i0.wp.com\/profesordefrancesenmadrid.com\/wp-content\/uploads\/2023\/10\/gainsbourg-rimbaud.jpg?fit=790%2C421&ssl=1",790,421,true],"1536x1536":["https:\/\/i0.wp.com\/profesordefrancesenmadrid.com\/wp-content\/uploads\/2023\/10\/gainsbourg-rimbaud.jpg?fit=1080%2C576&ssl=1",1080,576,true],"2048x2048":["https:\/\/i0.wp.com\/profesordefrancesenmadrid.com\/wp-content\/uploads\/2023\/10\/gainsbourg-rimbaud.jpg?fit=1080%2C576&ssl=1",1080,576,true],"screenr-blog-grid-small":["https:\/\/i0.wp.com\/profesordefrancesenmadrid.com\/wp-content\/uploads\/2023\/10\/gainsbourg-rimbaud.jpg?resize=350%2C200&ssl=1",350,200,true],"screenr-blog-grid":["https:\/\/i0.wp.com\/profesordefrancesenmadrid.com\/wp-content\/uploads\/2023\/10\/gainsbourg-rimbaud.jpg?resize=540%2C300&ssl=1",540,300,true],"screenr-blog-list":["https:\/\/i0.wp.com\/profesordefrancesenmadrid.com\/wp-content\/uploads\/2023\/10\/gainsbourg-rimbaud.jpg?resize=790%2C400&ssl=1",790,400,true],"screenr-service-small":["https:\/\/i0.wp.com\/profesordefrancesenmadrid.com\/wp-content\/uploads\/2023\/10\/gainsbourg-rimbaud.jpg?resize=538%2C280&ssl=1",538,280,true],"screenr-thumbnail-team":["https:\/\/i0.wp.com\/profesordefrancesenmadrid.com\/wp-content\/uploads\/2023\/10\/gainsbourg-rimbaud.jpg?resize=340%2C220&ssl=1",340,220,true]},"rttpg_author":{"display_name":"Ludovic Pedrocchi","author_link":"https:\/\/profesordefrancesenmadrid.com\/index.php\/author\/ludovicpedrocchi\/"},"rttpg_comment":0,"rttpg_category":"<a href=\"https:\/\/profesordefrancesenmadrid.com\/index.php\/category\/aprender\/\" rel=\"category tag\">Aprender<\/a> <a href=\"https:\/\/profesordefrancesenmadrid.com\/index.php\/category\/cultura-francesa-en-madrid\/\" rel=\"category tag\">Cultura Francesa<\/a> <a href=\"https:\/\/profesordefrancesenmadrid.com\/index.php\/category\/cultura-francesa-en-madrid\/litterature\/\" rel=\"category tag\">Litt\u00e9rature<\/a> <a href=\"https:\/\/profesordefrancesenmadrid.com\/index.php\/category\/vocabulaire\/\" rel=\"category tag\">Vocabulaire<\/a>","rttpg_excerpt":"Activit&eacute; Fle (C1\/C2) : Retrouvez les mots manquants du po&egrave;me \"L'oraison du soir\" de Arthur Rimbaud par Serge Gainsbourg.","_links":{"self":[{"href":"https:\/\/profesordefrancesenmadrid.com\/index.php\/wp-json\/wp\/v2\/posts\/11565","targetHints":{"allow":["GET"]}}],"collection":[{"href":"https:\/\/profesordefrancesenmadrid.com\/index.php\/wp-json\/wp\/v2\/posts"}],"about":[{"href":"https:\/\/profesordefrancesenmadrid.com\/index.php\/wp-json\/wp\/v2\/types\/post"}],"author":[{"embeddable":true,"href":"https:\/\/profesordefrancesenmadrid.com\/index.php\/wp-json\/wp\/v2\/users\/3"}],"replies":[{"embeddable":true,"href":"https:\/\/profesordefrancesenmadrid.com\/index.php\/wp-json\/wp\/v2\/comments?post=11565"}],"version-history":[{"count":3,"href":"https:\/\/profesordefrancesenmadrid.com\/index.php\/wp-json\/wp\/v2\/posts\/11565\/revisions"}],"predecessor-version":[{"id":11572,"href":"https:\/\/profesordefrancesenmadrid.com\/index.php\/wp-json\/wp\/v2\/posts\/11565\/revisions\/11572"}],"wp:featuredmedia":[{"embeddable":true,"href":"https:\/\/profesordefrancesenmadrid.com\/index.php\/wp-json\/wp\/v2\/media\/11570"}],"wp:attachment":[{"href":"https:\/\/profesordefrancesenmadrid.com\/index.php\/wp-json\/wp\/v2\/media?parent=11565"}],"wp:term":[{"taxonomy":"category","embeddable":true,"href":"https:\/\/profesordefrancesenmadrid.com\/index.php\/wp-json\/wp\/v2\/categories?post=11565"},{"taxonomy":"post_tag","embeddable":true,"href":"https:\/\/profesordefrancesenmadrid.com\/index.php\/wp-json\/wp\/v2\/tags?post=11565"}],"curies":[{"name":"wp","href":"https:\/\/api.w.org\/{rel}","templated":true}]}}