{"id":10095,"date":"2023-02-02T01:00:00","date_gmt":"2023-02-02T00:00:00","guid":{"rendered":"https:\/\/profesordefrancesenmadrid.com\/?p=10095"},"modified":"2023-01-31T19:45:10","modified_gmt":"2023-01-31T18:45:10","slug":"activite-fle-sur-la-chandeleur-et-la-tradition-des-crepes-recette-en-video-et-quiz-b1-b2","status":"publish","type":"post","link":"https:\/\/profesordefrancesenmadrid.com\/index.php\/2023\/02\/02\/activite-fle-sur-la-chandeleur-et-la-tradition-des-crepes-recette-en-video-et-quiz-b1-b2\/","title":{"rendered":"Activit\u00e9 FLE sur la Chandeleur et la tradition des cr\u00eapes &#8211; Recette en vid\u00e9o et quiz (B1-B2)"},"content":{"rendered":"<div class=\"wp-block-image\">\n<figure class=\"aligncenter size-full is-resized\"><img data-recalc-dims=\"1\" loading=\"lazy\" decoding=\"async\" src=\"https:\/\/i0.wp.com\/profesordefrancesenmadrid.com\/wp-content\/uploads\/2023\/01\/Chandeleur-1.jpg?resize=450%2C319&#038;ssl=1\" alt=\"Chandeleur\" class=\"wp-image-10096\" width=\"450\" height=\"319\" srcset=\"https:\/\/i0.wp.com\/profesordefrancesenmadrid.com\/wp-content\/uploads\/2023\/01\/Chandeleur-1.jpg?w=600&amp;ssl=1 600w, https:\/\/i0.wp.com\/profesordefrancesenmadrid.com\/wp-content\/uploads\/2023\/01\/Chandeleur-1.jpg?resize=300%2C213&amp;ssl=1 300w\" sizes=\"auto, (max-width: 450px) 100vw, 450px\" \/><\/figure>\n<\/div>\n\n<p>\u00a0<\/p>\n<p><strong>La Chandeleur<\/strong>, appel\u00e9e aussi <strong>F\u00eate des chandelles<\/strong>, a une origine pa\u00efenne li\u00e9e \u00e0 la lumi\u00e8re : la festa candelarum (&#8220;candelorum&#8221; signifiant chandelles). Cette f\u00eate a \u00e9volu\u00e9 dans le temps.<br \/>Ainsi, les romains f\u00eataient les <strong>Lupercales<\/strong> vers le 15 f\u00e9vrier. Ces f\u00eates c\u00e9l\u00e9braient la lumi\u00e8re et le retour du soleil, les jours s&#8217;allongeant.<\/p>\n<p>Au 5\u00e8me si\u00e8cle, le pape <strong>G\u00e9lase 1er<\/strong> a supprim\u00e9 les <strong>Lupercales<\/strong>, souhaitant mettre fin \u00e0 ces rites pa\u00efens. A la place, il a instaur\u00e9 une f\u00eate chr\u00e9tienne, la f\u00eate de la <strong>Chandeleur<\/strong>.<\/p>\n<p>Durant cette f\u00eate, des cierges \u00e9taient allum\u00e9s \u00e0 minuit en signe de purification. <br \/>Les torches dans les \u00e9glises ont \u00e9t\u00e9 remplac\u00e9es par des bougies b\u00e9nites qui repr\u00e9sentaient la lumi\u00e8re du <strong>Christ<\/strong>. Les bougies b\u00e9nies pouvaient \u00eatre rapport\u00e9es dans les foyers.<\/p>\n<p><strong>La Chandeleur<\/strong> correspond \u00e9galement \u00e0 la f\u00eate religieuse chr\u00e9tienne de la purification de la <strong>Vierge Marie<\/strong> et de la pr\u00e9sentation de <strong>J\u00e9sus<\/strong> au <strong>Temple<\/strong>.<br \/>A l&#8217;occasion de cette f\u00eate, il \u00e9tait alors de tradition de consommer la farine qui n\u2019avait pas \u00e9t\u00e9 consomm\u00e9e pendant l\u2019hiver et de confectionner des cr\u00eapes, leur forme ronde rappelant celle du soleil.<\/p>\n\n\n<hr class=\"wp-block-separator has-css-opacity\"\/>\n\n\n\n<figure class=\"wp-block-embed is-type-video is-provider-youtube wp-block-embed-youtube wp-embed-aspect-16-9 wp-has-aspect-ratio\"><div class=\"wp-block-embed__wrapper\">\n<span class=\"embed-youtube\" style=\"text-align:center; display: block;\"><iframe loading=\"lazy\" class=\"youtube-player\" width=\"790\" height=\"445\" src=\"https:\/\/www.youtube.com\/embed\/2Kup8cy_DjE?version=3&#038;rel=1&#038;showsearch=0&#038;showinfo=1&#038;iv_load_policy=1&#038;fs=1&#038;hl=es-ES&#038;autohide=2&#038;wmode=transparent\" allowfullscreen=\"true\" style=\"border:0;\" sandbox=\"allow-scripts allow-same-origin allow-popups allow-presentation allow-popups-to-escape-sandbox\"><\/iframe><\/span>\n<\/div><\/figure>\n\n\n\n<hr class=\"wp-block-separator has-css-opacity\"\/>\n\n\n<h3 style=\"text-align: center;\"><strong>Le quiz sur la Chandeleur<\/strong><\/h3>\n\n<div class=\"h5p-iframe-wrapper\"><iframe id=\"h5p-iframe-27\" class=\"h5p-iframe\" data-content-id=\"27\" style=\"height:1px\" src=\"about:blank\" frameBorder=\"0\" scrolling=\"no\" title=\"La chandeleur\"><\/iframe><\/div>\n\n\n\n<hr class=\"wp-block-separator has-css-opacity\"\/>\n\n\n<h3 style=\"text-align: center;\"><a href=\"https:\/\/profesordefrancesenmadrid.com\/index.php\/gastronomie\/\" target=\"_blank\" rel=\"noopener\"><strong>+ de Gastronomie<\/strong><\/a><\/h3>\n\n\n<hr class=\"wp-block-separator has-css-opacity\"\/>\n\n\n<h3 style=\"text-align: center;\"><a href=\"https:\/\/profesordefrancesenmadrid.com\/index.php\/cultura-francesa-en-madrid\/\" target=\"_blank\" rel=\"noopener\"><strong>+ de Cultura francesa<\/strong><\/a><\/h3>","protected":false},"excerpt":{"rendered":"<p>&nbsp; La Chandeleur, appel&eacute;e aussi F&ecirc;te des chandelles, a une origine pa&iuml;enne li&eacute;e &agrave; la lumi&egrave;re : la festa candelarum (&ldquo;candelorum&rdquo; signifiant chandelles). Cette f&ecirc;te a &eacute;volu&eacute; dans le temps.Ainsi, les romains f&ecirc;taient les Lupercales vers le 15 f&eacute;vrier. Ces f&ecirc;tes c&eacute;l&eacute;braient la lumi&egrave;re et le retour du soleil, les&#8230;<\/p>\n","protected":false},"author":3,"featured_media":10097,"comment_status":"open","ping_status":"open","sticky":false,"template":"","format":"standard","meta":{"_jetpack_memberships_contains_paid_content":false,"footnotes":"","jetpack_publicize_message":"","jetpack_publicize_feature_enabled":true,"jetpack_social_post_already_shared":true,"jetpack_social_options":{"image_generator_settings":{"template":"highway","default_image_id":0,"font":"","enabled":false},"version":2}},"categories":[73,23,45,65],"tags":[],"class_list":["post-10095","post","type-post","status-publish","format-standard","has-post-thumbnail","hentry","category-aprender","category-cultura-francesa-en-madrid","category-gastronomie","category-vocabulaire"],"yoast_head":"<!-- This site is optimized with the Yoast SEO plugin v27.5 - https:\/\/yoast.com\/product\/yoast-seo-wordpress\/ -->\n<title>Activit\u00e9 FLE sur la Chandeleur et la tradition des cr\u00eapes - Recette en vid\u00e9o et quiz (B1-B2) - Ludovic Pedrocchi - profesordefrancesenmadrid.com<\/title>\n<meta name=\"description\" content=\"La recette des cr\u00eapes en vid\u00e9o \u00e0 l&#039;occasion de ce 2 f\u00e9vrier 2023, jour de la Chandeleur ! Avec un quiz FLE de niveau B1-B2.\" \/>\n<meta name=\"robots\" content=\"index, follow, max-snippet:-1, max-image-preview:large, max-video-preview:-1\" \/>\n<link rel=\"canonical\" href=\"https:\/\/profesordefrancesenmadrid.com\/index.php\/2023\/02\/02\/activite-fle-sur-la-chandeleur-et-la-tradition-des-crepes-recette-en-video-et-quiz-b1-b2\/\" \/>\n<meta property=\"og:locale\" content=\"es_ES\" \/>\n<meta property=\"og:type\" content=\"article\" \/>\n<meta property=\"og:title\" content=\"Activit\u00e9 FLE sur la Chandeleur et la tradition des cr\u00eapes - Recette en vid\u00e9o et quiz (B1-B2) - Ludovic Pedrocchi - profesordefrancesenmadrid.com\" \/>\n<meta property=\"og:description\" content=\"La recette des cr\u00eapes en vid\u00e9o \u00e0 l&#039;occasion de ce 2 f\u00e9vrier 2023, jour de la Chandeleur ! Avec un quiz FLE de niveau B1-B2.\" \/>\n<meta property=\"og:url\" content=\"https:\/\/profesordefrancesenmadrid.com\/index.php\/2023\/02\/02\/activite-fle-sur-la-chandeleur-et-la-tradition-des-crepes-recette-en-video-et-quiz-b1-b2\/\" \/>\n<meta property=\"og:site_name\" content=\"Ludovic Pedrocchi\" \/>\n<meta property=\"article:publisher\" content=\"https:\/\/www.facebook.com\/profesordefrancesenmadrid\" \/>\n<meta property=\"article:published_time\" content=\"2023-02-02T00:00:00+00:00\" \/>\n<meta property=\"og:image\" content=\"https:\/\/i0.wp.com\/profesordefrancesenmadrid.com\/wp-content\/uploads\/2023\/01\/Chandeleur.jpg?fit=1024%2C576&ssl=1\" \/>\n\t<meta property=\"og:image:width\" content=\"1024\" \/>\n\t<meta property=\"og:image:height\" content=\"576\" \/>\n\t<meta property=\"og:image:type\" content=\"image\/jpeg\" \/>\n<meta name=\"author\" content=\"Ludovic Pedrocchi\" \/>\n<meta name=\"twitter:card\" content=\"summary_large_image\" \/>\n<meta name=\"twitter:creator\" content=\"@ldpedrocchi\" \/>\n<meta name=\"twitter:site\" content=\"@ldpedrocchi\" \/>\n<meta name=\"twitter:label1\" content=\"Escrito por\" \/>\n\t<meta name=\"twitter:data1\" content=\"Ludovic Pedrocchi\" \/>\n\t<meta name=\"twitter:label2\" content=\"Tiempo de lectura\" \/>\n\t<meta name=\"twitter:data2\" content=\"2 minutos\" \/>\n<script type=\"application\/ld+json\" class=\"yoast-schema-graph\">{\"@context\":\"https:\\\/\\\/schema.org\",\"@graph\":[{\"@type\":\"Article\",\"@id\":\"https:\\\/\\\/profesordefrancesenmadrid.com\\\/index.php\\\/2023\\\/02\\\/02\\\/activite-fle-sur-la-chandeleur-et-la-tradition-des-crepes-recette-en-video-et-quiz-b1-b2\\\/#article\",\"isPartOf\":{\"@id\":\"https:\\\/\\\/profesordefrancesenmadrid.com\\\/index.php\\\/2023\\\/02\\\/02\\\/activite-fle-sur-la-chandeleur-et-la-tradition-des-crepes-recette-en-video-et-quiz-b1-b2\\\/\"},\"author\":{\"name\":\"Ludovic Pedrocchi\",\"@id\":\"https:\\\/\\\/profesordefrancesenmadrid.com\\\/#\\\/schema\\\/person\\\/0a1adb2c1b651c291c5cbaa79681b408\"},\"headline\":\"Activit\u00e9 FLE sur la Chandeleur et la tradition des cr\u00eapes &#8211; Recette en vid\u00e9o et quiz (B1-B2)\",\"datePublished\":\"2023-02-02T00:00:00+00:00\",\"mainEntityOfPage\":{\"@id\":\"https:\\\/\\\/profesordefrancesenmadrid.com\\\/index.php\\\/2023\\\/02\\\/02\\\/activite-fle-sur-la-chandeleur-et-la-tradition-des-crepes-recette-en-video-et-quiz-b1-b2\\\/\"},\"wordCount\":252,\"commentCount\":0,\"publisher\":{\"@id\":\"https:\\\/\\\/profesordefrancesenmadrid.com\\\/#organization\"},\"image\":{\"@id\":\"https:\\\/\\\/profesordefrancesenmadrid.com\\\/index.php\\\/2023\\\/02\\\/02\\\/activite-fle-sur-la-chandeleur-et-la-tradition-des-crepes-recette-en-video-et-quiz-b1-b2\\\/#primaryimage\"},\"thumbnailUrl\":\"https:\\\/\\\/i0.wp.com\\\/profesordefrancesenmadrid.com\\\/wp-content\\\/uploads\\\/2023\\\/01\\\/Chandeleur.jpg?fit=1024%2C576&ssl=1\",\"articleSection\":[\"Aprender\",\"Cultura Francesa\",\"Gastronomie\",\"Vocabulaire\"],\"inLanguage\":\"es\",\"potentialAction\":[{\"@type\":\"CommentAction\",\"name\":\"Comment\",\"target\":[\"https:\\\/\\\/profesordefrancesenmadrid.com\\\/index.php\\\/2023\\\/02\\\/02\\\/activite-fle-sur-la-chandeleur-et-la-tradition-des-crepes-recette-en-video-et-quiz-b1-b2\\\/#respond\"]}]},{\"@type\":\"WebPage\",\"@id\":\"https:\\\/\\\/profesordefrancesenmadrid.com\\\/index.php\\\/2023\\\/02\\\/02\\\/activite-fle-sur-la-chandeleur-et-la-tradition-des-crepes-recette-en-video-et-quiz-b1-b2\\\/\",\"url\":\"https:\\\/\\\/profesordefrancesenmadrid.com\\\/index.php\\\/2023\\\/02\\\/02\\\/activite-fle-sur-la-chandeleur-et-la-tradition-des-crepes-recette-en-video-et-quiz-b1-b2\\\/\",\"name\":\"Activit\u00e9 FLE sur la Chandeleur et la tradition des cr\u00eapes - Recette en vid\u00e9o et quiz (B1-B2) - Ludovic Pedrocchi - profesordefrancesenmadrid.com\",\"isPartOf\":{\"@id\":\"https:\\\/\\\/profesordefrancesenmadrid.com\\\/#website\"},\"primaryImageOfPage\":{\"@id\":\"https:\\\/\\\/profesordefrancesenmadrid.com\\\/index.php\\\/2023\\\/02\\\/02\\\/activite-fle-sur-la-chandeleur-et-la-tradition-des-crepes-recette-en-video-et-quiz-b1-b2\\\/#primaryimage\"},\"image\":{\"@id\":\"https:\\\/\\\/profesordefrancesenmadrid.com\\\/index.php\\\/2023\\\/02\\\/02\\\/activite-fle-sur-la-chandeleur-et-la-tradition-des-crepes-recette-en-video-et-quiz-b1-b2\\\/#primaryimage\"},\"thumbnailUrl\":\"https:\\\/\\\/i0.wp.com\\\/profesordefrancesenmadrid.com\\\/wp-content\\\/uploads\\\/2023\\\/01\\\/Chandeleur.jpg?fit=1024%2C576&ssl=1\",\"datePublished\":\"2023-02-02T00:00:00+00:00\",\"description\":\"La recette des cr\u00eapes en vid\u00e9o \u00e0 l'occasion de ce 2 f\u00e9vrier 2023, jour de la Chandeleur ! Avec un quiz FLE de niveau B1-B2.\",\"breadcrumb\":{\"@id\":\"https:\\\/\\\/profesordefrancesenmadrid.com\\\/index.php\\\/2023\\\/02\\\/02\\\/activite-fle-sur-la-chandeleur-et-la-tradition-des-crepes-recette-en-video-et-quiz-b1-b2\\\/#breadcrumb\"},\"inLanguage\":\"es\",\"potentialAction\":[{\"@type\":\"ReadAction\",\"target\":[\"https:\\\/\\\/profesordefrancesenmadrid.com\\\/index.php\\\/2023\\\/02\\\/02\\\/activite-fle-sur-la-chandeleur-et-la-tradition-des-crepes-recette-en-video-et-quiz-b1-b2\\\/\"]}]},{\"@type\":\"ImageObject\",\"inLanguage\":\"es\",\"@id\":\"https:\\\/\\\/profesordefrancesenmadrid.com\\\/index.php\\\/2023\\\/02\\\/02\\\/activite-fle-sur-la-chandeleur-et-la-tradition-des-crepes-recette-en-video-et-quiz-b1-b2\\\/#primaryimage\",\"url\":\"https:\\\/\\\/i0.wp.com\\\/profesordefrancesenmadrid.com\\\/wp-content\\\/uploads\\\/2023\\\/01\\\/Chandeleur.jpg?fit=1024%2C576&ssl=1\",\"contentUrl\":\"https:\\\/\\\/i0.wp.com\\\/profesordefrancesenmadrid.com\\\/wp-content\\\/uploads\\\/2023\\\/01\\\/Chandeleur.jpg?fit=1024%2C576&ssl=1\",\"width\":1024,\"height\":576},{\"@type\":\"BreadcrumbList\",\"@id\":\"https:\\\/\\\/profesordefrancesenmadrid.com\\\/index.php\\\/2023\\\/02\\\/02\\\/activite-fle-sur-la-chandeleur-et-la-tradition-des-crepes-recette-en-video-et-quiz-b1-b2\\\/#breadcrumb\",\"itemListElement\":[{\"@type\":\"ListItem\",\"position\":1,\"name\":\"Accueil\",\"item\":\"https:\\\/\\\/profesordefrancesenmadrid.com\\\/\"},{\"@type\":\"ListItem\",\"position\":2,\"name\":\"Activit\u00e9 FLE sur la Chandeleur et la tradition des cr\u00eapes &#8211; Recette en vid\u00e9o et quiz (B1-B2)\"}]},{\"@type\":\"WebSite\",\"@id\":\"https:\\\/\\\/profesordefrancesenmadrid.com\\\/#website\",\"url\":\"https:\\\/\\\/profesordefrancesenmadrid.com\\\/\",\"name\":\"Ludovic Pedrocchi\",\"description\":\"Profesor de franc\u00e9s en Madrid desde 2007\",\"publisher\":{\"@id\":\"https:\\\/\\\/profesordefrancesenmadrid.com\\\/#organization\"},\"potentialAction\":[{\"@type\":\"SearchAction\",\"target\":{\"@type\":\"EntryPoint\",\"urlTemplate\":\"https:\\\/\\\/profesordefrancesenmadrid.com\\\/?s={search_term_string}\"},\"query-input\":{\"@type\":\"PropertyValueSpecification\",\"valueRequired\":true,\"valueName\":\"search_term_string\"}}],\"inLanguage\":\"es\"},{\"@type\":\"Organization\",\"@id\":\"https:\\\/\\\/profesordefrancesenmadrid.com\\\/#organization\",\"name\":\"Profesor de franc\u00e9s en Madrid\",\"url\":\"https:\\\/\\\/profesordefrancesenmadrid.com\\\/\",\"logo\":{\"@type\":\"ImageObject\",\"inLanguage\":\"es\",\"@id\":\"https:\\\/\\\/profesordefrancesenmadrid.com\\\/#\\\/schema\\\/logo\\\/image\\\/\",\"url\":\"https:\\\/\\\/i0.wp.com\\\/profesordefrancesenmadrid.com\\\/wp-content\\\/uploads\\\/2019\\\/11\\\/logo-retina4.png?fit=531%2C64&ssl=1\",\"contentUrl\":\"https:\\\/\\\/i0.wp.com\\\/profesordefrancesenmadrid.com\\\/wp-content\\\/uploads\\\/2019\\\/11\\\/logo-retina4.png?fit=531%2C64&ssl=1\",\"width\":531,\"height\":64,\"caption\":\"Profesor de franc\u00e9s en Madrid\"},\"image\":{\"@id\":\"https:\\\/\\\/profesordefrancesenmadrid.com\\\/#\\\/schema\\\/logo\\\/image\\\/\"},\"sameAs\":[\"https:\\\/\\\/www.facebook.com\\\/profesordefrancesenmadrid\",\"https:\\\/\\\/x.com\\\/ldpedrocchi\",\"https:\\\/\\\/www.instagram.com\\\/ludovicpedrocchi\\\/\",\"https:\\\/\\\/www.linkedin.com\\\/company\\\/profesordefrancesenmadrid\\\/\",\"https:\\\/\\\/www.youtube.com\\\/channel\\\/UCDJoG_2eg4zNu5TEKKnWeOQ\"]},{\"@type\":\"Person\",\"@id\":\"https:\\\/\\\/profesordefrancesenmadrid.com\\\/#\\\/schema\\\/person\\\/0a1adb2c1b651c291c5cbaa79681b408\",\"name\":\"Ludovic Pedrocchi\",\"image\":{\"@type\":\"ImageObject\",\"inLanguage\":\"es\",\"@id\":\"https:\\\/\\\/secure.gravatar.com\\\/avatar\\\/a387eb8654fbe06abe0aaf65349da28f127b1ca3febe9d85747b79a97a1446c2?s=96&d=mm&r=g\",\"url\":\"https:\\\/\\\/secure.gravatar.com\\\/avatar\\\/a387eb8654fbe06abe0aaf65349da28f127b1ca3febe9d85747b79a97a1446c2?s=96&d=mm&r=g\",\"contentUrl\":\"https:\\\/\\\/secure.gravatar.com\\\/avatar\\\/a387eb8654fbe06abe0aaf65349da28f127b1ca3febe9d85747b79a97a1446c2?s=96&d=mm&r=g\",\"caption\":\"Ludovic Pedrocchi\"},\"sameAs\":[\"http:\\\/\\\/www.profesordefrancesenmadrid.com\"],\"url\":\"https:\\\/\\\/profesordefrancesenmadrid.com\\\/index.php\\\/author\\\/ludovicpedrocchi\\\/\"}]}<\/script>\n<!-- \/ Yoast SEO plugin. -->","yoast_head_json":{"title":"Activit\u00e9 FLE sur la Chandeleur et la tradition des cr\u00eapes - Recette en vid\u00e9o et quiz (B1-B2) - Ludovic Pedrocchi - profesordefrancesenmadrid.com","description":"La recette des cr\u00eapes en vid\u00e9o \u00e0 l'occasion de ce 2 f\u00e9vrier 2023, jour de la Chandeleur ! Avec un quiz FLE de niveau B1-B2.","robots":{"index":"index","follow":"follow","max-snippet":"max-snippet:-1","max-image-preview":"max-image-preview:large","max-video-preview":"max-video-preview:-1"},"canonical":"https:\/\/profesordefrancesenmadrid.com\/index.php\/2023\/02\/02\/activite-fle-sur-la-chandeleur-et-la-tradition-des-crepes-recette-en-video-et-quiz-b1-b2\/","og_locale":"es_ES","og_type":"article","og_title":"Activit\u00e9 FLE sur la Chandeleur et la tradition des cr\u00eapes - Recette en vid\u00e9o et quiz (B1-B2) - Ludovic Pedrocchi - profesordefrancesenmadrid.com","og_description":"La recette des cr\u00eapes en vid\u00e9o \u00e0 l'occasion de ce 2 f\u00e9vrier 2023, jour de la Chandeleur ! Avec un quiz FLE de niveau B1-B2.","og_url":"https:\/\/profesordefrancesenmadrid.com\/index.php\/2023\/02\/02\/activite-fle-sur-la-chandeleur-et-la-tradition-des-crepes-recette-en-video-et-quiz-b1-b2\/","og_site_name":"Ludovic Pedrocchi","article_publisher":"https:\/\/www.facebook.com\/profesordefrancesenmadrid","article_published_time":"2023-02-02T00:00:00+00:00","og_image":[{"width":1024,"height":576,"url":"https:\/\/i0.wp.com\/profesordefrancesenmadrid.com\/wp-content\/uploads\/2023\/01\/Chandeleur.jpg?fit=1024%2C576&ssl=1","type":"image\/jpeg"}],"author":"Ludovic Pedrocchi","twitter_card":"summary_large_image","twitter_creator":"@ldpedrocchi","twitter_site":"@ldpedrocchi","twitter_misc":{"Escrito por":"Ludovic Pedrocchi","Tiempo de lectura":"2 minutos"},"schema":{"@context":"https:\/\/schema.org","@graph":[{"@type":"Article","@id":"https:\/\/profesordefrancesenmadrid.com\/index.php\/2023\/02\/02\/activite-fle-sur-la-chandeleur-et-la-tradition-des-crepes-recette-en-video-et-quiz-b1-b2\/#article","isPartOf":{"@id":"https:\/\/profesordefrancesenmadrid.com\/index.php\/2023\/02\/02\/activite-fle-sur-la-chandeleur-et-la-tradition-des-crepes-recette-en-video-et-quiz-b1-b2\/"},"author":{"name":"Ludovic Pedrocchi","@id":"https:\/\/profesordefrancesenmadrid.com\/#\/schema\/person\/0a1adb2c1b651c291c5cbaa79681b408"},"headline":"Activit\u00e9 FLE sur la Chandeleur et la tradition des cr\u00eapes &#8211; Recette en vid\u00e9o et quiz (B1-B2)","datePublished":"2023-02-02T00:00:00+00:00","mainEntityOfPage":{"@id":"https:\/\/profesordefrancesenmadrid.com\/index.php\/2023\/02\/02\/activite-fle-sur-la-chandeleur-et-la-tradition-des-crepes-recette-en-video-et-quiz-b1-b2\/"},"wordCount":252,"commentCount":0,"publisher":{"@id":"https:\/\/profesordefrancesenmadrid.com\/#organization"},"image":{"@id":"https:\/\/profesordefrancesenmadrid.com\/index.php\/2023\/02\/02\/activite-fle-sur-la-chandeleur-et-la-tradition-des-crepes-recette-en-video-et-quiz-b1-b2\/#primaryimage"},"thumbnailUrl":"https:\/\/i0.wp.com\/profesordefrancesenmadrid.com\/wp-content\/uploads\/2023\/01\/Chandeleur.jpg?fit=1024%2C576&ssl=1","articleSection":["Aprender","Cultura Francesa","Gastronomie","Vocabulaire"],"inLanguage":"es","potentialAction":[{"@type":"CommentAction","name":"Comment","target":["https:\/\/profesordefrancesenmadrid.com\/index.php\/2023\/02\/02\/activite-fle-sur-la-chandeleur-et-la-tradition-des-crepes-recette-en-video-et-quiz-b1-b2\/#respond"]}]},{"@type":"WebPage","@id":"https:\/\/profesordefrancesenmadrid.com\/index.php\/2023\/02\/02\/activite-fle-sur-la-chandeleur-et-la-tradition-des-crepes-recette-en-video-et-quiz-b1-b2\/","url":"https:\/\/profesordefrancesenmadrid.com\/index.php\/2023\/02\/02\/activite-fle-sur-la-chandeleur-et-la-tradition-des-crepes-recette-en-video-et-quiz-b1-b2\/","name":"Activit\u00e9 FLE sur la Chandeleur et la tradition des cr\u00eapes - Recette en vid\u00e9o et quiz (B1-B2) - Ludovic Pedrocchi - profesordefrancesenmadrid.com","isPartOf":{"@id":"https:\/\/profesordefrancesenmadrid.com\/#website"},"primaryImageOfPage":{"@id":"https:\/\/profesordefrancesenmadrid.com\/index.php\/2023\/02\/02\/activite-fle-sur-la-chandeleur-et-la-tradition-des-crepes-recette-en-video-et-quiz-b1-b2\/#primaryimage"},"image":{"@id":"https:\/\/profesordefrancesenmadrid.com\/index.php\/2023\/02\/02\/activite-fle-sur-la-chandeleur-et-la-tradition-des-crepes-recette-en-video-et-quiz-b1-b2\/#primaryimage"},"thumbnailUrl":"https:\/\/i0.wp.com\/profesordefrancesenmadrid.com\/wp-content\/uploads\/2023\/01\/Chandeleur.jpg?fit=1024%2C576&ssl=1","datePublished":"2023-02-02T00:00:00+00:00","description":"La recette des cr\u00eapes en vid\u00e9o \u00e0 l'occasion de ce 2 f\u00e9vrier 2023, jour de la Chandeleur ! Avec un quiz FLE de niveau B1-B2.","breadcrumb":{"@id":"https:\/\/profesordefrancesenmadrid.com\/index.php\/2023\/02\/02\/activite-fle-sur-la-chandeleur-et-la-tradition-des-crepes-recette-en-video-et-quiz-b1-b2\/#breadcrumb"},"inLanguage":"es","potentialAction":[{"@type":"ReadAction","target":["https:\/\/profesordefrancesenmadrid.com\/index.php\/2023\/02\/02\/activite-fle-sur-la-chandeleur-et-la-tradition-des-crepes-recette-en-video-et-quiz-b1-b2\/"]}]},{"@type":"ImageObject","inLanguage":"es","@id":"https:\/\/profesordefrancesenmadrid.com\/index.php\/2023\/02\/02\/activite-fle-sur-la-chandeleur-et-la-tradition-des-crepes-recette-en-video-et-quiz-b1-b2\/#primaryimage","url":"https:\/\/i0.wp.com\/profesordefrancesenmadrid.com\/wp-content\/uploads\/2023\/01\/Chandeleur.jpg?fit=1024%2C576&ssl=1","contentUrl":"https:\/\/i0.wp.com\/profesordefrancesenmadrid.com\/wp-content\/uploads\/2023\/01\/Chandeleur.jpg?fit=1024%2C576&ssl=1","width":1024,"height":576},{"@type":"BreadcrumbList","@id":"https:\/\/profesordefrancesenmadrid.com\/index.php\/2023\/02\/02\/activite-fle-sur-la-chandeleur-et-la-tradition-des-crepes-recette-en-video-et-quiz-b1-b2\/#breadcrumb","itemListElement":[{"@type":"ListItem","position":1,"name":"Accueil","item":"https:\/\/profesordefrancesenmadrid.com\/"},{"@type":"ListItem","position":2,"name":"Activit\u00e9 FLE sur la Chandeleur et la tradition des cr\u00eapes &#8211; Recette en vid\u00e9o et quiz (B1-B2)"}]},{"@type":"WebSite","@id":"https:\/\/profesordefrancesenmadrid.com\/#website","url":"https:\/\/profesordefrancesenmadrid.com\/","name":"Ludovic Pedrocchi","description":"Profesor de franc\u00e9s en Madrid desde 2007","publisher":{"@id":"https:\/\/profesordefrancesenmadrid.com\/#organization"},"potentialAction":[{"@type":"SearchAction","target":{"@type":"EntryPoint","urlTemplate":"https:\/\/profesordefrancesenmadrid.com\/?s={search_term_string}"},"query-input":{"@type":"PropertyValueSpecification","valueRequired":true,"valueName":"search_term_string"}}],"inLanguage":"es"},{"@type":"Organization","@id":"https:\/\/profesordefrancesenmadrid.com\/#organization","name":"Profesor de franc\u00e9s en Madrid","url":"https:\/\/profesordefrancesenmadrid.com\/","logo":{"@type":"ImageObject","inLanguage":"es","@id":"https:\/\/profesordefrancesenmadrid.com\/#\/schema\/logo\/image\/","url":"https:\/\/i0.wp.com\/profesordefrancesenmadrid.com\/wp-content\/uploads\/2019\/11\/logo-retina4.png?fit=531%2C64&ssl=1","contentUrl":"https:\/\/i0.wp.com\/profesordefrancesenmadrid.com\/wp-content\/uploads\/2019\/11\/logo-retina4.png?fit=531%2C64&ssl=1","width":531,"height":64,"caption":"Profesor de franc\u00e9s en Madrid"},"image":{"@id":"https:\/\/profesordefrancesenmadrid.com\/#\/schema\/logo\/image\/"},"sameAs":["https:\/\/www.facebook.com\/profesordefrancesenmadrid","https:\/\/x.com\/ldpedrocchi","https:\/\/www.instagram.com\/ludovicpedrocchi\/","https:\/\/www.linkedin.com\/company\/profesordefrancesenmadrid\/","https:\/\/www.youtube.com\/channel\/UCDJoG_2eg4zNu5TEKKnWeOQ"]},{"@type":"Person","@id":"https:\/\/profesordefrancesenmadrid.com\/#\/schema\/person\/0a1adb2c1b651c291c5cbaa79681b408","name":"Ludovic Pedrocchi","image":{"@type":"ImageObject","inLanguage":"es","@id":"https:\/\/secure.gravatar.com\/avatar\/a387eb8654fbe06abe0aaf65349da28f127b1ca3febe9d85747b79a97a1446c2?s=96&d=mm&r=g","url":"https:\/\/secure.gravatar.com\/avatar\/a387eb8654fbe06abe0aaf65349da28f127b1ca3febe9d85747b79a97a1446c2?s=96&d=mm&r=g","contentUrl":"https:\/\/secure.gravatar.com\/avatar\/a387eb8654fbe06abe0aaf65349da28f127b1ca3febe9d85747b79a97a1446c2?s=96&d=mm&r=g","caption":"Ludovic Pedrocchi"},"sameAs":["http:\/\/www.profesordefrancesenmadrid.com"],"url":"https:\/\/profesordefrancesenmadrid.com\/index.php\/author\/ludovicpedrocchi\/"}]}},"jetpack_publicize_connections":[],"jetpack_featured_media_url":"https:\/\/i0.wp.com\/profesordefrancesenmadrid.com\/wp-content\/uploads\/2023\/01\/Chandeleur.jpg?fit=1024%2C576&ssl=1","jetpack_sharing_enabled":true,"jetpack_likes_enabled":true,"jetpack-related-posts":[],"rttpg_featured_image_url":{"full":["https:\/\/i0.wp.com\/profesordefrancesenmadrid.com\/wp-content\/uploads\/2023\/01\/Chandeleur.jpg?fit=1024%2C576&ssl=1",1024,576,false],"landscape":["https:\/\/profesordefrancesenmadrid.com\/wp-content\/uploads\/2023\/01\/Chandeleur.jpg",1024,576,false],"portraits":["https:\/\/profesordefrancesenmadrid.com\/wp-content\/uploads\/2023\/01\/Chandeleur.jpg",1024,576,false],"thumbnail":["https:\/\/i0.wp.com\/profesordefrancesenmadrid.com\/wp-content\/uploads\/2023\/01\/Chandeleur.jpg?resize=150%2C150&ssl=1",150,150,true],"medium":["https:\/\/i0.wp.com\/profesordefrancesenmadrid.com\/wp-content\/uploads\/2023\/01\/Chandeleur.jpg?fit=300%2C169&ssl=1",300,169,true],"large":["https:\/\/i0.wp.com\/profesordefrancesenmadrid.com\/wp-content\/uploads\/2023\/01\/Chandeleur.jpg?fit=790%2C444&ssl=1",790,444,true],"1536x1536":["https:\/\/i0.wp.com\/profesordefrancesenmadrid.com\/wp-content\/uploads\/2023\/01\/Chandeleur.jpg?fit=1024%2C576&ssl=1",1024,576,true],"2048x2048":["https:\/\/i0.wp.com\/profesordefrancesenmadrid.com\/wp-content\/uploads\/2023\/01\/Chandeleur.jpg?fit=1024%2C576&ssl=1",1024,576,true],"screenr-blog-grid-small":["https:\/\/i0.wp.com\/profesordefrancesenmadrid.com\/wp-content\/uploads\/2023\/01\/Chandeleur.jpg?resize=350%2C200&ssl=1",350,200,true],"screenr-blog-grid":["https:\/\/i0.wp.com\/profesordefrancesenmadrid.com\/wp-content\/uploads\/2023\/01\/Chandeleur.jpg?resize=540%2C300&ssl=1",540,300,true],"screenr-blog-list":["https:\/\/i0.wp.com\/profesordefrancesenmadrid.com\/wp-content\/uploads\/2023\/01\/Chandeleur.jpg?resize=790%2C400&ssl=1",790,400,true],"screenr-service-small":["https:\/\/i0.wp.com\/profesordefrancesenmadrid.com\/wp-content\/uploads\/2023\/01\/Chandeleur.jpg?resize=538%2C280&ssl=1",538,280,true],"screenr-thumbnail-team":["https:\/\/i0.wp.com\/profesordefrancesenmadrid.com\/wp-content\/uploads\/2023\/01\/Chandeleur.jpg?resize=340%2C220&ssl=1",340,220,true]},"rttpg_author":{"display_name":"Ludovic Pedrocchi","author_link":"https:\/\/profesordefrancesenmadrid.com\/index.php\/author\/ludovicpedrocchi\/"},"rttpg_comment":0,"rttpg_category":"<a href=\"https:\/\/profesordefrancesenmadrid.com\/index.php\/category\/aprender\/\" rel=\"category tag\">Aprender<\/a> <a href=\"https:\/\/profesordefrancesenmadrid.com\/index.php\/category\/cultura-francesa-en-madrid\/\" rel=\"category tag\">Cultura Francesa<\/a> <a href=\"https:\/\/profesordefrancesenmadrid.com\/index.php\/category\/cultura-francesa-en-madrid\/gastronomie\/\" rel=\"category tag\">Gastronomie<\/a> <a href=\"https:\/\/profesordefrancesenmadrid.com\/index.php\/category\/vocabulaire\/\" rel=\"category tag\">Vocabulaire<\/a>","rttpg_excerpt":"&nbsp; La Chandeleur, appel&eacute;e aussi F&ecirc;te des chandelles, a une origine pa&iuml;enne li&eacute;e &agrave; la lumi&egrave;re : la festa candelarum (&ldquo;candelorum&rdquo; signifiant chandelles). Cette f&ecirc;te a &eacute;volu&eacute; dans le temps.Ainsi, les romains f&ecirc;taient les Lupercales vers le 15 f&eacute;vrier. Ces f&ecirc;tes c&eacute;l&eacute;braient la lumi&egrave;re et le retour du soleil, les...","_links":{"self":[{"href":"https:\/\/profesordefrancesenmadrid.com\/index.php\/wp-json\/wp\/v2\/posts\/10095","targetHints":{"allow":["GET"]}}],"collection":[{"href":"https:\/\/profesordefrancesenmadrid.com\/index.php\/wp-json\/wp\/v2\/posts"}],"about":[{"href":"https:\/\/profesordefrancesenmadrid.com\/index.php\/wp-json\/wp\/v2\/types\/post"}],"author":[{"embeddable":true,"href":"https:\/\/profesordefrancesenmadrid.com\/index.php\/wp-json\/wp\/v2\/users\/3"}],"replies":[{"embeddable":true,"href":"https:\/\/profesordefrancesenmadrid.com\/index.php\/wp-json\/wp\/v2\/comments?post=10095"}],"version-history":[{"count":3,"href":"https:\/\/profesordefrancesenmadrid.com\/index.php\/wp-json\/wp\/v2\/posts\/10095\/revisions"}],"predecessor-version":[{"id":10100,"href":"https:\/\/profesordefrancesenmadrid.com\/index.php\/wp-json\/wp\/v2\/posts\/10095\/revisions\/10100"}],"wp:featuredmedia":[{"embeddable":true,"href":"https:\/\/profesordefrancesenmadrid.com\/index.php\/wp-json\/wp\/v2\/media\/10097"}],"wp:attachment":[{"href":"https:\/\/profesordefrancesenmadrid.com\/index.php\/wp-json\/wp\/v2\/media?parent=10095"}],"wp:term":[{"taxonomy":"category","embeddable":true,"href":"https:\/\/profesordefrancesenmadrid.com\/index.php\/wp-json\/wp\/v2\/categories?post=10095"},{"taxonomy":"post_tag","embeddable":true,"href":"https:\/\/profesordefrancesenmadrid.com\/index.php\/wp-json\/wp\/v2\/tags?post=10095"}],"curies":[{"name":"wp","href":"https:\/\/api.w.org\/{rel}","templated":true}]}}